{"id":12523,"date":"2020-03-26T10:38:58","date_gmt":"2020-03-26T09:38:58","guid":{"rendered":"http:\/\/bisbalpenedes.com\/web\/?p=12523"},"modified":"2020-03-26T10:38:58","modified_gmt":"2020-03-26T09:38:58","slug":"sha-habilitat-un-canal-web-per-a-les-persones-que-necessitin-realitzar-cremes-de-restes-agricoles","status":"publish","type":"post","link":"https:\/\/bisbalpenedes.com\/web\/2020\/03\/26\/sha-habilitat-un-canal-web-per-a-les-persones-que-necessitin-realitzar-cremes-de-restes-agricoles\/","title":{"rendered":"S&#8217;ha habilitat un canal web per a les persones que necessitin realitzar cremes de restes agr\u00edcoles"},"content":{"rendered":"<p><span style=\"color: #000000;\">El Departament d\u2019Agricultura, Ramaderia, Pesca i Alimentaci\u00f3 ha habilitat un canal a la seva p\u00e0gina web per tal que aquelles persones que necessitin realitzar cremes de restes agr\u00edcoles, com a part de la seva activitat, ho puguin sol\u00b7licitar mentre durin les mesures excepcionals.<\/span><\/p>\n<p><span style=\"color: #000000;\">Trobareu m\u00e9s informaci\u00f3 als seg\u00fcents enlla\u00e7os:<\/span><\/p>\n<p><a href=\"http:\/\/agricultura.gencat.cat\/ca\/ambits\/medi-natural\/gestio-forestal\/\">http:\/\/agricultura.gencat.cat\/ca\/ambits\/medi-natural\/gestio-forestal\/<\/a><\/p>\n<p><a href=\"http:\/\/agricultura.gencat.cat\/ca\/ambits\/medi-natural\/gestio-forestal\/crema-brancatge-restes-vegetals\/\">http:\/\/agricultura.gencat.cat\/ca\/ambits\/medi-natural\/gestio-forestal\/crema-brancatge-restes-vegetals\/<\/a><\/p>\n<p><span style=\"color: #000000;\">\u00a0Aquestes autoritzacions estan destinades exclusivament <strong>a les persones que es dediquen a les activitats agr\u00e0ries <\/strong>per realitzar aquells treballs necessaris dins del cicle dels cultius.<\/span><\/p>\n<hr \/>\n<p><span style=\"color: #000000;\"><strong>CASTELLANO |<\/strong> El Departamento de Agricultura, Ganader\u00eda, Pesca y Alimentaci\u00f3n ha habilitado un canal en su p\u00e1gina web por tal que aquellas personas que necesiten realizar quemas de restos agr\u00edcolas, como parte de su actividad, lo puedan solicitar mientras duren las medidas excepcionales.<\/span><\/p>\n<p><span style=\"color: #000000;\">Encontrar\u00e9is m\u00e1s informaci\u00f3n en los siguientes enlaces:<\/span><\/p>\n<p><a href=\"http:\/\/agricultura.gencat.cat\/ca\/ambits\/medi-natural\/gestio-forestal\/\">http:\/\/agricultura.gencat.cat\/ca\/ambits\/medi-natural\/gestio-forestal\/<\/a><\/p>\n<p><a href=\"http:\/\/agricultura.gencat.cat\/ca\/ambits\/medi-natural\/gestio-forestal\/crema-brancatge-restes-vegetals\/\">http:\/\/agricultura.gencat.cat\/ca\/ambits\/medi-natural\/gestio-forestal\/crema-brancatge-restes-vegetals\/<\/a><\/p>\n<p><span style=\"color: #000000;\">Estas autorizaciones est\u00e1n destinadas exclusivamente a las personas que se dedican a las actividades agrarias para realizar aquellos trabajos necesarios dentro del ciclo de los cultivos.<\/span><\/p>\n","protected":false},"excerpt":{"rendered":"<p>El Departament d\u2019Agricultura, Ramaderia, Pesca i Alimentaci\u00f3 ha habilitat un canal a la seva p\u00e0gina web per tal que aquelles persones que necessitin realitzar cremes de restes agr\u00edcoles, com a &hellip; <a href=\"https:\/\/bisbalpenedes.com\/web\/2020\/03\/26\/sha-habilitat-un-canal-web-per-a-les-persones-que-necessitin-realitzar-cremes-de-restes-agricoles\/\" class=\"more-link\">Read More<\/a><\/p>\n","protected":false},"author":4,"featured_media":5683,"comment_status":"closed","ping_status":"closed","sticky":false,"template":"","format":"standard","meta":[],"categories":[3124],"tags":[3620,3621,3619],"_links":{"self":[{"href":"https:\/\/bisbalpenedes.com\/web\/wp-json\/wp\/v2\/posts\/12523"}],"collection":[{"href":"https:\/\/bisbalpenedes.com\/web\/wp-json\/wp\/v2\/posts"}],"about":[{"href":"https:\/\/bisbalpenedes.com\/web\/wp-json\/wp\/v2\/types\/post"}],"author":[{"embeddable":true,"href":"https:\/\/bisbalpenedes.com\/web\/wp-json\/wp\/v2\/users\/4"}],"replies":[{"embeddable":true,"href":"https:\/\/bisbalpenedes.com\/web\/wp-json\/wp\/v2\/comments?post=12523"}],"version-history":[{"count":1,"href":"https:\/\/bisbalpenedes.com\/web\/wp-json\/wp\/v2\/posts\/12523\/revisions"}],"predecessor-version":[{"id":12524,"href":"https:\/\/bisbalpenedes.com\/web\/wp-json\/wp\/v2\/posts\/12523\/revisions\/12524"}],"wp:featuredmedia":[{"embeddable":true,"href":"https:\/\/bisbalpenedes.com\/web\/wp-json\/wp\/v2\/media\/5683"}],"wp:attachment":[{"href":"https:\/\/bisbalpenedes.com\/web\/wp-json\/wp\/v2\/media?parent=12523"}],"wp:term":[{"taxonomy":"category","embeddable":true,"href":"https:\/\/bisbalpenedes.com\/web\/wp-json\/wp\/v2\/categories?post=12523"},{"taxonomy":"post_tag","embeddable":true,"href":"https:\/\/bisbalpenedes.com\/web\/wp-json\/wp\/v2\/tags?post=12523"}],"curies":[{"name":"wp","href":"https:\/\/api.w.org\/{rel}","templated":true}]}}