{"id":12521,"date":"2020-03-26T09:55:04","date_gmt":"2020-03-26T08:55:04","guid":{"rendered":"http:\/\/bisbalpenedes.com\/web\/?p=12521"},"modified":"2020-03-26T09:55:16","modified_gmt":"2020-03-26T08:55:16","slug":"actualitzacio-de-lavis-per-neu","status":"publish","type":"post","link":"https:\/\/bisbalpenedes.com\/web\/2020\/03\/26\/actualitzacio-de-lavis-per-neu\/","title":{"rendered":"Actualitzaci\u00f3 de l&#8217;Av\u00eds per neu"},"content":{"rendered":"<p style=\"text-align: justify;\"><span style=\"color: #000000;\">Segons els mapes de predicci\u00f3 publicats avui, finalment sembla que al Baix Pened\u00e8s no hi hauria perill relacionat amb la nevada prevista.<\/span><\/p>\n<p style=\"text-align: justify;\"><span style=\"color: #000000;\">&#8212;<\/span><\/p>\n<p style=\"text-align: justify;\"><span style=\"color: #000000;\">Seg\u00fan los mapas de predicci\u00f3n publicados hoy \u00a0finalmente parece que en el Baix Pened\u00e8s no habr\u00eda peligro relacionado con la nevada prevista.<br \/>\n[vimeo width=&#8221;600&#8243; height=&#8221;365&#8243; video_id=&#8221;&#8221;]<a href=\"http:\/\/bisbalpenedes.com\/web\/wp-content\/uploads\/2020\/03\/E89AAE7F-C9CF-435D-A3AB-262CDAEB3D8F.jpeg\"><img loading=\"lazy\" class=\"aligncenter size-large wp-image-12519\" src=\"http:\/\/bisbalpenedes.com\/web\/wp-content\/uploads\/2020\/03\/E89AAE7F-C9CF-435D-A3AB-262CDAEB3D8F-1024x1024.jpeg\" alt=\"Avis per neu\" width=\"630\" height=\"630\" srcset=\"https:\/\/bisbalpenedes.com\/web\/wp-content\/uploads\/2020\/03\/E89AAE7F-C9CF-435D-A3AB-262CDAEB3D8F-1024x1024.jpeg 1024w, https:\/\/bisbalpenedes.com\/web\/wp-content\/uploads\/2020\/03\/E89AAE7F-C9CF-435D-A3AB-262CDAEB3D8F-300x300.jpeg 300w, https:\/\/bisbalpenedes.com\/web\/wp-content\/uploads\/2020\/03\/E89AAE7F-C9CF-435D-A3AB-262CDAEB3D8F-100x100.jpeg 100w, https:\/\/bisbalpenedes.com\/web\/wp-content\/uploads\/2020\/03\/E89AAE7F-C9CF-435D-A3AB-262CDAEB3D8F-600x600.jpeg 600w, https:\/\/bisbalpenedes.com\/web\/wp-content\/uploads\/2020\/03\/E89AAE7F-C9CF-435D-A3AB-262CDAEB3D8F-150x150.jpeg 150w, https:\/\/bisbalpenedes.com\/web\/wp-content\/uploads\/2020\/03\/E89AAE7F-C9CF-435D-A3AB-262CDAEB3D8F-768x768.jpeg 768w, https:\/\/bisbalpenedes.com\/web\/wp-content\/uploads\/2020\/03\/E89AAE7F-C9CF-435D-A3AB-262CDAEB3D8F.jpeg 1656w\" sizes=\"(max-width: 630px) 100vw, 630px\" \/><\/a><br \/>\n<\/span><\/p>\n","protected":false},"excerpt":{"rendered":"<p>Segons els mapes de predicci\u00f3 publicats avui, finalment sembla que al Baix Pened\u00e8s no hi hauria perill relacionat amb la nevada prevista. &#8212; Seg\u00fan los mapas de predicci\u00f3n publicados hoy &hellip; <a href=\"https:\/\/bisbalpenedes.com\/web\/2020\/03\/26\/actualitzacio-de-lavis-per-neu\/\" class=\"more-link\">Read More<\/a><\/p>\n","protected":false},"author":4,"featured_media":12519,"comment_status":"closed","ping_status":"closed","sticky":false,"template":"","format":"standard","meta":[],"categories":[2543],"tags":[129,3618],"_links":{"self":[{"href":"https:\/\/bisbalpenedes.com\/web\/wp-json\/wp\/v2\/posts\/12521"}],"collection":[{"href":"https:\/\/bisbalpenedes.com\/web\/wp-json\/wp\/v2\/posts"}],"about":[{"href":"https:\/\/bisbalpenedes.com\/web\/wp-json\/wp\/v2\/types\/post"}],"author":[{"embeddable":true,"href":"https:\/\/bisbalpenedes.com\/web\/wp-json\/wp\/v2\/users\/4"}],"replies":[{"embeddable":true,"href":"https:\/\/bisbalpenedes.com\/web\/wp-json\/wp\/v2\/comments?post=12521"}],"version-history":[{"count":1,"href":"https:\/\/bisbalpenedes.com\/web\/wp-json\/wp\/v2\/posts\/12521\/revisions"}],"predecessor-version":[{"id":12522,"href":"https:\/\/bisbalpenedes.com\/web\/wp-json\/wp\/v2\/posts\/12521\/revisions\/12522"}],"wp:featuredmedia":[{"embeddable":true,"href":"https:\/\/bisbalpenedes.com\/web\/wp-json\/wp\/v2\/media\/12519"}],"wp:attachment":[{"href":"https:\/\/bisbalpenedes.com\/web\/wp-json\/wp\/v2\/media?parent=12521"}],"wp:term":[{"taxonomy":"category","embeddable":true,"href":"https:\/\/bisbalpenedes.com\/web\/wp-json\/wp\/v2\/categories?post=12521"},{"taxonomy":"post_tag","embeddable":true,"href":"https:\/\/bisbalpenedes.com\/web\/wp-json\/wp\/v2\/tags?post=12521"}],"curies":[{"name":"wp","href":"https:\/\/api.w.org\/{rel}","templated":true}]}}