{"id":12518,"date":"2020-03-26T00:12:19","date_gmt":"2020-03-25T23:12:19","guid":{"rendered":"http:\/\/bisbalpenedes.com\/web\/?p=12518"},"modified":"2020-03-26T00:12:19","modified_gmt":"2020-03-25T23:12:19","slug":"avis-per-neu-per-al-dijous-26-de-marc","status":"publish","type":"post","link":"https:\/\/bisbalpenedes.com\/web\/2020\/03\/26\/avis-per-neu-per-al-dijous-26-de-marc\/","title":{"rendered":"Av\u00eds per neu per al dijous 26 de mar\u00e7"},"content":{"rendered":"<p><span style=\"color: #000000;\">Av\u00eds per neu em\u00e8s pel Servei Meteorol\u00f2gic de Catalunya per al dijous 26 de mar\u00e7.<\/span><\/p>\n<hr \/>\n<p><span style=\"color: #000000;\">Aviso por nieve emitido por el Servei Meteorol\u00f2gic de Catalunya para el jueves 26 de marzo.<\/span><\/p>\n<p><a href=\"http:\/\/bisbalpenedes.com\/web\/wp-content\/uploads\/2020\/03\/E89AAE7F-C9CF-435D-A3AB-262CDAEB3D8F.jpeg\"><img loading=\"lazy\" class=\"aligncenter size-large wp-image-12519\" src=\"http:\/\/bisbalpenedes.com\/web\/wp-content\/uploads\/2020\/03\/E89AAE7F-C9CF-435D-A3AB-262CDAEB3D8F-1024x1024.jpeg\" alt=\"Avis per neu\" width=\"630\" height=\"630\" srcset=\"https:\/\/bisbalpenedes.com\/web\/wp-content\/uploads\/2020\/03\/E89AAE7F-C9CF-435D-A3AB-262CDAEB3D8F-1024x1024.jpeg 1024w, https:\/\/bisbalpenedes.com\/web\/wp-content\/uploads\/2020\/03\/E89AAE7F-C9CF-435D-A3AB-262CDAEB3D8F-300x300.jpeg 300w, https:\/\/bisbalpenedes.com\/web\/wp-content\/uploads\/2020\/03\/E89AAE7F-C9CF-435D-A3AB-262CDAEB3D8F-100x100.jpeg 100w, https:\/\/bisbalpenedes.com\/web\/wp-content\/uploads\/2020\/03\/E89AAE7F-C9CF-435D-A3AB-262CDAEB3D8F-600x600.jpeg 600w, https:\/\/bisbalpenedes.com\/web\/wp-content\/uploads\/2020\/03\/E89AAE7F-C9CF-435D-A3AB-262CDAEB3D8F-150x150.jpeg 150w, https:\/\/bisbalpenedes.com\/web\/wp-content\/uploads\/2020\/03\/E89AAE7F-C9CF-435D-A3AB-262CDAEB3D8F-768x768.jpeg 768w, https:\/\/bisbalpenedes.com\/web\/wp-content\/uploads\/2020\/03\/E89AAE7F-C9CF-435D-A3AB-262CDAEB3D8F.jpeg 1656w\" sizes=\"(max-width: 630px) 100vw, 630px\" \/><\/a><\/p>\n","protected":false},"excerpt":{"rendered":"<p>Av\u00eds per neu em\u00e8s pel Servei Meteorol\u00f2gic de Catalunya per al dijous 26 de mar\u00e7. Aviso por nieve emitido por el Servei Meteorol\u00f2gic de Catalunya para el jueves 26 de &hellip; <a href=\"https:\/\/bisbalpenedes.com\/web\/2020\/03\/26\/avis-per-neu-per-al-dijous-26-de-marc\/\" class=\"more-link\">Read More<\/a><\/p>\n","protected":false},"author":4,"featured_media":12519,"comment_status":"closed","ping_status":"closed","sticky":false,"template":"","format":"standard","meta":[],"categories":[2543],"tags":[1188,3618,1338,131,2570],"_links":{"self":[{"href":"https:\/\/bisbalpenedes.com\/web\/wp-json\/wp\/v2\/posts\/12518"}],"collection":[{"href":"https:\/\/bisbalpenedes.com\/web\/wp-json\/wp\/v2\/posts"}],"about":[{"href":"https:\/\/bisbalpenedes.com\/web\/wp-json\/wp\/v2\/types\/post"}],"author":[{"embeddable":true,"href":"https:\/\/bisbalpenedes.com\/web\/wp-json\/wp\/v2\/users\/4"}],"replies":[{"embeddable":true,"href":"https:\/\/bisbalpenedes.com\/web\/wp-json\/wp\/v2\/comments?post=12518"}],"version-history":[{"count":1,"href":"https:\/\/bisbalpenedes.com\/web\/wp-json\/wp\/v2\/posts\/12518\/revisions"}],"predecessor-version":[{"id":12520,"href":"https:\/\/bisbalpenedes.com\/web\/wp-json\/wp\/v2\/posts\/12518\/revisions\/12520"}],"wp:featuredmedia":[{"embeddable":true,"href":"https:\/\/bisbalpenedes.com\/web\/wp-json\/wp\/v2\/media\/12519"}],"wp:attachment":[{"href":"https:\/\/bisbalpenedes.com\/web\/wp-json\/wp\/v2\/media?parent=12518"}],"wp:term":[{"taxonomy":"category","embeddable":true,"href":"https:\/\/bisbalpenedes.com\/web\/wp-json\/wp\/v2\/categories?post=12518"},{"taxonomy":"post_tag","embeddable":true,"href":"https:\/\/bisbalpenedes.com\/web\/wp-json\/wp\/v2\/tags?post=12518"}],"curies":[{"name":"wp","href":"https:\/\/api.w.org\/{rel}","templated":true}]}}