{"id":12510,"date":"2020-03-25T14:01:19","date_gmt":"2020-03-25T13:01:19","guid":{"rendered":"http:\/\/bisbalpenedes.com\/web\/?p=12510"},"modified":"2020-03-30T13:45:51","modified_gmt":"2020-03-30T12:45:51","slug":"lajuntament-de-la-bisbal-del-penedes-sha-adherit-al-manifest-dels-ens-locals-davant-la-crisi-del-coronavirus","status":"publish","type":"post","link":"https:\/\/bisbalpenedes.com\/web\/2020\/03\/25\/lajuntament-de-la-bisbal-del-penedes-sha-adherit-al-manifest-dels-ens-locals-davant-la-crisi-del-coronavirus\/","title":{"rendered":"L\u2019Ajuntament de la Bisbal del Pened\u00e8s s\u2019ha adherit al \u201cManifest dels ens locals davant la crisi del coronavirus\u201d"},"content":{"rendered":"<p style=\"text-align: justify;\"><span style=\"color: #000000;\">L\u2019Ajuntament de la Bisbal del Pened\u00e8s s\u2019ha adherit al \u201cManifest dels ens locals davant la crisi del coronavirus\u201d de l\u2019Associaci\u00f3 Catalana de Municipis (ACM) i la Federaci\u00f3 de Municipis de Catalunya (FMC), mitjan\u00e7ant la signatura d\u2019un Decret d\u2019alcaldia. El manifest exposa el posicionament i les demandes del m\u00f3n local davant la crisi generada per la pand\u00e8mia del COVID-19 i mostra el suport i condol a les persones i fam\u00edlies que han perdut els seus \u00e9ssers estimats. Tamb\u00e9 envia un missatge d\u2019\u00e0nim a les persones que s\u2019han contagiat i estan a casa o als hospitals i s\u2019agraeix la feina de totes aquelles persones que treballen en serveis essencials, especialment als professionals sanitaris i als equips d\u2019emerg\u00e8ncia. \u00a0<\/span><\/p>\n<p style=\"text-align: justify;\"><span style=\"color: #000000;\">Decret signat:\u00a0<a href=\"http:\/\/bisbalpenedes.com\/web\/wp-content\/uploads\/2020\/03\/Decret-adhesio-al-manifest-ACM-signat.pdf\">Decret adhesio al manifest ACM signat<\/a><\/span><\/p>\n<hr \/>\n<p style=\"text-align: justify;\"><span style=\"color: #000000;\"><strong>CASTELLANO |<\/strong> El Ayuntamiento de la Bisbal del Pened\u00e8s se ha adherido al \u201cManifiesto de los entes locales ante la crisis del coronavirus\u201d de la Associaci\u00f3 Catalana de Municipis (ACM) y la Federaci\u00f3n de Municipios de Catalunya (FMC), mediante la firma de un Decreto de alcald\u00eda.\u00a0 El manifiesto expone el posicionamiento y las demandas del mundo local ante la crisis generada por la pandemia del COVID-19 y muestra el apoyo y el p\u00e9same hacia las personas y familias que han perdido a sus seres queridos. Tambi\u00e9n hace llegar un mensaje de \u00e1nimo a las personas que se han contagiado y est\u00e1n en casa o en los hospitales y agradece el trabajo de todas aquellas personas que trabajan en servicios esenciales, especialmente a los profesionales sanitarios y a los equipos de emergencia.<\/span><\/p>\n<p style=\"text-align: justify;\"><span style=\"color: #000000;\">Decreto firmado:\u00a0<a href=\"http:\/\/bisbalpenedes.com\/web\/wp-content\/uploads\/2020\/03\/Decret-adhesio-al-manifest-ACM-signat.pdf\">Decret adhesio al manifest ACM signat<\/a><\/span><\/p>\n<hr \/>\n<p style=\"text-align: justify;\"><span style=\"color: #000000;\"><strong>DECRET D\u2019ADHESI\u00d3 AL \u201cMANIFEST DELS ENS LOCALS DAVANT LA CRISI DEL CORONAVIRUS\u201d<\/strong><\/span><\/p>\n<p style=\"text-align: justify;\"><span style=\"color: #000000;\">Atesa la situaci\u00f3 creada per la pand\u00e8mia del Covid-19, l\u2019Associaci\u00f3 Catalana de Municipis i Comarques(ACM), l\u2019Associaci\u00f3 de Micropobles de Catalunya i la Federaci\u00f3 de Municipis de Catalunya (FMC) han acordat un manifest conjunt per exposar la posici\u00f3 i les demandes del m\u00f3n local catal\u00e0 davant l\u2019actual moment de dificultat, al qual manifest demanen l\u2019adhesi\u00f3 dels ens locals del nostre pa\u00eds.<\/span><\/p>\n<p style=\"text-align: justify;\"><span style=\"color: #000000;\">Ateses les atribucions de representaci\u00f3 de l\u2019ajuntament que corresponen a l\u2019alcaldia, en virtut de l\u2019article 21.1 de la Llei 7\/1985, de 2 d\u2019abril, Reguladora de les Bases de R\u00e8gim Local, i de l\u2019article 53.1 del text ref\u00f3s de la Llei Municipal i de R\u00e8gim Local de Catalunya aprovat pel Decret Legislatiu 2\/2003, de 28 d\u2019abril,<\/span><\/p>\n<p style=\"text-align: justify;\"><span style=\"color: #000000;\"><strong>HE RESOLT:<\/strong><\/span><\/p>\n<p style=\"text-align: justify;\"><span style=\"color: #000000;\"><strong>PRIMER.- <\/strong>Manifestar el suport i l\u2019adhesi\u00f3 de l\u2019ajuntament de La Bisbal del Pened\u00e8s al \u201cMANIFEST DELS ENS LOCALS DAVANT LA CRISI DEL CORONAVIRUS\u201d, que es transcriu a continuaci\u00f3:<\/span><\/p>\n<p style=\"text-align: justify;\"><span style=\"color: #000000;\">\u201cEls ens locals de Catalunya, les alcaldesses i alcaldes, les regidores i regidors, davant la crisi generada pel contagi del COVID-19, volem adre\u00e7ar el present manifest a la ciutadania, i tamb\u00e9 a la resta d\u2019administracions, amb el convenciment que hem d\u2019unir esfor\u00e7os per superar l\u2019actual situaci\u00f3.<\/span><\/p>\n<p style=\"text-align: justify;\"><span style=\"color: #000000;\">Catalunya est\u00e0 vivint una situaci\u00f3 excepcional. Dia rere dia comprovem les conseq\u00fc\u00e8ncies de la pand\u00e8mia del COVID-19 en les nostres vides, i l\u2019abast estructural que aquesta t\u00e9 i tindr\u00e0 en el present i futur de la nostra societat. Estem davant d\u2019un moment transcendent de la nostra hist\u00f2ria, i hem d\u2019estar-hi a l\u2019al\u00e7ada des de la responsabilitat col\u00b7lectiva i individual. Per aquest motiu, hem de comen\u00e7ar insistint a la ciutadania que compleixi amb les indicacions que les autoritats sanit\u00e0ries i, en general, les institucions estem dictant per a la prevenci\u00f3 i eradicaci\u00f3 del COVID-19.<\/span><\/p>\n<p style=\"text-align: justify;\"><span style=\"color: #000000;\">La nostra principal prioritat ha de ser tallar de manera efectiva la cadena de transmissi\u00f3 del virus. Per aconseguir-ho, cal un confinament estricte. Cal que tothom es quedi a casa seva amb l\u2019excepci\u00f3 nom\u00e9s d\u2019aquelles persones que treballen en serveis establerts com a essencials. Nom\u00e9s amb aquest confinament efectiu, amb la col\u00b7laboraci\u00f3 i solidaritat de tothom, podrem frenar la propagaci\u00f3 d\u2019aquesta pand\u00e8mia.<\/span><\/p>\n<p style=\"text-align: justify;\"><span style=\"color: #000000;\">Des del m\u00f3n local, demanem a les administracions supramunicipals que les mesures que s\u2019estan prenent a curt termini tinguin com a eix central i com a prioritat la salut de les persones, en especial les m\u00e9s vulnerables al virus, i l\u2019adequaci\u00f3 de les infraestructures sanit\u00e0ries per tal que el personal dels centres hospitalaris puguin desenvolupar la seva tasca amb garanties.<\/span><\/p>\n<p style=\"text-align: justify;\"><span style=\"color: #000000;\">\u00c9s evident que \u00e9s el moment d\u2019estar m\u00e9s que mai al servei de la ciutadania. Per una banda, al costat de les persones que abans de la crisi del COVID-19 ja eren vulnerables i que rebien l\u2019ajut de les administracions en tots els \u00e0mbits. En aquest sentit, s\u2019han de refor\u00e7ar aquestes l\u00ednies d\u2019actuaci\u00f3 i, alhora, habilitar mitjans de pagament no presencials dels ajuts per evitar l\u2019exposici\u00f3 de la ciutadania i dels professionals de l\u2019\u00e0mbit social al contagi.<\/span><\/p>\n<p style=\"text-align: justify;\"><span style=\"color: #000000;\">Per altra banda, tamb\u00e9 hem d\u2019estar al costat de totes aquelles persones que, com a conseq\u00fc\u00e8ncia d\u2019aquesta crisi, es quedaran sense feina. Per aquest motiu, s\u2019ha de dotar de recursos i ajuts per emparar a les fam\u00edlies que ho necessiten. Nom\u00e9s des d\u2019una visi\u00f3 sensible amb les persones i els col\u00b7lectius m\u00e9s vulnerables podrem garantir una sortida real d\u2019aquest context de crisi.<\/span><\/p>\n<p style=\"text-align: justify;\"><span style=\"color: #000000;\">Paral\u00b7lelament, i en l\u2019\u00e0mbit econ\u00f2mic, cal legislar per crear les condicions id\u00f2nies per a qu\u00e8 els aut\u00f2noms, les petites i mitjanes empreses i, en general, el teixit productiu del nostre pa\u00eds pugui tenir un horitz\u00f3 de recuperaci\u00f3 r\u00e0pida amb els menors costos possibles per tornar a la normalitat quan abans millor. No podem permetre que algunes empreses i comer\u00e7os no tornin a obrir. Des de les administracions competents, cal ser contundents per enfortir la reactivaci\u00f3 econ\u00f2mica del nostre teixit empresarial.<\/span><\/p>\n<p style=\"text-align: justify;\"><span style=\"color: #000000;\">Els ens locals som l\u2019administraci\u00f3 m\u00e9s propera a la ciutadania, la primera porta d\u2019acc\u00e9s a les demandes i a les necessitats dels ve\u00efns i ve\u00efnes, i els qui administrem i executem la majoria de les decisions preses per altres administracions. En aquests moments, m\u00e9s que mai, cal una millor coordinaci\u00f3, des de la complicitat i lleialtat institucionals. \u00c9s en aquest sentit que necessitem disposar d\u2019instruments efectius per a donar resposta a la globalitat de les situacions que est\u00e0 generant aquesta crisi.<\/span><\/p>\n<p style=\"text-align: justify;\"><span style=\"color: #000000;\">Per aquest motiu, i en benefici dels ve\u00efns i ve\u00efnes dels pobles i ciutats de Catalunya, des del m\u00f3n local reclamem poder mobilitzar el super\u00e0vit disponible del 2019 sense limitacions, aix\u00ed com flexibilitzar les directrius de la regla de la despesa i l\u2019estabilitat pressupost\u00e0ria; anul\u00b7lar totes les mesures que encara queden de la LRSAL que limiten l\u2019autonomia local; garantir les aportacions previstes de les administracions supramunicipals per a l\u2019any 2020 i poder-les ampliar per les noves necessitats que generar\u00e0 la crisi; contractar persones sense les actuals limitacions, especialment per a donar resposta als nous usuaris de serveis socials que tenim ja avui; redefinir els programes destinats a actuacions municipals o els nous programes de finan\u00e7ament europeu del per\u00edode 2021-2027.<\/span><\/p>\n<p style=\"text-align: justify;\"><span style=\"color: #000000;\">\u00c9s a dir, cal que la normativa que ens afecta als ens locals ens empoderi, de manera que puguem tenir al nostre abast les eines i la capacitat d\u2019adaptaci\u00f3 necess\u00e0ria per a les exig\u00e8ncies que haurem de fer front en els propers mesos i anys com a conseq\u00fc\u00e8ncia de la par\u00e0lisi del COVID-19.<\/span><\/p>\n<p style=\"text-align: justify;\"><span style=\"color: #000000;\">De fet, la crisi del coronavirus \u00e9s i ser\u00e0 el repte m\u00e9s gran que hem tingut en molts anys. Ens posa a prova com a persones, per\u00f2 posa especialment a prova el nostre esperit comunitari. La ciutadania dels pobles, els municipis i les ciutats de Catalunya hem d\u2019actuar conjuntament per a poder superar aquest repte. Estem conven\u00e7uts que ens en sortirem i, per aix\u00f2, mirant l\u2019horitz\u00f3 i entenent aquesta crisi tamb\u00e9 com una oportunitat per a fer una societat m\u00e9s justa, pr\u00f2spera i cohesionada, volem fer una crida a les institucions supramunicipals: aquest futur l\u2019hem de construir des de la coresponsabilitat real i efectiva.<\/span><\/p>\n<p style=\"text-align: justify;\"><span style=\"color: #000000;\">Els governs locals no som nom\u00e9s uns receptors i executors de les pol\u00edtiques europees, estatals o nacionals. Volem ser escoltats, compartir els reptes i prendre decisions des del di\u00e0leg i l\u2019acord. El ens locals podem i volem ser coresponsables de les decisions estructurals que s\u2019han de prendre per a redre\u00e7ar l\u2019actual situaci\u00f3 i afrontar el futur. La nostra proximitat amb la ciutadania, tamb\u00e9 en aquesta situaci\u00f3 que estem patint i vivint actualment, ens fa tenir una especial coneixement i sensibilitat sobre quines s\u00f3n les necessitats, els neguits i les aspiracions de les nostres comunitats locals. Volem participar de la construcci\u00f3 d\u2019aquest nou futur.<\/span><\/p>\n<p style=\"text-align: justify;\"><span style=\"color: #000000;\">Finalment, volem mostrar el nostre suport i el nostre condol m\u00e9s sentit a les persones i fam\u00edlies que han perdut els seus \u00e9ssers estimats; i el nostre \u00e0nim als qui s\u2019han contagiat pel COVID-19 i s\u2019estan a casa o als hospitals.<\/span><\/p>\n<p style=\"text-align: justify;\"><span style=\"color: #000000;\">Al mateix temps, volem agrair sincerament a totes les persones que treballen en serveis essencials per a garantir que donem resposta com a societat en moments dif\u00edcils, especialment a totes i tots els professionals sanitaris i als equips d\u2019emerg\u00e8ncia que, de manera exemplar, treballen dia i nit, incansablement, per revertir aquesta situaci\u00f3. L\u2019esperit de tota aquesta gent \u00e9s el que ha de conduir a mirar al futur amb esperan\u00e7a. Ens en sortirem!\u201d<\/span><\/p>\n<p style=\"text-align: justify;\"><span style=\"color: #000000;\"><strong>SEGON.-<\/strong>\u00a0 Donar compte d\u2019aquesta resoluci\u00f3 al Ple de la corporaci\u00f3 en la propera sessi\u00f3 que se\u2019n celebri.<\/span><\/p>\n<p style=\"text-align: justify;\"><span style=\"color: #000000;\"><strong>TERCER.-<\/strong> Publicar aquesta resoluci\u00f3 al tauler d\u2019edictes de l\u2019Ajuntament i a la web municipal.<\/span><\/p>\n<p style=\"text-align: justify;\"><span style=\"color: #000000;\"><strong>QUART.-<\/strong> Notificar aquest resoluci\u00f3 a les entitats municipalistes que han subscrit el manifest, al Govern de la Generalitat de Catalunya i al Govern de l\u2019Estat.<\/span><\/p>\n<p>&nbsp;<\/p>\n","protected":false},"excerpt":{"rendered":"<p>L\u2019Ajuntament de la Bisbal del Pened\u00e8s s\u2019ha adherit al \u201cManifest dels ens locals davant la crisi del coronavirus\u201d de l\u2019Associaci\u00f3 Catalana de Municipis (ACM) i la Federaci\u00f3 de Municipis de &hellip; <a href=\"https:\/\/bisbalpenedes.com\/web\/2020\/03\/25\/lajuntament-de-la-bisbal-del-penedes-sha-adherit-al-manifest-dels-ens-locals-davant-la-crisi-del-coronavirus\/\" class=\"more-link\">Read More<\/a><\/p>\n","protected":false},"author":4,"featured_media":12511,"comment_status":"closed","ping_status":"closed","sticky":false,"template":"","format":"standard","meta":[],"categories":[2057,3636],"tags":[874,1151,3550,3559,1503,3570,1376,3617],"_links":{"self":[{"href":"https:\/\/bisbalpenedes.com\/web\/wp-json\/wp\/v2\/posts\/12510"}],"collection":[{"href":"https:\/\/bisbalpenedes.com\/web\/wp-json\/wp\/v2\/posts"}],"about":[{"href":"https:\/\/bisbalpenedes.com\/web\/wp-json\/wp\/v2\/types\/post"}],"author":[{"embeddable":true,"href":"https:\/\/bisbalpenedes.com\/web\/wp-json\/wp\/v2\/users\/4"}],"replies":[{"embeddable":true,"href":"https:\/\/bisbalpenedes.com\/web\/wp-json\/wp\/v2\/comments?post=12510"}],"version-history":[{"count":1,"href":"https:\/\/bisbalpenedes.com\/web\/wp-json\/wp\/v2\/posts\/12510\/revisions"}],"predecessor-version":[{"id":12513,"href":"https:\/\/bisbalpenedes.com\/web\/wp-json\/wp\/v2\/posts\/12510\/revisions\/12513"}],"wp:featuredmedia":[{"embeddable":true,"href":"https:\/\/bisbalpenedes.com\/web\/wp-json\/wp\/v2\/media\/12511"}],"wp:attachment":[{"href":"https:\/\/bisbalpenedes.com\/web\/wp-json\/wp\/v2\/media?parent=12510"}],"wp:term":[{"taxonomy":"category","embeddable":true,"href":"https:\/\/bisbalpenedes.com\/web\/wp-json\/wp\/v2\/categories?post=12510"},{"taxonomy":"post_tag","embeddable":true,"href":"https:\/\/bisbalpenedes.com\/web\/wp-json\/wp\/v2\/tags?post=12510"}],"curies":[{"name":"wp","href":"https:\/\/api.w.org\/{rel}","templated":true}]}}