{"id":12508,"date":"2020-03-25T12:27:24","date_gmt":"2020-03-25T11:27:24","guid":{"rendered":"http:\/\/bisbalpenedes.com\/web\/?p=12508"},"modified":"2020-03-25T12:27:24","modified_gmt":"2020-03-25T11:27:24","slug":"el-dilluns-6-dabril-es-fara-la-recollida-mensual-de-mobles-i-voluminosos","status":"publish","type":"post","link":"https:\/\/bisbalpenedes.com\/web\/2020\/03\/25\/el-dilluns-6-dabril-es-fara-la-recollida-mensual-de-mobles-i-voluminosos\/","title":{"rendered":"El dilluns 6 d&#8217;abril es far\u00e0 la recollida mensual de mobles i voluminosos"},"content":{"rendered":"<div style=\"text-align: justify;\"><span style=\"color: #000000;\">La Regidoria de Gesti\u00f3 de Residus informa que el primer dilluns d\u2019abril (dia 6) es far\u00e0 la recollida mensual de mobles i voluminosos.<\/span><\/div>\n<div style=\"text-align: justify;\"><span style=\"color: #000000;\">Els ve\u00efns que es vulguin beneficiar d\u2019aquest servei han de trucar a l\u2019Ajuntament (977688438), de 9h a 14h, de dilluns a divendres. S\u2019ha d\u2019avisar amb un m\u00ednim de 5 dies d\u2019antelaci\u00f3.<\/span><\/div>\n<div style=\"text-align: justify;\"><span style=\"color: #000000;\">Us recordem que el Punt Verd romandr\u00e0 tancat fins a nou av\u00eds per prevenci\u00f3. Per tant, si teniu voluminosos per llen\u00e7ar, cal que els emmagatzemeu a casa fins que passi la situaci\u00f3 d\u2019emerg\u00e8ncia sanit\u00e0ria i es torni a obrir el Punt Verd o que truqueu perqu\u00e8 el dilluns 6 d\u2019abril els vinguem a recollir.<\/span><\/div>\n<div class=\"text_exposed_show\">\n<hr \/>\n<div style=\"text-align: justify;\"><span style=\"color: #000000;\"><b>CASTELLANO |\u00a0<\/b>La Concejal\u00eda de Gesti\u00f3n de Residuos informa que el primer lunes de abril (d\u00eda 6) se har\u00e1 la recogida mensual de muebles y voluminosos.<\/span><\/div>\n<div style=\"text-align: justify;\"><span style=\"color: #000000;\">Los vecinos que se quieran beneficiar de este servicio tienen que llamar al Ayuntamiento (977688438), de 9h a 14h de lunes a viernes, para avisar con un m\u00ednimo de 5 d\u00edas de antelaci\u00f3n.<\/span><\/div>\n<div style=\"text-align: justify;\"><span style=\"color: #000000;\">Os recordamos que el Punt Verd permanecer\u00e1 cerrado hasta nuevo aviso por prevenci\u00f3n. Por lo tanto, si ten\u00e9is voluminosos para tirar, deber\u00e9is almacenarlos en casa hasta que pase la situaci\u00f3n de emergencia sanitaria y se vuelva a abrir el Punt Verd o que llam\u00e9is para que el lunes 6 de abril os los vengamos a recoger.<\/span><\/div>\n<div style=\"text-align: justify;\"><a href=\"http:\/\/bisbalpenedes.com\/web\/wp-content\/uploads\/2018\/01\/Trastos-Vells-Recollida.jpg\"><img loading=\"lazy\" class=\"aligncenter size-large wp-image-4417\" src=\"http:\/\/bisbalpenedes.com\/web\/wp-content\/uploads\/2018\/01\/Trastos-Vells-Recollida-498x1024.jpg\" alt=\"Trastos-Vells-Recollida\" width=\"498\" height=\"1024\" srcset=\"https:\/\/bisbalpenedes.com\/web\/wp-content\/uploads\/2018\/01\/Trastos-Vells-Recollida-498x1024.jpg 498w, https:\/\/bisbalpenedes.com\/web\/wp-content\/uploads\/2018\/01\/Trastos-Vells-Recollida-600x1234.jpg 600w, https:\/\/bisbalpenedes.com\/web\/wp-content\/uploads\/2018\/01\/Trastos-Vells-Recollida-146x300.jpg 146w, https:\/\/bisbalpenedes.com\/web\/wp-content\/uploads\/2018\/01\/Trastos-Vells-Recollida-768x1580.jpg 768w, https:\/\/bisbalpenedes.com\/web\/wp-content\/uploads\/2018\/01\/Trastos-Vells-Recollida.jpg 1240w\" sizes=\"(max-width: 498px) 100vw, 498px\" \/><\/a><\/div>\n<\/div>\n","protected":false},"excerpt":{"rendered":"<p>La Regidoria de Gesti\u00f3 de Residus informa que el primer dilluns d\u2019abril (dia 6) es far\u00e0 la recollida mensual de mobles i voluminosos. Els ve\u00efns que es vulguin beneficiar d\u2019aquest &hellip; <a href=\"https:\/\/bisbalpenedes.com\/web\/2020\/03\/25\/el-dilluns-6-dabril-es-fara-la-recollida-mensual-de-mobles-i-voluminosos\/\" class=\"more-link\">Read More<\/a><\/p>\n","protected":false},"author":4,"featured_media":4417,"comment_status":"closed","ping_status":"closed","sticky":false,"template":"","format":"standard","meta":[],"categories":[3215],"tags":[207,1883,1183],"_links":{"self":[{"href":"https:\/\/bisbalpenedes.com\/web\/wp-json\/wp\/v2\/posts\/12508"}],"collection":[{"href":"https:\/\/bisbalpenedes.com\/web\/wp-json\/wp\/v2\/posts"}],"about":[{"href":"https:\/\/bisbalpenedes.com\/web\/wp-json\/wp\/v2\/types\/post"}],"author":[{"embeddable":true,"href":"https:\/\/bisbalpenedes.com\/web\/wp-json\/wp\/v2\/users\/4"}],"replies":[{"embeddable":true,"href":"https:\/\/bisbalpenedes.com\/web\/wp-json\/wp\/v2\/comments?post=12508"}],"version-history":[{"count":1,"href":"https:\/\/bisbalpenedes.com\/web\/wp-json\/wp\/v2\/posts\/12508\/revisions"}],"predecessor-version":[{"id":12509,"href":"https:\/\/bisbalpenedes.com\/web\/wp-json\/wp\/v2\/posts\/12508\/revisions\/12509"}],"wp:featuredmedia":[{"embeddable":true,"href":"https:\/\/bisbalpenedes.com\/web\/wp-json\/wp\/v2\/media\/4417"}],"wp:attachment":[{"href":"https:\/\/bisbalpenedes.com\/web\/wp-json\/wp\/v2\/media?parent=12508"}],"wp:term":[{"taxonomy":"category","embeddable":true,"href":"https:\/\/bisbalpenedes.com\/web\/wp-json\/wp\/v2\/categories?post=12508"},{"taxonomy":"post_tag","embeddable":true,"href":"https:\/\/bisbalpenedes.com\/web\/wp-json\/wp\/v2\/tags?post=12508"}],"curies":[{"name":"wp","href":"https:\/\/api.w.org\/{rel}","templated":true}]}}