{"id":12498,"date":"2020-03-25T11:55:56","date_gmt":"2020-03-25T10:55:56","guid":{"rendered":"http:\/\/bisbalpenedes.com\/web\/?p=12498"},"modified":"2020-03-30T13:46:07","modified_gmt":"2020-03-30T12:46:07","slug":"continuen-els-treballs-de-desinfeccio-de-carrers-i-zones-del-municipi-amb-mes-afluencia-de-persones","status":"publish","type":"post","link":"https:\/\/bisbalpenedes.com\/web\/2020\/03\/25\/continuen-els-treballs-de-desinfeccio-de-carrers-i-zones-del-municipi-amb-mes-afluencia-de-persones\/","title":{"rendered":"Continuen els treballs de desinfecci\u00f3 de carrers i zones del municipi amb m\u00e9s aflu\u00e8ncia de persones"},"content":{"rendered":"<p><span style=\"color: #000000;\">L&#8217;Ajuntament continua treballant per realitzar tasques de desinfecci\u00f3 als carrers i zones del municipi amb m\u00e9s aflu\u00e8ncia de persones, com ara les vies on hi ha botigues. En aquesta ocasi\u00f3 us mostrem unes fotografies de la neteja que s&#8217;ha fet al carrer Lleida, al davant de la<\/span>\u00a0<a class=\"profileLink\" href=\"https:\/\/www.facebook.com\/residenciaelcolomer\/?__tn__=K-R&amp;eid=ARBslcG2qiVcuvmjTRYzVe62mBHXz8iin8H7tKjfmBsMN0Zukuqzqo8xqI_iYiDfanC-jefQQa0G3mgi&amp;fref=mentions&amp;__xts__%5B0%5D=68.ARA1Np1KqOUYogorX4A7jfH8Z2qsoSiB2xAN-vJQHYFPU-o5krt0ikCAzVltRN9n8G-XeKa7GcaQRq07SqGdy1E25vtF8pscS_0s5xjY3YAOJEwKvU1g4ZTWLiekytRcQrABFiYI_bn8H8mUef67OuGrlH8EdWNF7kD4XX3sc7H8TmY5lcwzeNMwO9f5ir_WiZG-GvPuUx-WnWqrJEo29q4yZpTf0O4--mQfRMfUKufBYFNTyVVXj1isPXglSrsKMxNnNZWdH0BQdgeKiGbx5YIFh25RKVZdGLJWhs-j4ExjIXkAGPYWH4sGQXRBQSeOS1C57MNIcqmXk4WhGBDhJ5pCalrQ\" data-hovercard=\"\/ajax\/hovercard\/page.php?id=561459070673161&amp;extragetparams=%7B%22__tn__%22%3A%22%2CdK-R-R%22%2C%22eid%22%3A%22ARBslcG2qiVcuvmjTRYzVe62mBHXz8iin8H7tKjfmBsMN0Zukuqzqo8xqI_iYiDfanC-jefQQa0G3mgi%22%2C%22fref%22%3A%22mentions%22%7D\" data-hovercard-prefer-more-content-show=\"1\">Resid\u00e8ncia El Colomer<\/a>.<br \/>\n<span style=\"color: #000000;\">Des d&#8217;aqu\u00ed, enviem una abra\u00e7ada per a tots els avis i \u00e0vies i per al personal de la resid\u00e8ncia. Molts \u00e0nims!<\/span><\/p>\n<hr \/>\n<div class=\"text_exposed_show\">\n<p><span style=\"color: #000000;\"><strong>CASTELLANO |<\/strong> El Ayuntamiento contin\u00faa trabajando en la desinfecci\u00f3n de las calles y zonas del municipio con m\u00e1s afluencia de personas, como por ejemplo las v\u00edas donde hay tiendas. En esta ocasi\u00f3n os mostramos unas fotograf\u00edas de la limpieza que se ha hecho en la calle Lleida, delante de la Residencia El Colomer. Desde aqu\u00ed, enviamos un abrazo para todos los abuelos y abuelas y para el personal de la residencia. \u00a1Mucho \u00e1nimo!<\/span><\/p>\n<p><a href=\"http:\/\/bisbalpenedes.com\/web\/wp-content\/uploads\/2020\/03\/PHOTO-2020-03-25-09-50-30.jpg\"><img loading=\"lazy\" class=\"aligncenter size-large wp-image-12499\" src=\"http:\/\/bisbalpenedes.com\/web\/wp-content\/uploads\/2020\/03\/PHOTO-2020-03-25-09-50-30-1024x768.jpg\" alt=\"desinfeccio portes colomer\" width=\"630\" height=\"473\" srcset=\"https:\/\/bisbalpenedes.com\/web\/wp-content\/uploads\/2020\/03\/PHOTO-2020-03-25-09-50-30-1024x768.jpg 1024w, https:\/\/bisbalpenedes.com\/web\/wp-content\/uploads\/2020\/03\/PHOTO-2020-03-25-09-50-30-600x450.jpg 600w, https:\/\/bisbalpenedes.com\/web\/wp-content\/uploads\/2020\/03\/PHOTO-2020-03-25-09-50-30-300x225.jpg 300w, https:\/\/bisbalpenedes.com\/web\/wp-content\/uploads\/2020\/03\/PHOTO-2020-03-25-09-50-30-768x576.jpg 768w, https:\/\/bisbalpenedes.com\/web\/wp-content\/uploads\/2020\/03\/PHOTO-2020-03-25-09-50-30.jpg 1599w\" sizes=\"(max-width: 630px) 100vw, 630px\" \/><\/a><\/p>\n<p><a href=\"http:\/\/bisbalpenedes.com\/web\/wp-content\/uploads\/2020\/03\/PHOTO-2020-03-25-09-50-30_1.jpg\"><img loading=\"lazy\" class=\"aligncenter size-large wp-image-12500\" src=\"http:\/\/bisbalpenedes.com\/web\/wp-content\/uploads\/2020\/03\/PHOTO-2020-03-25-09-50-30_1-1024x768.jpg\" alt=\"DESINFECCIO PORTES COLOMER 2\" width=\"630\" height=\"473\" srcset=\"https:\/\/bisbalpenedes.com\/web\/wp-content\/uploads\/2020\/03\/PHOTO-2020-03-25-09-50-30_1-1024x768.jpg 1024w, https:\/\/bisbalpenedes.com\/web\/wp-content\/uploads\/2020\/03\/PHOTO-2020-03-25-09-50-30_1-600x450.jpg 600w, https:\/\/bisbalpenedes.com\/web\/wp-content\/uploads\/2020\/03\/PHOTO-2020-03-25-09-50-30_1-300x225.jpg 300w, https:\/\/bisbalpenedes.com\/web\/wp-content\/uploads\/2020\/03\/PHOTO-2020-03-25-09-50-30_1-768x576.jpg 768w, https:\/\/bisbalpenedes.com\/web\/wp-content\/uploads\/2020\/03\/PHOTO-2020-03-25-09-50-30_1.jpg 1599w\" sizes=\"(max-width: 630px) 100vw, 630px\" \/><\/a><\/p>\n<\/div>\n","protected":false},"excerpt":{"rendered":"<p>L&#8217;Ajuntament continua treballant per realitzar tasques de desinfecci\u00f3 als carrers i zones del municipi amb m\u00e9s aflu\u00e8ncia de persones, com ara les vies on hi ha botigues. En aquesta ocasi\u00f3 &hellip; <a href=\"https:\/\/bisbalpenedes.com\/web\/2020\/03\/25\/continuen-els-treballs-de-desinfeccio-de-carrers-i-zones-del-municipi-amb-mes-afluencia-de-persones\/\" class=\"more-link\">Read More<\/a><\/p>\n","protected":false},"author":4,"featured_media":12499,"comment_status":"closed","ping_status":"closed","sticky":false,"template":"","format":"standard","meta":[],"categories":[3636,3215],"tags":[1571,3550,3559,3283,3613],"_links":{"self":[{"href":"https:\/\/bisbalpenedes.com\/web\/wp-json\/wp\/v2\/posts\/12498"}],"collection":[{"href":"https:\/\/bisbalpenedes.com\/web\/wp-json\/wp\/v2\/posts"}],"about":[{"href":"https:\/\/bisbalpenedes.com\/web\/wp-json\/wp\/v2\/types\/post"}],"author":[{"embeddable":true,"href":"https:\/\/bisbalpenedes.com\/web\/wp-json\/wp\/v2\/users\/4"}],"replies":[{"embeddable":true,"href":"https:\/\/bisbalpenedes.com\/web\/wp-json\/wp\/v2\/comments?post=12498"}],"version-history":[{"count":2,"href":"https:\/\/bisbalpenedes.com\/web\/wp-json\/wp\/v2\/posts\/12498\/revisions"}],"predecessor-version":[{"id":12648,"href":"https:\/\/bisbalpenedes.com\/web\/wp-json\/wp\/v2\/posts\/12498\/revisions\/12648"}],"wp:featuredmedia":[{"embeddable":true,"href":"https:\/\/bisbalpenedes.com\/web\/wp-json\/wp\/v2\/media\/12499"}],"wp:attachment":[{"href":"https:\/\/bisbalpenedes.com\/web\/wp-json\/wp\/v2\/media?parent=12498"}],"wp:term":[{"taxonomy":"category","embeddable":true,"href":"https:\/\/bisbalpenedes.com\/web\/wp-json\/wp\/v2\/categories?post=12498"},{"taxonomy":"post_tag","embeddable":true,"href":"https:\/\/bisbalpenedes.com\/web\/wp-json\/wp\/v2\/tags?post=12498"}],"curies":[{"name":"wp","href":"https:\/\/api.w.org\/{rel}","templated":true}]}}