{"id":1249,"date":"2015-06-30T17:15:53","date_gmt":"2015-06-30T11:15:53","guid":{"rendered":"http:\/\/bisbalpenedes.com\/web\/?p=1249"},"modified":"2015-06-30T17:15:53","modified_gmt":"2015-06-30T11:15:53","slug":"festa-major-de-lortigos","status":"publish","type":"post","link":"https:\/\/bisbalpenedes.com\/web\/2015\/06\/30\/festa-major-de-lortigos\/","title":{"rendered":"Festa Major de l&#8217;Ortig\u00f3s"},"content":{"rendered":"<p>Despr\u00e9s d&#8217;uns quants anys&#8230; tornem a l&#8217;Ortig\u00f3s de Festa Major el dia 4 de juliol, en una nit de germanor, festa, havaneres, castells i amics&#8230; us hi esperem!<\/p>\n<p><a href=\"http:\/\/bisbalpenedes.com\/web\/wp-content\/uploads\/2015\/06\/FESTA-ORTIGOS-15A_peq.jpg\"><img loading=\"lazy\" src=\"http:\/\/bisbalpenedes.com\/web\/wp-content\/uploads\/2015\/06\/FESTA-ORTIGOS-15A_peq.jpg\" alt=\"\" title=\"FESTA-ORTIGOS-15A_peq\" width=\"638\" height=\"895\" class=\"alignleft size-full wp-image-1250\" srcset=\"https:\/\/bisbalpenedes.com\/web\/wp-content\/uploads\/2015\/06\/FESTA-ORTIGOS-15A_peq.jpg 638w, https:\/\/bisbalpenedes.com\/web\/wp-content\/uploads\/2015\/06\/FESTA-ORTIGOS-15A_peq-600x842.jpg 600w, https:\/\/bisbalpenedes.com\/web\/wp-content\/uploads\/2015\/06\/FESTA-ORTIGOS-15A_peq-213x300.jpg 213w\" sizes=\"(max-width: 638px) 100vw, 638px\" \/><\/a><\/p>\n","protected":false},"excerpt":{"rendered":"<p>Despr\u00e9s d&#8217;uns quants anys&#8230; tornem a l&#8217;Ortig\u00f3s de Festa Major el dia 4 de juliol, en una nit de germanor, festa, havaneres, castells i amics&#8230; us hi esperem!<\/p>\n","protected":false},"author":1,"featured_media":0,"comment_status":"closed","ping_status":"open","sticky":false,"template":"","format":"standard","meta":[],"categories":[13],"tags":[78,137],"_links":{"self":[{"href":"https:\/\/bisbalpenedes.com\/web\/wp-json\/wp\/v2\/posts\/1249"}],"collection":[{"href":"https:\/\/bisbalpenedes.com\/web\/wp-json\/wp\/v2\/posts"}],"about":[{"href":"https:\/\/bisbalpenedes.com\/web\/wp-json\/wp\/v2\/types\/post"}],"author":[{"embeddable":true,"href":"https:\/\/bisbalpenedes.com\/web\/wp-json\/wp\/v2\/users\/1"}],"replies":[{"embeddable":true,"href":"https:\/\/bisbalpenedes.com\/web\/wp-json\/wp\/v2\/comments?post=1249"}],"version-history":[{"count":1,"href":"https:\/\/bisbalpenedes.com\/web\/wp-json\/wp\/v2\/posts\/1249\/revisions"}],"predecessor-version":[{"id":1251,"href":"https:\/\/bisbalpenedes.com\/web\/wp-json\/wp\/v2\/posts\/1249\/revisions\/1251"}],"wp:attachment":[{"href":"https:\/\/bisbalpenedes.com\/web\/wp-json\/wp\/v2\/media?parent=1249"}],"wp:term":[{"taxonomy":"category","embeddable":true,"href":"https:\/\/bisbalpenedes.com\/web\/wp-json\/wp\/v2\/categories?post=1249"},{"taxonomy":"post_tag","embeddable":true,"href":"https:\/\/bisbalpenedes.com\/web\/wp-json\/wp\/v2\/tags?post=1249"}],"curies":[{"name":"wp","href":"https:\/\/api.w.org\/{rel}","templated":true}]}}