{"id":12480,"date":"2020-03-24T19:47:24","date_gmt":"2020-03-24T18:47:24","guid":{"rendered":"http:\/\/bisbalpenedes.com\/web\/?p=12480"},"modified":"2020-03-30T13:47:03","modified_gmt":"2020-03-30T12:47:03","slug":"les-noves-tecnologies-permeten-que-el-curs-de-prevencio-del-deteriorament-neurocognitiu-continui-tot-i-la-situacio-dalarma-generada-pel-covid-19","status":"publish","type":"post","link":"https:\/\/bisbalpenedes.com\/web\/2020\/03\/24\/les-noves-tecnologies-permeten-que-el-curs-de-prevencio-del-deteriorament-neurocognitiu-continui-tot-i-la-situacio-dalarma-generada-pel-covid-19\/","title":{"rendered":"Les noves tecnologies permeten que el curs de prevenci\u00f3 del deteriorament neurocognitiu continu\u00ef tot i la situaci\u00f3 d\u2019alarma generada pel Covid-19"},"content":{"rendered":"<figure id=\"attachment_12481\" aria-describedby=\"caption-attachment-12481\" style=\"width: 630px\" class=\"wp-caption aligncenter\"><a href=\"http:\/\/bisbalpenedes.com\/web\/wp-content\/uploads\/2020\/03\/ESTIMULACIO-NEUROCOGNITIVA-COLLAGHE.png\"><img loading=\"lazy\" class=\"size-large wp-image-12481\" src=\"http:\/\/bisbalpenedes.com\/web\/wp-content\/uploads\/2020\/03\/ESTIMULACIO-NEUROCOGNITIVA-COLLAGHE-1024x819.png\" alt=\"Alguns alumnes del curs treballant des de casa seva\" width=\"630\" height=\"504\" srcset=\"https:\/\/bisbalpenedes.com\/web\/wp-content\/uploads\/2020\/03\/ESTIMULACIO-NEUROCOGNITIVA-COLLAGHE-1024x819.png 1024w, https:\/\/bisbalpenedes.com\/web\/wp-content\/uploads\/2020\/03\/ESTIMULACIO-NEUROCOGNITIVA-COLLAGHE-600x480.png 600w, https:\/\/bisbalpenedes.com\/web\/wp-content\/uploads\/2020\/03\/ESTIMULACIO-NEUROCOGNITIVA-COLLAGHE-300x240.png 300w, https:\/\/bisbalpenedes.com\/web\/wp-content\/uploads\/2020\/03\/ESTIMULACIO-NEUROCOGNITIVA-COLLAGHE-768x614.png 768w, https:\/\/bisbalpenedes.com\/web\/wp-content\/uploads\/2020\/03\/ESTIMULACIO-NEUROCOGNITIVA-COLLAGHE.png 1890w\" sizes=\"(max-width: 630px) 100vw, 630px\" \/><\/a><figcaption id=\"caption-attachment-12481\" class=\"wp-caption-text\">Alguns alumnes del curs treballant des de casa seva<\/figcaption><\/figure>\n<p style=\"text-align: justify;\"><span style=\"color: #000000;\">Els alumnes del curs de prevenci\u00f3 del deteriorament neurocognitiu que imparteix la professora Yolanda Almagro (URV-UOC) continuen, tot i la situaci\u00f3 d\u2019alarma i el confinament. Aprofitant les noves tecnologies, la professora va proposar continuar amb les classes a trav\u00e9s de Whatsapp, per no perdre el fil i continuar amb el curs. De fet, gr\u00e0cies a aquesta iniciativa, els alumnes no han perdut cap classe i cada dijous es connecten durant una hora i mitja o dues hores per compartir les respostes als deures que els ha donat anteriorment la professora, com ara veure un v\u00eddeo o documental i, posteriorment, analitzar conjuntament el seu contingut &#8211; a trav\u00e9s de missatges escrits o de veu &#8211; o dur a terme activitats variades, com per exemple endre\u00e7ar un llistat de paraules per ordre alfab\u00e8tic.<\/span><\/p>\n<p style=\"text-align: justify;\"><span style=\"color: #000000;\">La professora Yolanda Almagro ha explicat que continua treballant per modificar i adaptar el contingut de les classes a aquest nou sistema, que ha vingut condicionat per la situaci\u00f3 actual per\u00f2 que no deixa de ser \u00fatil tamb\u00e9 per aprofitar les noves tecnologies per comunicar-nos i fer que els usuaris se sentin m\u00e9s c\u00f2modes en aquest \u00e0mbit. Almagro se sent satisfeta perqu\u00e8 creu que \u201cles classes per evitar el deteriorament cognitiu funcionen millor que mai i estic contenta que l\u2019Ajuntament tamb\u00e9 ho valori\u201d.<\/span><\/p>\n<p style=\"text-align: justify;\"><span style=\"color: #000000;\">Des de la Regidoria de la Gent Gran felicitem els alumnes per la for\u00e7a de voluntat i l\u2019entusiasme que posen en el curs, tot i trobar-nos en una situaci\u00f3 tan dif\u00edcil, i donem les gr\u00e0cies a la professora Yolanda Almagro per la iniciativa de continuar amb les classes de forma telem\u00e0tica.<\/span><\/p>\n<hr \/>\n<p style=\"text-align: justify;\"><span style=\"color: #000000;\"><strong>CASTELLANO |<\/strong> Los alumnos del curso de prevenci\u00f3n del deterioro neurocognitivo que imparte la profesora Yolanda Almagro (URV-UOC) contin\u00faan, aun con la situaci\u00f3n de alarma y el confinamiento. Aprovechando las nuevas tecnolog\u00edas, la profesora propuso continuar con las clases a trav\u00e9s de Whatsapp para no perder el hilo y continuar con el curso. De hecho, gracias a esta iniciativa, los alumnos han perdido ninguna clase y \u00a0cada jueves se conectan durante una hora y media o dos horas para compartir las respuestas a los deberes que les ha mandado anteriormente la profesora, como por ejemplo ver un v\u00eddeo o un documental y, posteriormente, analizar conjuntamente su contenido\u00a0 &#8211; a trav\u00e9s de mensajes escritos o de voz \u2013 o llevar a cabo actividades variadas, como por ejemplo ordenar un listado por orden alfab\u00e9tico.<\/span><\/p>\n<p style=\"text-align: justify;\"><span style=\"color: #000000;\">La profesora Yolanda Almagro ha explicado que contin\u00faa trabajando para modificar y adaptar el contenido de las clases a este nuevo sistema, que ha venido condicionado por la situaci\u00f3n actual pero que no deja de ser \u00fatil tambi\u00e9n para aprovechar las nuevas tecnolog\u00edas para comunicarnos y hacer que los usuarios se sientan\u00a0 m\u00e1s c\u00f3modos en este \u00e1mbito. Almagro se siente satisfecha porqu\u00e9 cree que \u201clas clases para evitar el deterioro cognitivo funcionan mejor que nunca y estoy contenta que el Ayuntamiento tambi\u00e9n lo valore\u201d.<\/span><\/p>\n<p style=\"text-align: justify;\"><span style=\"color: #000000;\">Desde la Concejal\u00eda de la Gente Mayor felicitamos a los alumnos por la fuerza de voluntad y entusiasmo que ponen en el curso, aun con la situaci\u00f3n dif\u00edcil en la que nos encontramos, y damos las gracias a la profesora Yolanda Almagro por la iniciativa de continuar con las clases de forma telem\u00e1tica.<\/span><\/p>\n<p>&nbsp;<\/p>\n","protected":false},"excerpt":{"rendered":"<p>Els alumnes del curs de prevenci\u00f3 del deteriorament neurocognitiu que imparteix la professora Yolanda Almagro (URV-UOC) continuen, tot i la situaci\u00f3 d\u2019alarma i el confinament. Aprofitant les noves tecnologies, la &hellip; <a href=\"https:\/\/bisbalpenedes.com\/web\/2020\/03\/24\/les-noves-tecnologies-permeten-que-el-curs-de-prevencio-del-deteriorament-neurocognitiu-continui-tot-i-la-situacio-dalarma-generada-pel-covid-19\/\" class=\"more-link\">Read More<\/a><\/p>\n","protected":false},"author":4,"featured_media":12481,"comment_status":"closed","ping_status":"closed","sticky":false,"template":"","format":"standard","meta":[],"categories":[3636,464,3088],"tags":[3610,1583,3485,3611,3466],"_links":{"self":[{"href":"https:\/\/bisbalpenedes.com\/web\/wp-json\/wp\/v2\/posts\/12480"}],"collection":[{"href":"https:\/\/bisbalpenedes.com\/web\/wp-json\/wp\/v2\/posts"}],"about":[{"href":"https:\/\/bisbalpenedes.com\/web\/wp-json\/wp\/v2\/types\/post"}],"author":[{"embeddable":true,"href":"https:\/\/bisbalpenedes.com\/web\/wp-json\/wp\/v2\/users\/4"}],"replies":[{"embeddable":true,"href":"https:\/\/bisbalpenedes.com\/web\/wp-json\/wp\/v2\/comments?post=12480"}],"version-history":[{"count":1,"href":"https:\/\/bisbalpenedes.com\/web\/wp-json\/wp\/v2\/posts\/12480\/revisions"}],"predecessor-version":[{"id":12482,"href":"https:\/\/bisbalpenedes.com\/web\/wp-json\/wp\/v2\/posts\/12480\/revisions\/12482"}],"wp:featuredmedia":[{"embeddable":true,"href":"https:\/\/bisbalpenedes.com\/web\/wp-json\/wp\/v2\/media\/12481"}],"wp:attachment":[{"href":"https:\/\/bisbalpenedes.com\/web\/wp-json\/wp\/v2\/media?parent=12480"}],"wp:term":[{"taxonomy":"category","embeddable":true,"href":"https:\/\/bisbalpenedes.com\/web\/wp-json\/wp\/v2\/categories?post=12480"},{"taxonomy":"post_tag","embeddable":true,"href":"https:\/\/bisbalpenedes.com\/web\/wp-json\/wp\/v2\/tags?post=12480"}],"curies":[{"name":"wp","href":"https:\/\/api.w.org\/{rel}","templated":true}]}}