{"id":12464,"date":"2020-03-24T18:18:48","date_gmt":"2020-03-24T17:18:48","guid":{"rendered":"http:\/\/bisbalpenedes.com\/web\/?p=12464"},"modified":"2020-03-30T13:47:04","modified_gmt":"2020-03-30T12:47:04","slug":"neixen-diverses-iniciatives-solidaries-o-altruistes-a-la-bisbal-del-penedes-amb-motiu-del-covid-19","status":"publish","type":"post","link":"https:\/\/bisbalpenedes.com\/web\/2020\/03\/24\/neixen-diverses-iniciatives-solidaries-o-altruistes-a-la-bisbal-del-penedes-amb-motiu-del-covid-19\/","title":{"rendered":"Neixen diverses iniciatives solid\u00e0ries o altruistes a la Bisbal del Pened\u00e8s amb motiu del Covid-19"},"content":{"rendered":"<p style=\"text-align: justify;\"><span style=\"color: #000000;\">Arran de la situaci\u00f3 actual han sorgit diverses iniciatives solid\u00e0ries o altruistes al municipi. Les anirem publicant en aquest apartat de la p\u00e0gina web, a l\u2019eBando i tamb\u00e9 les compartirem a les xarxes socials. Des de l\u2019Ajuntament de la Bisbal del Pened\u00e8s donem les gr\u00e0cies a totes aquelles persones que s\u2019estan mobilitzant per ajudar els altres en una situaci\u00f3 tan complicada com l\u2019actual.<\/span><\/p>\n<p style=\"text-align: justify;\"><span style=\"color: #000000;\">Si teniu una iniciativa solid\u00e0ria relacionada amb la situaci\u00f3 que estem vivint en l\u2019actualitat, podeu contactar amb nosaltres escrivint-nos un missatge intern a trav\u00e9s dels nostres perfils oficials de xarxes socials.<\/span><\/p>\n<p style=\"text-align: justify;\"><span style=\"color: #993300;\"><strong>ZARANOIA \u2013 Dibuixos per pintar per a petits i grans<\/strong><\/span><\/p>\n<p style=\"text-align: left;\"><a href=\"http:\/\/bisbalpenedes.com\/web\/wp-content\/uploads\/2020\/03\/zaranoias.jpg\"><img loading=\"lazy\" class=\"alignnone size-medium wp-image-12471\" src=\"http:\/\/bisbalpenedes.com\/web\/wp-content\/uploads\/2020\/03\/zaranoias-300x186.jpg\" alt=\"zaranoias\" width=\"300\" height=\"186\" srcset=\"https:\/\/bisbalpenedes.com\/web\/wp-content\/uploads\/2020\/03\/zaranoias-300x186.jpg 300w, https:\/\/bisbalpenedes.com\/web\/wp-content\/uploads\/2020\/03\/zaranoias-600x371.jpg 600w, https:\/\/bisbalpenedes.com\/web\/wp-content\/uploads\/2020\/03\/zaranoias-768x475.jpg 768w, https:\/\/bisbalpenedes.com\/web\/wp-content\/uploads\/2020\/03\/zaranoias-1024x633.jpg 1024w, https:\/\/bisbalpenedes.com\/web\/wp-content\/uploads\/2020\/03\/zaranoias.jpg 1547w\" sizes=\"(max-width: 300px) 100vw, 300px\" \/><\/a><\/p>\n<p style=\"text-align: justify;\"><span style=\"color: #000000;\">L\u2019artista local Zara, coneguda com a Zaranoia, est\u00e0 confeccionant i compartint dibuixos per pintar al seu web, en un apartat titulat<\/span> \u201c<a href=\"https:\/\/www.zaranoias.com\/dibujos-para-una-cuarentena\/\">Dibujos para una cuarentena<\/a>\u201d <span style=\"color: #000000;\">amb l\u2019objectiu d\u2019ajudar-nos a passar, d\u2019una forma m\u00e9s agradable, els dies de confinament.<\/span><\/p>\n<div id='gallery-1' class='gallery galleryid-12464 gallery-columns-3 gallery-size-thumbnail'><figure class='gallery-item'>\n\t\t\t<div class='gallery-icon portrait'>\n\t\t\t\t<a href='https:\/\/bisbalpenedes.com\/web\/2020\/03\/24\/neixen-diverses-iniciatives-solidaries-o-altruistes-a-la-bisbal-del-penedes-amb-motiu-del-covid-19\/photo-2020-03-23-12-26-39-2\/'><img width=\"150\" height=\"150\" src=\"https:\/\/bisbalpenedes.com\/web\/wp-content\/uploads\/2020\/03\/PHOTO-2020-03-23-12-26-39-1-150x150.jpg\" class=\"attachment-thumbnail size-thumbnail\" alt=\"\" loading=\"lazy\" srcset=\"https:\/\/bisbalpenedes.com\/web\/wp-content\/uploads\/2020\/03\/PHOTO-2020-03-23-12-26-39-1-150x150.jpg 150w, https:\/\/bisbalpenedes.com\/web\/wp-content\/uploads\/2020\/03\/PHOTO-2020-03-23-12-26-39-1-300x300.jpg 300w, https:\/\/bisbalpenedes.com\/web\/wp-content\/uploads\/2020\/03\/PHOTO-2020-03-23-12-26-39-1-100x100.jpg 100w\" sizes=\"(max-width: 150px) 100vw, 150px\" \/><\/a>\n\t\t\t<\/div><\/figure><figure class='gallery-item'>\n\t\t\t<div class='gallery-icon portrait'>\n\t\t\t\t<a href='https:\/\/bisbalpenedes.com\/web\/2020\/03\/24\/neixen-diverses-iniciatives-solidaries-o-altruistes-a-la-bisbal-del-penedes-amb-motiu-del-covid-19\/photo-2020-03-23-12-26-39_1\/'><img width=\"150\" height=\"150\" src=\"https:\/\/bisbalpenedes.com\/web\/wp-content\/uploads\/2020\/03\/PHOTO-2020-03-23-12-26-39_1-150x150.jpg\" class=\"attachment-thumbnail size-thumbnail\" alt=\"\" loading=\"lazy\" srcset=\"https:\/\/bisbalpenedes.com\/web\/wp-content\/uploads\/2020\/03\/PHOTO-2020-03-23-12-26-39_1-150x150.jpg 150w, https:\/\/bisbalpenedes.com\/web\/wp-content\/uploads\/2020\/03\/PHOTO-2020-03-23-12-26-39_1-300x300.jpg 300w, https:\/\/bisbalpenedes.com\/web\/wp-content\/uploads\/2020\/03\/PHOTO-2020-03-23-12-26-39_1-100x100.jpg 100w\" sizes=\"(max-width: 150px) 100vw, 150px\" \/><\/a>\n\t\t\t<\/div><\/figure><figure class='gallery-item'>\n\t\t\t<div class='gallery-icon portrait'>\n\t\t\t\t<a href='https:\/\/bisbalpenedes.com\/web\/2020\/03\/24\/neixen-diverses-iniciatives-solidaries-o-altruistes-a-la-bisbal-del-penedes-amb-motiu-del-covid-19\/photo-2020-03-23-12-26-40\/'><img width=\"150\" height=\"150\" src=\"https:\/\/bisbalpenedes.com\/web\/wp-content\/uploads\/2020\/03\/PHOTO-2020-03-23-12-26-40-150x150.jpg\" class=\"attachment-thumbnail size-thumbnail\" alt=\"\" loading=\"lazy\" srcset=\"https:\/\/bisbalpenedes.com\/web\/wp-content\/uploads\/2020\/03\/PHOTO-2020-03-23-12-26-40-150x150.jpg 150w, https:\/\/bisbalpenedes.com\/web\/wp-content\/uploads\/2020\/03\/PHOTO-2020-03-23-12-26-40-300x300.jpg 300w, https:\/\/bisbalpenedes.com\/web\/wp-content\/uploads\/2020\/03\/PHOTO-2020-03-23-12-26-40-100x100.jpg 100w\" sizes=\"(max-width: 150px) 100vw, 150px\" \/><\/a>\n\t\t\t<\/div><\/figure>\n\t\t<\/div>\n\n<p style=\"text-align: justify;\"><span style=\"color: #000000;\">Amb aquesta iniciativa, adre\u00e7ada a petits i grans, l\u2019artista bisbalenca molt contribuir al fet que la gent es quedi a casa i tingui passatemps per passar-s\u2019ho b\u00e9. A m\u00e9s de compartir els seus dibuixos, que es poden imprimir i pintar, fa un directe cada divendres a les 18h en qu\u00e8 ensenya a dibuixar -a nens i nenes- o dibuixa all\u00f2 que li demanen a trav\u00e9s de<\/span> <a href=\"http:\/\/www.twitch.tv\/zaranoiaslive\">www.twitch.tv\/zaranoiaslive<\/a><\/p>\n<p style=\"text-align: justify;\"><span style=\"color: #000000;\">Els dibuixos de la Zara es poden descarregar i imprimir a casa per\u00f2 tamb\u00e9 es poden aconseguir de forma gratu\u00efta i per iniciativa de la Regidoria de Cultura, en diversos establiments de la Bisbal: Cal Perebusquet, Farm\u00e0cia Dalmau, Agro-Verd, Fruiteria Montserrat, Supermercat Jaume i botiga de queviures del local social de Can Gordei. La Regidoria de Cultura ha fet arribar tamb\u00e9 dibuixos impresos a la Resid\u00e8ncia El Colomer amb l\u2019objectiu que els avis i \u00e0vies tamb\u00e9 els puguin pintar durant aquests dies de confinament.<\/span><\/p>\n<p style=\"text-align: justify;\"><span style=\"color: #000000;\">Podeu seguir la Zara i les seves iniciatives a:<\/span><\/p>\n<p style=\"text-align: justify; padding-left: 30px;\"><span style=\"color: #000000;\">-Instagram:<\/span> <a href=\"https:\/\/www.instagram.com\/zaranoia\/\">https:\/\/www.instagram.com\/zaranoia\/<\/a><\/p>\n<p style=\"text-align: justify; padding-left: 30px;\"><span style=\"color: #000000;\">-Facebook :<\/span> <a href=\"https:\/\/www.facebook.com\/zaranoias\/\">https:\/\/www.facebook.com\/zaranoias\/<\/a><\/p>\n<p style=\"text-align: justify; padding-left: 30px;\"><span style=\"color: #000000;\">-Twitter:<\/span> <a href=\"https:\/\/www.twitter.com\/zaranoias\">https:\/\/www.twitter.com\/zaranoias<\/a><\/p>\n<p style=\"text-align: justify;\"><span style=\"color: #993300;\"><strong>IMPRESSI\u00d3 DE MASCARETES 3D<\/strong><\/span><\/p>\n<p style=\"text-align: justify;\"><span style=\"color: #000000;\">Un ve\u00ed de Can Gordei, l\u2019\u00d2scar L\u00f3pez, est\u00e0 treballant en la impressi\u00f3 de mascaretes fabricades amb material vegetal, biodegradable i no t\u00f2xic per poder-les entregar als avis del municipi que visquin sols o a la resid\u00e8ncia de la gent gran. Segons ens ha explicat, necessitaria que alg\u00fa fes donaci\u00f3 del material necessari per a la seva fabricaci\u00f3 i tamb\u00e9 necessitaria comptar amb col\u00b7laboradors que tinguin impressora 3D i que puguin imprimir mascaretes. Ell disposa dels esquemes de les mascaretes ffp3 i les pantalles de protecci\u00f3 per a la seva impressi\u00f3.<\/span><\/p>\n<div id='gallery-2' class='gallery galleryid-12464 gallery-columns-3 gallery-size-thumbnail'><figure class='gallery-item'>\n\t\t\t<div class='gallery-icon landscape'>\n\t\t\t\t<a href='https:\/\/bisbalpenedes.com\/web\/2020\/03\/24\/neixen-diverses-iniciatives-solidaries-o-altruistes-a-la-bisbal-del-penedes-amb-motiu-del-covid-19\/90441868_2518187095113947_7374562630821740544_n-2\/'><img width=\"150\" height=\"150\" src=\"https:\/\/bisbalpenedes.com\/web\/wp-content\/uploads\/2020\/03\/90441868_2518187095113947_7374562630821740544_n-1-150x150.jpg\" class=\"attachment-thumbnail size-thumbnail\" alt=\"\" loading=\"lazy\" srcset=\"https:\/\/bisbalpenedes.com\/web\/wp-content\/uploads\/2020\/03\/90441868_2518187095113947_7374562630821740544_n-1-150x150.jpg 150w, https:\/\/bisbalpenedes.com\/web\/wp-content\/uploads\/2020\/03\/90441868_2518187095113947_7374562630821740544_n-1-300x300.jpg 300w, https:\/\/bisbalpenedes.com\/web\/wp-content\/uploads\/2020\/03\/90441868_2518187095113947_7374562630821740544_n-1-100x100.jpg 100w\" sizes=\"(max-width: 150px) 100vw, 150px\" \/><\/a>\n\t\t\t<\/div><\/figure><figure class='gallery-item'>\n\t\t\t<div class='gallery-icon landscape'>\n\t\t\t\t<a href='https:\/\/bisbalpenedes.com\/web\/2020\/03\/24\/neixen-diverses-iniciatives-solidaries-o-altruistes-a-la-bisbal-del-penedes-amb-motiu-del-covid-19\/90815455_229201241789623_8653275592860368896_n\/'><img width=\"150\" height=\"150\" src=\"https:\/\/bisbalpenedes.com\/web\/wp-content\/uploads\/2020\/03\/90815455_229201241789623_8653275592860368896_n-150x150.jpg\" class=\"attachment-thumbnail size-thumbnail\" alt=\"\" loading=\"lazy\" srcset=\"https:\/\/bisbalpenedes.com\/web\/wp-content\/uploads\/2020\/03\/90815455_229201241789623_8653275592860368896_n-150x150.jpg 150w, https:\/\/bisbalpenedes.com\/web\/wp-content\/uploads\/2020\/03\/90815455_229201241789623_8653275592860368896_n-300x300.jpg 300w, https:\/\/bisbalpenedes.com\/web\/wp-content\/uploads\/2020\/03\/90815455_229201241789623_8653275592860368896_n-100x100.jpg 100w\" sizes=\"(max-width: 150px) 100vw, 150px\" \/><\/a>\n\t\t\t<\/div><\/figure><figure class='gallery-item'>\n\t\t\t<div class='gallery-icon landscape'>\n\t\t\t\t<a href='https:\/\/bisbalpenedes.com\/web\/2020\/03\/24\/neixen-diverses-iniciatives-solidaries-o-altruistes-a-la-bisbal-del-penedes-amb-motiu-del-covid-19\/90682946_226151508760274_5650215106374533120_n\/'><img width=\"150\" height=\"150\" src=\"https:\/\/bisbalpenedes.com\/web\/wp-content\/uploads\/2020\/03\/90682946_226151508760274_5650215106374533120_n-150x150.jpg\" class=\"attachment-thumbnail size-thumbnail\" alt=\"\" loading=\"lazy\" srcset=\"https:\/\/bisbalpenedes.com\/web\/wp-content\/uploads\/2020\/03\/90682946_226151508760274_5650215106374533120_n-150x150.jpg 150w, https:\/\/bisbalpenedes.com\/web\/wp-content\/uploads\/2020\/03\/90682946_226151508760274_5650215106374533120_n-300x300.jpg 300w, https:\/\/bisbalpenedes.com\/web\/wp-content\/uploads\/2020\/03\/90682946_226151508760274_5650215106374533120_n-100x100.jpg 100w\" sizes=\"(max-width: 150px) 100vw, 150px\" \/><\/a>\n\t\t\t<\/div><\/figure>\n\t\t<\/div>\n\n<p style=\"text-align: justify;\"><span style=\"color: #000000;\">Aix\u00ed, d\u2019una banda sol\u00b7licita que alg\u00fa pugui donar el seg\u00fcent material (el color \u00e9s indiferent):<\/span><\/p>\n<p style=\"padding-left: 30px; text-align: justify;\"><span style=\"color: #000000;\">-TPU de 1,75mm \u2013 bobines d\u20191 kg<\/span><\/p>\n<p style=\"padding-left: 30px; text-align: justify;\"><span style=\"color: #000000;\">-PLA d\u20191,75mm d\u20191kg<\/span><\/p>\n<p style=\"text-align: justify;\"><span style=\"color: #000000;\">I, d\u2019altra banda, necessitaria voluntaris que tinguin impressora 3D per imprimir.<\/span><\/p>\n<p style=\"text-align: justify;\"><span style=\"color: #000000;\">L\u2019\u00d2scar ens comenta que no vol diners, nom\u00e9s precisa el material i els voluntaris que tinguin impressora 3D que es prestin a imprimir mascaretes. Podeu contactar amb ell al Whatsapp 633368684 o per correu electr\u00f2nic, escrivint a<\/span> <a href=\"mailto:olopezt@tmb.cat\">olopezt@tmb.cat<\/a><\/p>\n<hr \/>\n<p style=\"text-align: justify;\"><span style=\"color: #000000;\"><strong>CASTELLANO |<\/strong> A ra\u00edz de la situaci\u00f3n actual han surgido varias iniciativas solidarias o altruistas en el municipio. Las iremos publicando en esta p\u00e1gina de nuestra web, en eBando y tambi\u00e9n las compartiremos en las redes sociales. Desde el Ayuntamiento de la Bisbal del Pened\u00e8s damos las gracias a todas aquellas personas que se est\u00e1n movilizando para ayudar a los dem\u00e1s en una situaci\u00f3n tan complicada como la actual.<\/span><\/p>\n<p style=\"text-align: justify;\"><span style=\"color: #000000;\">Si ten\u00e9is una iniciativa solidaria relacionada con la situaci\u00f3n que estamos viviendo en la actualidad, pod\u00e9is contactar con nosotros escribi\u00e9ndonos un mensaje interno a trav\u00e9s de nuestros perfiles oficiales de redes sociales.<\/span><\/p>\n<p style=\"text-align: justify;\"><span style=\"color: #993300;\"><strong>ZARANOIA \u2013 Dibujos para pintar para peque\u00f1os y mayores<\/strong><\/span><\/p>\n<p style=\"text-align: justify;\"><a href=\"http:\/\/bisbalpenedes.com\/web\/wp-content\/uploads\/2020\/03\/zaranoias.jpg\"><img loading=\"lazy\" class=\"alignnone size-medium wp-image-12471\" src=\"http:\/\/bisbalpenedes.com\/web\/wp-content\/uploads\/2020\/03\/zaranoias-300x186.jpg\" alt=\"zaranoias\" width=\"300\" height=\"186\" srcset=\"https:\/\/bisbalpenedes.com\/web\/wp-content\/uploads\/2020\/03\/zaranoias-300x186.jpg 300w, https:\/\/bisbalpenedes.com\/web\/wp-content\/uploads\/2020\/03\/zaranoias-600x371.jpg 600w, https:\/\/bisbalpenedes.com\/web\/wp-content\/uploads\/2020\/03\/zaranoias-768x475.jpg 768w, https:\/\/bisbalpenedes.com\/web\/wp-content\/uploads\/2020\/03\/zaranoias-1024x633.jpg 1024w, https:\/\/bisbalpenedes.com\/web\/wp-content\/uploads\/2020\/03\/zaranoias.jpg 1547w\" sizes=\"(max-width: 300px) 100vw, 300px\" \/><\/a><\/p>\n<p style=\"text-align: justify;\"><span style=\"color: #000000;\">La artista local Zara, conocida como Zaranoia, est\u00e1 confeccionando y compartiendo dibujos para pintar en su web, en un apartado titulado<\/span> \u201c<a href=\"https:\/\/www.zaranoias.com\/dibujos-para-una-cuarentena\/\">Dibujos para una cuarentena<\/a>\u201d <span style=\"color: #000000;\">con el objetivo de ayudarnos a pasar, de una forma m\u00e1s agradable, los d\u00edas de confinamiento.<\/span><\/p>\n<div id='gallery-3' class='gallery galleryid-12464 gallery-columns-3 gallery-size-thumbnail'><figure class='gallery-item'>\n\t\t\t<div class='gallery-icon portrait'>\n\t\t\t\t<a href='https:\/\/bisbalpenedes.com\/web\/2020\/03\/24\/neixen-diverses-iniciatives-solidaries-o-altruistes-a-la-bisbal-del-penedes-amb-motiu-del-covid-19\/photo-2020-03-23-12-26-39-2\/'><img width=\"150\" height=\"150\" src=\"https:\/\/bisbalpenedes.com\/web\/wp-content\/uploads\/2020\/03\/PHOTO-2020-03-23-12-26-39-1-150x150.jpg\" class=\"attachment-thumbnail size-thumbnail\" alt=\"\" loading=\"lazy\" srcset=\"https:\/\/bisbalpenedes.com\/web\/wp-content\/uploads\/2020\/03\/PHOTO-2020-03-23-12-26-39-1-150x150.jpg 150w, https:\/\/bisbalpenedes.com\/web\/wp-content\/uploads\/2020\/03\/PHOTO-2020-03-23-12-26-39-1-300x300.jpg 300w, https:\/\/bisbalpenedes.com\/web\/wp-content\/uploads\/2020\/03\/PHOTO-2020-03-23-12-26-39-1-100x100.jpg 100w\" sizes=\"(max-width: 150px) 100vw, 150px\" \/><\/a>\n\t\t\t<\/div><\/figure><figure class='gallery-item'>\n\t\t\t<div class='gallery-icon portrait'>\n\t\t\t\t<a href='https:\/\/bisbalpenedes.com\/web\/2020\/03\/24\/neixen-diverses-iniciatives-solidaries-o-altruistes-a-la-bisbal-del-penedes-amb-motiu-del-covid-19\/photo-2020-03-23-12-26-39_1\/'><img width=\"150\" height=\"150\" src=\"https:\/\/bisbalpenedes.com\/web\/wp-content\/uploads\/2020\/03\/PHOTO-2020-03-23-12-26-39_1-150x150.jpg\" class=\"attachment-thumbnail size-thumbnail\" alt=\"\" loading=\"lazy\" srcset=\"https:\/\/bisbalpenedes.com\/web\/wp-content\/uploads\/2020\/03\/PHOTO-2020-03-23-12-26-39_1-150x150.jpg 150w, https:\/\/bisbalpenedes.com\/web\/wp-content\/uploads\/2020\/03\/PHOTO-2020-03-23-12-26-39_1-300x300.jpg 300w, https:\/\/bisbalpenedes.com\/web\/wp-content\/uploads\/2020\/03\/PHOTO-2020-03-23-12-26-39_1-100x100.jpg 100w\" sizes=\"(max-width: 150px) 100vw, 150px\" \/><\/a>\n\t\t\t<\/div><\/figure><figure class='gallery-item'>\n\t\t\t<div class='gallery-icon portrait'>\n\t\t\t\t<a href='https:\/\/bisbalpenedes.com\/web\/2020\/03\/24\/neixen-diverses-iniciatives-solidaries-o-altruistes-a-la-bisbal-del-penedes-amb-motiu-del-covid-19\/photo-2020-03-23-12-26-40\/'><img width=\"150\" height=\"150\" src=\"https:\/\/bisbalpenedes.com\/web\/wp-content\/uploads\/2020\/03\/PHOTO-2020-03-23-12-26-40-150x150.jpg\" class=\"attachment-thumbnail size-thumbnail\" alt=\"\" loading=\"lazy\" srcset=\"https:\/\/bisbalpenedes.com\/web\/wp-content\/uploads\/2020\/03\/PHOTO-2020-03-23-12-26-40-150x150.jpg 150w, https:\/\/bisbalpenedes.com\/web\/wp-content\/uploads\/2020\/03\/PHOTO-2020-03-23-12-26-40-300x300.jpg 300w, https:\/\/bisbalpenedes.com\/web\/wp-content\/uploads\/2020\/03\/PHOTO-2020-03-23-12-26-40-100x100.jpg 100w\" sizes=\"(max-width: 150px) 100vw, 150px\" \/><\/a>\n\t\t\t<\/div><\/figure>\n\t\t<\/div>\n\n<p style=\"text-align: justify;\"><span style=\"color: #000000;\">Con esta iniciativa, dirigida a peque\u00f1os y mayores, la artista de la Bisbal quiere contribuir al hecho que la gente se quede en casa y tenga pasatiempos para pas\u00e1rselo bien. Adem\u00e1s de compartir sus dibujos, que se pueden imprimir y pintar, hace un directo cada viernes a las 18h en que ense\u00f1a a dibujar -a ni\u00f1os y ni\u00f1as- o dibuja aquello que le piden a trav\u00e9s de <a style=\"color: #000000;\" href=\"http:\/\/www.twitch.tv\/zaranoiaslive\">www.twitch.tv\/zaranoiaslive<\/a><\/span><\/p>\n<p style=\"text-align: justify;\"><span style=\"color: #000000;\">Los dibujos de Zara se pueden descargar e imprimir en casa pero tambi\u00e9n se pueden conseguir de forma gratuita por iniciativa de la Concejal\u00eda de Cultura, en varios establecimientos de la Bisbal: Cal Perebusquet, Farmacia Dalmau, Agro-Verd, Fruiteria Montserrat, Supermercat Jaume y la tienda de alimentaci\u00f3n del local social de Can Gordei. La Concejal\u00eda de Cultura tambi\u00e9n ha hecho llegar dibujos impresos a la Residencia El Colomer con el objetivo que los abuelos y abuelas tambi\u00e9n los puedan pintar durante estos d\u00edas de confinamiento.<\/span><\/p>\n<p style=\"text-align: justify;\"><span style=\"color: #000000;\">Pod\u00e9is seguir a Zara y sus iniciativas en:<\/span><\/p>\n<p style=\"text-align: justify; padding-left: 30px;\"><span style=\"color: #000000;\">-Instagram:<\/span> <a href=\"https:\/\/www.instagram.com\/zaranoia\/\">https:\/\/www.instagram.com\/zaranoia\/<\/a><\/p>\n<p style=\"text-align: justify; padding-left: 30px;\"><span style=\"color: #000000;\">-Facebook:<\/span> <a href=\"https:\/\/www.facebook.com\/zaranoias\/\">https:\/\/www.facebook.com\/zaranoias\/<\/a><\/p>\n<p style=\"text-align: justify; padding-left: 30px;\"><span style=\"color: #000000;\">-Twitter:<\/span> <a href=\"https:\/\/www.twitter.com\/zaranoias\">https:\/\/www.twitter.com\/zaranoias<\/a><\/p>\n<p style=\"text-align: justify;\"><span style=\"color: #993300;\"><strong>IMPRESI\u00d3N DE MASCARILLAS 3D<\/strong><\/span><\/p>\n<p style=\"text-align: justify;\"><span style=\"color: #000000;\">Un vecino de Can Gordei, \u00d3scar L\u00f3pez, est\u00e1 trabajando en la impresi\u00f3n de mascarillas fabricadas con material vegetal, biodegradable y no t\u00f3xico para poderlas entregar a los abuelos del municipio que vivan solos o a la residencia de la gente mayor. Seg\u00fan nos ha explicado, necesitar\u00eda que alguien hiciese donaci\u00f3n de material para su fabricaci\u00f3n y tambi\u00e9n necesitar\u00eda contar con colaboradores que tengan impresora 3D y que puedan imprimir mascarillas. \u00c9l dispone de los esquemas de las mascarillas ffp3 y las pantallas de protecci\u00f3n para su impresi\u00f3n.<\/span><\/p>\n<div id='gallery-4' class='gallery galleryid-12464 gallery-columns-3 gallery-size-thumbnail'><figure class='gallery-item'>\n\t\t\t<div class='gallery-icon landscape'>\n\t\t\t\t<a href='https:\/\/bisbalpenedes.com\/web\/2020\/03\/24\/neixen-diverses-iniciatives-solidaries-o-altruistes-a-la-bisbal-del-penedes-amb-motiu-del-covid-19\/90441868_2518187095113947_7374562630821740544_n-2\/'><img width=\"150\" height=\"150\" src=\"https:\/\/bisbalpenedes.com\/web\/wp-content\/uploads\/2020\/03\/90441868_2518187095113947_7374562630821740544_n-1-150x150.jpg\" class=\"attachment-thumbnail size-thumbnail\" alt=\"\" loading=\"lazy\" srcset=\"https:\/\/bisbalpenedes.com\/web\/wp-content\/uploads\/2020\/03\/90441868_2518187095113947_7374562630821740544_n-1-150x150.jpg 150w, https:\/\/bisbalpenedes.com\/web\/wp-content\/uploads\/2020\/03\/90441868_2518187095113947_7374562630821740544_n-1-300x300.jpg 300w, https:\/\/bisbalpenedes.com\/web\/wp-content\/uploads\/2020\/03\/90441868_2518187095113947_7374562630821740544_n-1-100x100.jpg 100w\" sizes=\"(max-width: 150px) 100vw, 150px\" \/><\/a>\n\t\t\t<\/div><\/figure><figure class='gallery-item'>\n\t\t\t<div class='gallery-icon landscape'>\n\t\t\t\t<a href='https:\/\/bisbalpenedes.com\/web\/2020\/03\/24\/neixen-diverses-iniciatives-solidaries-o-altruistes-a-la-bisbal-del-penedes-amb-motiu-del-covid-19\/90815455_229201241789623_8653275592860368896_n\/'><img width=\"150\" height=\"150\" src=\"https:\/\/bisbalpenedes.com\/web\/wp-content\/uploads\/2020\/03\/90815455_229201241789623_8653275592860368896_n-150x150.jpg\" class=\"attachment-thumbnail size-thumbnail\" alt=\"\" loading=\"lazy\" srcset=\"https:\/\/bisbalpenedes.com\/web\/wp-content\/uploads\/2020\/03\/90815455_229201241789623_8653275592860368896_n-150x150.jpg 150w, https:\/\/bisbalpenedes.com\/web\/wp-content\/uploads\/2020\/03\/90815455_229201241789623_8653275592860368896_n-300x300.jpg 300w, https:\/\/bisbalpenedes.com\/web\/wp-content\/uploads\/2020\/03\/90815455_229201241789623_8653275592860368896_n-100x100.jpg 100w\" sizes=\"(max-width: 150px) 100vw, 150px\" \/><\/a>\n\t\t\t<\/div><\/figure><figure class='gallery-item'>\n\t\t\t<div class='gallery-icon landscape'>\n\t\t\t\t<a href='https:\/\/bisbalpenedes.com\/web\/2020\/03\/24\/neixen-diverses-iniciatives-solidaries-o-altruistes-a-la-bisbal-del-penedes-amb-motiu-del-covid-19\/90682946_226151508760274_5650215106374533120_n\/'><img width=\"150\" height=\"150\" src=\"https:\/\/bisbalpenedes.com\/web\/wp-content\/uploads\/2020\/03\/90682946_226151508760274_5650215106374533120_n-150x150.jpg\" class=\"attachment-thumbnail size-thumbnail\" alt=\"\" loading=\"lazy\" srcset=\"https:\/\/bisbalpenedes.com\/web\/wp-content\/uploads\/2020\/03\/90682946_226151508760274_5650215106374533120_n-150x150.jpg 150w, https:\/\/bisbalpenedes.com\/web\/wp-content\/uploads\/2020\/03\/90682946_226151508760274_5650215106374533120_n-300x300.jpg 300w, https:\/\/bisbalpenedes.com\/web\/wp-content\/uploads\/2020\/03\/90682946_226151508760274_5650215106374533120_n-100x100.jpg 100w\" sizes=\"(max-width: 150px) 100vw, 150px\" \/><\/a>\n\t\t\t<\/div><\/figure>\n\t\t<\/div>\n\n<p style=\"text-align: justify;\"><span style=\"color: #000000;\">As\u00ed, por un lado solicita que alguien pueda donar el siguiente material (el color es indiferente):<\/span><\/p>\n<p style=\"padding-left: 30px; text-align: justify;\"><span style=\"color: #000000;\">-TPU de 1,75mm \u2013 bobines d\u20191 kg<\/span><\/p>\n<p style=\"padding-left: 30px; text-align: justify;\"><span style=\"color: #000000;\">-PLA d\u20191,75mm d\u20191kg<\/span><\/p>\n<p style=\"text-align: justify;\"><span style=\"color: #000000;\">Y, por otro lado, necesitar\u00eda voluntarios que tengan impresora 3D para imprimir.<\/span><\/p>\n<p style=\"text-align: justify;\"><span style=\"color: #000000;\">\u00d3scar nos comenta que no quiere dinero, solo precisa el material y los voluntarios que tengan impresora 3D que se presten para imprimir mascarillas. Pod\u00e9is contactar con \u00e9l por Whatsapp 633368684 o por correo electr\u00f3nico, escribiendo a<\/span> <a href=\"mailto:olopezt@tmb.cat\">olopezt@tmb.cat<\/a><\/p>\n<p>&nbsp;<\/p>\n","protected":false},"excerpt":{"rendered":"<p>Arran de la situaci\u00f3 actual han sorgit diverses iniciatives solid\u00e0ries o altruistes al municipi. Les anirem publicant en aquest apartat de la p\u00e0gina web, a l\u2019eBando i tamb\u00e9 les compartirem &hellip; <a href=\"https:\/\/bisbalpenedes.com\/web\/2020\/03\/24\/neixen-diverses-iniciatives-solidaries-o-altruistes-a-la-bisbal-del-penedes-amb-motiu-del-covid-19\/\" class=\"more-link\">Read More<\/a><\/p>\n","protected":false},"author":4,"featured_media":12468,"comment_status":"closed","ping_status":"closed","sticky":false,"template":"","format":"standard","meta":[],"categories":[3636,1043],"tags":[3550,3559,3608,3607,3609,373],"_links":{"self":[{"href":"https:\/\/bisbalpenedes.com\/web\/wp-json\/wp\/v2\/posts\/12464"}],"collection":[{"href":"https:\/\/bisbalpenedes.com\/web\/wp-json\/wp\/v2\/posts"}],"about":[{"href":"https:\/\/bisbalpenedes.com\/web\/wp-json\/wp\/v2\/types\/post"}],"author":[{"embeddable":true,"href":"https:\/\/bisbalpenedes.com\/web\/wp-json\/wp\/v2\/users\/4"}],"replies":[{"embeddable":true,"href":"https:\/\/bisbalpenedes.com\/web\/wp-json\/wp\/v2\/comments?post=12464"}],"version-history":[{"count":4,"href":"https:\/\/bisbalpenedes.com\/web\/wp-json\/wp\/v2\/posts\/12464\/revisions"}],"predecessor-version":[{"id":12478,"href":"https:\/\/bisbalpenedes.com\/web\/wp-json\/wp\/v2\/posts\/12464\/revisions\/12478"}],"wp:featuredmedia":[{"embeddable":true,"href":"https:\/\/bisbalpenedes.com\/web\/wp-json\/wp\/v2\/media\/12468"}],"wp:attachment":[{"href":"https:\/\/bisbalpenedes.com\/web\/wp-json\/wp\/v2\/media?parent=12464"}],"wp:term":[{"taxonomy":"category","embeddable":true,"href":"https:\/\/bisbalpenedes.com\/web\/wp-json\/wp\/v2\/categories?post=12464"},{"taxonomy":"post_tag","embeddable":true,"href":"https:\/\/bisbalpenedes.com\/web\/wp-json\/wp\/v2\/tags?post=12464"}],"curies":[{"name":"wp","href":"https:\/\/api.w.org\/{rel}","templated":true}]}}