{"id":12446,"date":"2020-03-24T11:38:50","date_gmt":"2020-03-24T10:38:50","guid":{"rendered":"http:\/\/bisbalpenedes.com\/web\/?p=12446"},"modified":"2020-03-30T13:47:13","modified_gmt":"2020-03-30T12:47:13","slug":"lajuntament-recomana-compres-per-encarrec-covid-19","status":"publish","type":"post","link":"https:\/\/bisbalpenedes.com\/web\/2020\/03\/24\/lajuntament-recomana-compres-per-encarrec-covid-19\/","title":{"rendered":"L\u2019Ajuntament recomana que encarregueu les vostres compres a les botigues bisbalenques i que eviteu els despla\u00e7aments innecessaris"},"content":{"rendered":"<p><span style=\"color: #000000;\">Tenint en compte la situaci\u00f3 d\u2019alarma actual i amb l\u2019objectiu de prevenir possibles contagis de Covid-19, l\u2019Ajuntament de la Bisbal del Pened\u00e8s recomana a la ciutadania que faci \u00fas del servei a domicili que les botigues bisbalenques han posat a disposici\u00f3 dels ve\u00efns de la Bisbal del Pened\u00e8s. Les botigues del municipi estan posant moltes facilitats als ve\u00efns de tots els barris de la Bisbal i permeten fer la comanda a trav\u00e9s d\u2019una trucada telef\u00f2nica o Whatsapp i recollir l\u2019enc\u00e0rrec a la botiga o rebre la compra a domicili. Per aquest motiu, l\u2019equip de govern ha decidit suspendre el mercat setmanal (que en la situaci\u00f3 actual nom\u00e9s s\u2019estava realitzant amb tres parades de productes d\u2019alimentaci\u00f3) i demana als ve\u00efns que evitin comprar de forma presencial i, si ho fan, que no ho facin de forma di\u00e0ria. Recordem a la ciutadania que hi ha ordre que ens quedem a casa i que, si sortim al carrer, ha de ser pels motius que estan autoritzats, sempre que sigui imprescindible i necessari.<\/span><\/p>\n<p style=\"text-align: justify;\"><span style=\"color: #000000;\">Des de l\u2019Ajuntament de la Bisbal del Pened\u00e8s agra\u00efm les aportacions, idees i propostes que ens ha anat fent arribar la ciutadania en uns moments tan dif\u00edcils per a tots i totes.<\/span><\/p>\n<p style=\"text-align: justify;\"><span style=\"color: #0000ff;\">Nota: La botiga Aliprox deixa d&#8217;oferir el repartiment a domicili per, segons ens han explicat des de la botiga, pol\u00edtiques d&#8217;empresa. Disculpeu les mol\u00e8sties.<\/span><\/p>\n<hr \/>\n<p style=\"text-align: justify;\"><span style=\"color: #000000;\"><strong>CASTELLANO |<\/strong> Teniendo en cuenta la situaci\u00f3n de alarma actual y con el objetivo de prevenir posibles contagios de Covid-19, el Ayuntamiento de la Bisbal del Pened\u00e8s recomienda a la ciudadan\u00eda que haga uso del servicio a domicilio que las tiendas de la Bisbal han puesto a disposici\u00f3n de los vecinos de la Bisbal del Pened\u00e8s. Los comercios del municipio est\u00e1n poniendo muchas facilidades a los vecinos de todos los barrios de la Bisbal y permiten hacer la comanda a trav\u00e9s de una llamada telef\u00f3nica o Whatsapp y recoger el encargo en la tienda o recibir la compra a domicilio. Por este motivo, el equipo de gobierno ha decidido suspender el mercado semanal (que en la situaci\u00f3n actual solo se estaba realizando con tres paradas de productos de alimentaci\u00f3n) y pide a los vecinos que eviten comprar de forma presencial y, si lo hacen, que no lo hagan de forma diaria. Recordamos a la ciudadan\u00eda que se ha ordenado que nos quedemos en casa y que, si salimos a la calle, tiene que sea por los motivos que est\u00e1n autorizados, siempre que sea imprescindible y necesario.<\/span><\/p>\n<p style=\"text-align: justify;\"><span style=\"color: #000000;\">Desde el Ayuntamiento de la Bisbal del Pened\u00e8s agradecemos las aportaciones, ideas y propuestas que nos ha ido haciendo llegar la ciudadan\u00eda en unos momentos tan dif\u00edciles para todos y todas.<\/span><a href=\"http:\/\/bisbalpenedes.com\/web\/wp-content\/uploads\/2020\/03\/COMERC-LOCAL-200317.jpg\"><br \/>\n<\/a><\/p>\n<p style=\"text-align: justify;\"><span style=\"color: #0000ff;\">Nota: La tienda Aliprox deja de ofrecer el reparto a domicilio por, seg\u00fan nos han explicado desde la tienda, pol\u00edticas de empresa. Disculpad las molestias.<\/span><\/p>\n<p style=\"text-align: justify;\"><a href=\"http:\/\/bisbalpenedes.com\/web\/wp-content\/uploads\/2020\/03\/SERVEI-A-DOMICILI-ACTUALITZAT-20-03-24.jpg\"><img loading=\"lazy\" class=\"aligncenter size-large wp-image-12459\" src=\"http:\/\/bisbalpenedes.com\/web\/wp-content\/uploads\/2020\/03\/SERVEI-A-DOMICILI-ACTUALITZAT-20-03-24-1024x1024.jpg\" alt=\"SERVEI A DOMICILI ACTUALITZAT 20-03-24\" width=\"630\" height=\"630\" srcset=\"https:\/\/bisbalpenedes.com\/web\/wp-content\/uploads\/2020\/03\/SERVEI-A-DOMICILI-ACTUALITZAT-20-03-24-1024x1024.jpg 1024w, https:\/\/bisbalpenedes.com\/web\/wp-content\/uploads\/2020\/03\/SERVEI-A-DOMICILI-ACTUALITZAT-20-03-24-300x300.jpg 300w, https:\/\/bisbalpenedes.com\/web\/wp-content\/uploads\/2020\/03\/SERVEI-A-DOMICILI-ACTUALITZAT-20-03-24-100x100.jpg 100w, https:\/\/bisbalpenedes.com\/web\/wp-content\/uploads\/2020\/03\/SERVEI-A-DOMICILI-ACTUALITZAT-20-03-24-600x600.jpg 600w, https:\/\/bisbalpenedes.com\/web\/wp-content\/uploads\/2020\/03\/SERVEI-A-DOMICILI-ACTUALITZAT-20-03-24-150x150.jpg 150w, https:\/\/bisbalpenedes.com\/web\/wp-content\/uploads\/2020\/03\/SERVEI-A-DOMICILI-ACTUALITZAT-20-03-24-768x768.jpg 768w, https:\/\/bisbalpenedes.com\/web\/wp-content\/uploads\/2020\/03\/SERVEI-A-DOMICILI-ACTUALITZAT-20-03-24.jpg 1656w\" sizes=\"(max-width: 630px) 100vw, 630px\" \/><\/a><\/p>\n","protected":false},"excerpt":{"rendered":"<p>Tenint en compte la situaci\u00f3 d\u2019alarma actual i amb l\u2019objectiu de prevenir possibles contagis de Covid-19, l\u2019Ajuntament de la Bisbal del Pened\u00e8s recomana a la ciutadania que faci \u00fas del &hellip; <a href=\"https:\/\/bisbalpenedes.com\/web\/2020\/03\/24\/lajuntament-recomana-compres-per-encarrec-covid-19\/\" class=\"more-link\">Read More<\/a><\/p>\n","protected":false},"author":4,"featured_media":12460,"comment_status":"closed","ping_status":"closed","sticky":false,"template":"","format":"standard","meta":[],"categories":[3126,3636],"tags":[417,70,682,3606],"_links":{"self":[{"href":"https:\/\/bisbalpenedes.com\/web\/wp-json\/wp\/v2\/posts\/12446"}],"collection":[{"href":"https:\/\/bisbalpenedes.com\/web\/wp-json\/wp\/v2\/posts"}],"about":[{"href":"https:\/\/bisbalpenedes.com\/web\/wp-json\/wp\/v2\/types\/post"}],"author":[{"embeddable":true,"href":"https:\/\/bisbalpenedes.com\/web\/wp-json\/wp\/v2\/users\/4"}],"replies":[{"embeddable":true,"href":"https:\/\/bisbalpenedes.com\/web\/wp-json\/wp\/v2\/comments?post=12446"}],"version-history":[{"count":7,"href":"https:\/\/bisbalpenedes.com\/web\/wp-json\/wp\/v2\/posts\/12446\/revisions"}],"predecessor-version":[{"id":12649,"href":"https:\/\/bisbalpenedes.com\/web\/wp-json\/wp\/v2\/posts\/12446\/revisions\/12649"}],"wp:featuredmedia":[{"embeddable":true,"href":"https:\/\/bisbalpenedes.com\/web\/wp-json\/wp\/v2\/media\/12460"}],"wp:attachment":[{"href":"https:\/\/bisbalpenedes.com\/web\/wp-json\/wp\/v2\/media?parent=12446"}],"wp:term":[{"taxonomy":"category","embeddable":true,"href":"https:\/\/bisbalpenedes.com\/web\/wp-json\/wp\/v2\/categories?post=12446"},{"taxonomy":"post_tag","embeddable":true,"href":"https:\/\/bisbalpenedes.com\/web\/wp-json\/wp\/v2\/tags?post=12446"}],"curies":[{"name":"wp","href":"https:\/\/api.w.org\/{rel}","templated":true}]}}