{"id":12403,"date":"2020-03-21T12:24:05","date_gmt":"2020-03-21T11:24:05","guid":{"rendered":"http:\/\/bisbalpenedes.com\/web\/?p=12403"},"modified":"2020-03-30T13:47:43","modified_gmt":"2020-03-30T12:47:43","slug":"a-partir-del-dilluns-el-servei-del-consultori-medic-de-la-bisbal-es-traslladara-al-vendrell","status":"publish","type":"post","link":"https:\/\/bisbalpenedes.com\/web\/2020\/03\/21\/a-partir-del-dilluns-el-servei-del-consultori-medic-de-la-bisbal-es-traslladara-al-vendrell\/","title":{"rendered":"A partir del dilluns el servei del consultori m\u00e8dic de la Bisbal es traslladar\u00e0 al Vendrell"},"content":{"rendered":"<p><span style=\"color: #000000;\">Des de la Xarxa Sanit\u00e0ria i Social Santa Tecla ens han comunicat que, en el context de les mesures que cal adoptar amb motiu del control de la transmissi\u00f3 i el contagi per coronavirus, a partir del dilluns i fins a nou av\u00eds, el consultori m\u00e8dic local de la Bisbal estar\u00e0 tancat. Es tracta d\u2019una decisi\u00f3 presa des del Departament de Salut de la Generalitat de Catalunya per a tots els consultoris m\u00e8dics del pa\u00eds, que quedaran derivats als CAPs (Centre d\u2019Atenci\u00f3 Prim\u00e0ria).\u00a0 Aix\u00ed, per a qualsevol dubte o consulta, caldr\u00e0 dirigir-se al CAP del Vendrell, trucant al tel\u00e8fon 977 66 77 03.<\/span><\/p>\n<p><span style=\"color: #000000;\">La mesura de tancament ser\u00e0 vigent a partir del proper dilluns 23 de mar\u00e7. A partir del dilluns dilluns, per\u00f2, hi haur\u00e0 l\u2019administrativa per avisar les persones que no s\u2019hagin assabentat de la mesura i atendr\u00e0 el tel\u00e8fon\u00a0(977688724) i el correu electr\u00f2nic (consultavendrell@xarxatecla.cat). <strong>En cap cas es deixar\u00e0 cap ciutad\u00e0 sense ser at\u00e8s.<\/strong> La difer\u00e8ncia \u00e9s que el servei es deriva al Vendrell.<\/span><\/p>\n<p><span style=\"color: #000000;\"><strong>COM FUNCIONAR\u00c0 EL SISTEMA D\u2019ATENCI\u00d3 AL VENDRELL?<\/strong><\/span><\/p>\n<p><span style=\"color: #000000;\">Mitjan\u00e7ant les mateixes mesures que vam anunciar dies enrere, \u00e9s a dir, trucant abans de despla\u00e7ar-se. La difer\u00e8ncia \u00e9s que ara haureu de trucar al tel\u00e8fon del CAP I del Vendrell 977 66 77 03, on rebreu l\u2019atenci\u00f3 d\u2019un\/a professional que us orientar\u00e0 i, en cas que ho consideri oport\u00fa, us visitar\u00e0 a domicili o us demanar\u00e0 que us desplaceu al CAP o a l\u2019Hospital Comarcal del Vendrell. Tamb\u00e9 podeu adre\u00e7ar la vostra consulta al correu electr\u00f2nic a<\/span> <a href=\"mailto:consultavendrell@xarxatecla.cat\">consultavendrell@xarxatecla.cat<\/a>.<\/p>\n<p><span style=\"color: #000000;\"><strong>I ELS PACIENTS QUE PRENEN SINTROM, COM HO HAN DE FER?<\/strong><\/span><\/p>\n<p><span style=\"color: #000000;\">El control i tractament del Sintrom es far\u00e0 des del CAP del Vendrell, ubicat al carrer Transversal.<\/span><\/p>\n<p><span style=\"color: #000000;\"><strong>ALTRES TEL\u00c8FONS DE CONTACTE<\/strong><\/span><\/p>\n<p><span style=\"color: #000000;\">A banda del tel\u00e8fon de contacte del CAP I del Vendrell, us recordem els seg\u00fcents tel\u00e8fons:<\/span><\/p>\n<p style=\"padding-left: 30px;\"><span style=\"color: #000000;\">Informaci\u00f3: 012<\/span><\/p>\n<p style=\"padding-left: 30px;\"><span style=\"color: #000000;\">Simptomatologia: 061<\/span><\/p>\n<p style=\"padding-left: 30px;\"><span style=\"color: #000000;\">Emerg\u00e8ncies (mai empreu aquest tel\u00e8fon per demanar informaci\u00f3): 112<\/span><\/p>\n<hr \/>\n<p><span style=\"color: #000000;\"><strong>CASTELLANO | <\/strong>Desde la Xarxa Sanit\u00e0ria i Social Santa Tecla, nos han comunicado que, en el contexto de las medidas que hay que adoptar con motivo del control de la transmisi\u00f3n y el contagio por coronavirus, a partir del lunes y hasta nuevo aviso, el consultorio m\u00e9dico local de la Bisbal estar\u00e1 cerrado. Se trata de una decisi\u00f3n tomada desde el Departament de Salut de la Generalitat de Catalunya para todos los consultorios m\u00e9dicos del pa\u00eds, que quedar\u00e1n derivados a los CAPs (Centro de Atenci\u00f3n Primaria). As\u00ed para cualquier duda o consulta habr\u00e1 que dirigirse al CAP del Vendrell, llamando al tel\u00e9fono 97766 77 03.<\/span><\/p>\n<p><span style=\"color: #000000;\">La medida del cierre ser\u00e1 vigente a partir del pr\u00f3ximo lunes 23 de marzo. Aun as\u00ed, a paritr del lunes estar\u00e1 la administrativa para avisar a las personas que no se hayan enterado de la medida y atender\u00e1 el tel\u00e9fono (977688724) y correo electr\u00f3nico (consultavendrell@xarxatecla.cat). En ning\u00fan caso se dejar\u00e1 a ning\u00fan ciudadano sin ser atendido. La diferencia es que el servicio se deriva al Vendrell.<\/span><\/p>\n<p><span style=\"color: #000000;\"><strong>\u00bfC\u00d3MO FUNCIONAR\u00c1 EL SISTEMA DE ATENCI\u00d3N EN EL VENDRELL?<\/strong><\/span><\/p>\n<p><span style=\"color: #000000;\">Mediante las mismas medidas que anunciamos d\u00edas atr\u00e1s, es decir, llamando antes de desplazarse. La diferencia es que ahora tendr\u00e9is que llamar al tel\u00e9fono del CAP I del Vendrell 977 66 77 03, donde recibir\u00e9is la atenci\u00f3n de un\/a profesional que os orientar\u00e1 y, encaso que lo considere oportuno, os visitar\u00e1 a domicilio u os pedir\u00e1 que os desplac\u00e9is al CAP o al Hospital Comarcal del Vendrell. Tambi\u00e9n pod\u00e9is dirigir vuestra consulta al correo electr\u00f3nico<\/span> <a href=\"mailto:consultavendrell@xarxatecla.cat\">consultavendrell@xarxatecla.cat<\/a><\/p>\n<p><span style=\"color: #000000;\"><strong>Y LOS PACIENTES QUE TOMAN SINTROM, \u00bfC\u00d3MO LO TIENEN QUE HACER?<\/strong><\/span><\/p>\n<p><span style=\"color: #000000;\">El control y tratamiento del Sintrom se har\u00e1 desde el CAP del Vendrell, ubicado en la calle Transversal.<\/span><\/p>\n<p><span style=\"color: #000000;\"><strong>OTROS TEL\u00c9FONOS DE CONTACTO<\/strong><\/span><\/p>\n<p><span style=\"color: #000000;\">A parte del tel\u00e9fono de contacto del CAP I del Vendrell, os recordamos los siguientes tel\u00e9fonos:<\/span><\/p>\n<p><span style=\"color: #000000;\">\u00a0\u00a0\u00a0\u00a0\u00a0\u00a0\u00a0\u00a0 Informaci\u00f3n: 012<\/span><\/p>\n<p><span style=\"color: #000000;\">\u00a0\u00a0\u00a0\u00a0\u00a0\u00a0\u00a0\u00a0 Sintomatolog\u00eda: 061<\/span><\/p>\n<p><span style=\"color: #000000;\">\u00a0\u00a0\u00a0\u00a0\u00a0\u00a0\u00a0\u00a0 Emergencias (nunca utilic\u00e9is este tel\u00e9fono para pedir informaci\u00f3n): 112<\/span><\/p>\n<p>&nbsp;<\/p>\n<p>&nbsp;<\/p>\n","protected":false},"excerpt":{"rendered":"<p>Des de la Xarxa Sanit\u00e0ria i Social Santa Tecla ens han comunicat que, en el context de les mesures que cal adoptar amb motiu del control de la transmissi\u00f3 i &hellip; <a href=\"https:\/\/bisbalpenedes.com\/web\/2020\/03\/21\/a-partir-del-dilluns-el-servei-del-consultori-medic-de-la-bisbal-es-traslladara-al-vendrell\/\" class=\"more-link\">Read More<\/a><\/p>\n","protected":false},"author":4,"featured_media":12404,"comment_status":"closed","ping_status":"closed","sticky":false,"template":"","format":"standard","meta":[],"categories":[3636,14],"tags":[866,2701,391,3584],"_links":{"self":[{"href":"https:\/\/bisbalpenedes.com\/web\/wp-json\/wp\/v2\/posts\/12403"}],"collection":[{"href":"https:\/\/bisbalpenedes.com\/web\/wp-json\/wp\/v2\/posts"}],"about":[{"href":"https:\/\/bisbalpenedes.com\/web\/wp-json\/wp\/v2\/types\/post"}],"author":[{"embeddable":true,"href":"https:\/\/bisbalpenedes.com\/web\/wp-json\/wp\/v2\/users\/4"}],"replies":[{"embeddable":true,"href":"https:\/\/bisbalpenedes.com\/web\/wp-json\/wp\/v2\/comments?post=12403"}],"version-history":[{"count":3,"href":"https:\/\/bisbalpenedes.com\/web\/wp-json\/wp\/v2\/posts\/12403\/revisions"}],"predecessor-version":[{"id":12436,"href":"https:\/\/bisbalpenedes.com\/web\/wp-json\/wp\/v2\/posts\/12403\/revisions\/12436"}],"wp:featuredmedia":[{"embeddable":true,"href":"https:\/\/bisbalpenedes.com\/web\/wp-json\/wp\/v2\/media\/12404"}],"wp:attachment":[{"href":"https:\/\/bisbalpenedes.com\/web\/wp-json\/wp\/v2\/media?parent=12403"}],"wp:term":[{"taxonomy":"category","embeddable":true,"href":"https:\/\/bisbalpenedes.com\/web\/wp-json\/wp\/v2\/categories?post=12403"},{"taxonomy":"post_tag","embeddable":true,"href":"https:\/\/bisbalpenedes.com\/web\/wp-json\/wp\/v2\/tags?post=12403"}],"curies":[{"name":"wp","href":"https:\/\/api.w.org\/{rel}","templated":true}]}}