{"id":12395,"date":"2020-03-21T11:24:10","date_gmt":"2020-03-21T10:24:10","guid":{"rendered":"http:\/\/bisbalpenedes.com\/web\/?p=12395"},"modified":"2020-03-30T13:47:47","modified_gmt":"2020-03-30T12:47:47","slug":"a-partir-del-dilluns-es-podra-acreditar-la-mobilitat-amb-el-certificat-autorresponsable-de-proteccio-civil","status":"publish","type":"post","link":"https:\/\/bisbalpenedes.com\/web\/2020\/03\/21\/a-partir-del-dilluns-es-podra-acreditar-la-mobilitat-amb-el-certificat-autorresponsable-de-proteccio-civil\/","title":{"rendered":"A partir del dilluns es podr\u00e0 acreditar la mobilitat amb el Certificat autorresponsable de Protecci\u00f3 Civil"},"content":{"rendered":"<p style=\"text-align: justify;\"><span style=\"color: #000000;\">Protecci\u00f3 Civil ha editat un model de Certificat autoresponsable de despla\u00e7ament en el marc de l&#8217;estat l&#8217;alarma per facilitar a tothom acreditar que la mobilitat es fa per una de les causes autoritzades. Entrar\u00e0 en vigor el dilluns a les 00.00h.<\/span><\/p>\n<p style=\"text-align: justify;\"><span style=\"color: #000000;\">Els Mossos d&#8217;Esquadra i les policies locals disposaran de c\u00f2pies impreses. Els establiments comercials autoritzats a l&#8217;obertura i els centres de treball en facilitaran una c\u00f2pia impresa.\u00a0<\/span><\/p>\n<p style=\"text-align: justify;\"><span style=\"color: #000000;\">Important: l&#8217;\u00fas fraudulent del certificat \u00e9s punible.<\/span><\/p>\n<p style=\"text-align: justify;\"><span style=\"color: #000000;\">Podeu descarregar el document aqu\u00ed&gt;<a style=\"color: #000000;\" href=\"http:\/\/bisbalpenedes.com\/web\/wp-content\/uploads\/2020\/03\/certificat_autoresponsable_desplacament.pdf\">certificat_autoresponsable_desplacament<\/a><\/span><\/p>\n<p style=\"text-align: justify;\"><span style=\"color: #000000;\">Versi\u00f3 digital: <a href=\"https:\/\/confinapp.gencat.at\/#\/\" target=\"_blank\">https:\/\/confinapp.gencat.at\/#\/<\/a><\/span><\/p>\n<hr \/>\n<p style=\"text-align: justify;\"><span style=\"color: #000000;\"><strong>CASTELLANO |<\/strong> Protecci\u00f3n Civil ha editado un modelo de Certificado autorresponsable de desplazamiento en el marco del estado de alarma para facilitar a todas las personas acreditar que la movilidad se hace por una de las causas autorizadas. Entrar\u00e1 en vigor el lunes a las 00.00h<\/span><\/p>\n<p style=\"text-align: justify;\"><span style=\"color: #000000;\">Los Mossos d&#8217;Esquadra y las polic\u00edas locales dispondr\u00e1n de copias impresas. Los establecimientos comerciales autorizados a la apertura y los centros de trabajo facilitar\u00e1n una copia impresa.<\/span><\/p>\n<p style=\"text-align: justify;\"><span style=\"color: #000000;\">Importante: el uso fraudulento del certificado es punible.<\/span><\/p>\n<p style=\"text-align: justify;\"><span style=\"color: #000000;\">Pod\u00e9is descargar el documento aqu\u00ed:\u00a0<a style=\"color: #000000;\" href=\"http:\/\/bisbalpenedes.com\/web\/wp-content\/uploads\/2020\/03\/certificat_autoresponsable_desplacament.pdf\">certificat_autoresponsable_desplacament<\/a><\/span><\/p>\n<p><span style=\"color: #000000;\">Versi\u00f3n digital:\u00a0<\/span><a href=\"https:\/\/confinapp.gencat.at\/#\/\" target=\"_blank\">https:\/\/confinapp.gencat.at\/#\/<\/a><br \/>\n<a href=\"http:\/\/bisbalpenedes.com\/web\/wp-content\/uploads\/2020\/03\/certificat_autoresponsable_desplacament_page-0001.jpg\"><img loading=\"lazy\" class=\"aligncenter wp-image-12397 size-large\" src=\"http:\/\/bisbalpenedes.com\/web\/wp-content\/uploads\/2020\/03\/certificat_autoresponsable_desplacament_page-0001-724x1024.jpg\" alt=\"certificat_autoresponsable_desplacament_page-0001\" width=\"630\" height=\"891\" srcset=\"https:\/\/bisbalpenedes.com\/web\/wp-content\/uploads\/2020\/03\/certificat_autoresponsable_desplacament_page-0001-724x1024.jpg 724w, https:\/\/bisbalpenedes.com\/web\/wp-content\/uploads\/2020\/03\/certificat_autoresponsable_desplacament_page-0001-600x849.jpg 600w, https:\/\/bisbalpenedes.com\/web\/wp-content\/uploads\/2020\/03\/certificat_autoresponsable_desplacament_page-0001-212x300.jpg 212w, https:\/\/bisbalpenedes.com\/web\/wp-content\/uploads\/2020\/03\/certificat_autoresponsable_desplacament_page-0001-768x1086.jpg 768w, https:\/\/bisbalpenedes.com\/web\/wp-content\/uploads\/2020\/03\/certificat_autoresponsable_desplacament_page-0001.jpg 1241w\" sizes=\"(max-width: 630px) 100vw, 630px\" \/><\/a><a href=\"http:\/\/bisbalpenedes.com\/web\/wp-content\/uploads\/2020\/03\/perguntes-frequents-1-certicat-autorresponsable.jpg\"><img loading=\"lazy\" class=\"alignnone size-large wp-image-12399 aligncenter\" src=\"http:\/\/bisbalpenedes.com\/web\/wp-content\/uploads\/2020\/03\/perguntes-frequents-1-certicat-autorresponsable-737x1024.jpg\" alt=\"perguntes frequents 1 certicat autorresponsable\" width=\"630\" height=\"875\" srcset=\"https:\/\/bisbalpenedes.com\/web\/wp-content\/uploads\/2020\/03\/perguntes-frequents-1-certicat-autorresponsable-737x1024.jpg 737w, https:\/\/bisbalpenedes.com\/web\/wp-content\/uploads\/2020\/03\/perguntes-frequents-1-certicat-autorresponsable-600x834.jpg 600w, https:\/\/bisbalpenedes.com\/web\/wp-content\/uploads\/2020\/03\/perguntes-frequents-1-certicat-autorresponsable-216x300.jpg 216w, https:\/\/bisbalpenedes.com\/web\/wp-content\/uploads\/2020\/03\/perguntes-frequents-1-certicat-autorresponsable-768x1067.jpg 768w, https:\/\/bisbalpenedes.com\/web\/wp-content\/uploads\/2020\/03\/perguntes-frequents-1-certicat-autorresponsable.jpg 1079w\" sizes=\"(max-width: 630px) 100vw, 630px\" \/><\/a><\/p>\n<p><a href=\"http:\/\/bisbalpenedes.com\/web\/wp-content\/uploads\/2020\/03\/perguntes-frequents-2-certicat-autorresponsable.jpg\"><img loading=\"lazy\" class=\"aligncenter size-large wp-image-12401\" src=\"http:\/\/bisbalpenedes.com\/web\/wp-content\/uploads\/2020\/03\/perguntes-frequents-2-certicat-autorresponsable-715x1024.jpg\" alt=\"perguntes frequents 2 certicat autorresponsable\" width=\"630\" height=\"902\" srcset=\"https:\/\/bisbalpenedes.com\/web\/wp-content\/uploads\/2020\/03\/perguntes-frequents-2-certicat-autorresponsable-715x1024.jpg 715w, https:\/\/bisbalpenedes.com\/web\/wp-content\/uploads\/2020\/03\/perguntes-frequents-2-certicat-autorresponsable-600x859.jpg 600w, https:\/\/bisbalpenedes.com\/web\/wp-content\/uploads\/2020\/03\/perguntes-frequents-2-certicat-autorresponsable-209x300.jpg 209w, https:\/\/bisbalpenedes.com\/web\/wp-content\/uploads\/2020\/03\/perguntes-frequents-2-certicat-autorresponsable-768x1100.jpg 768w, https:\/\/bisbalpenedes.com\/web\/wp-content\/uploads\/2020\/03\/perguntes-frequents-2-certicat-autorresponsable.jpg 1055w\" sizes=\"(max-width: 630px) 100vw, 630px\" \/><\/a><\/p>\n<p style=\"text-align: justify;\">\n","protected":false},"excerpt":{"rendered":"<p>Protecci\u00f3 Civil ha editat un model de Certificat autoresponsable de despla\u00e7ament en el marc de l&#8217;estat l&#8217;alarma per facilitar a tothom acreditar que la mobilitat es fa per una de &hellip; <a href=\"https:\/\/bisbalpenedes.com\/web\/2020\/03\/21\/a-partir-del-dilluns-es-podra-acreditar-la-mobilitat-amb-el-certificat-autorresponsable-de-proteccio-civil\/\" class=\"more-link\">Read More<\/a><\/p>\n","protected":false},"author":4,"featured_media":12397,"comment_status":"closed","ping_status":"closed","sticky":false,"template":"","format":"standard","meta":[],"categories":[1628,3636],"tags":[3603,1190],"_links":{"self":[{"href":"https:\/\/bisbalpenedes.com\/web\/wp-json\/wp\/v2\/posts\/12395"}],"collection":[{"href":"https:\/\/bisbalpenedes.com\/web\/wp-json\/wp\/v2\/posts"}],"about":[{"href":"https:\/\/bisbalpenedes.com\/web\/wp-json\/wp\/v2\/types\/post"}],"author":[{"embeddable":true,"href":"https:\/\/bisbalpenedes.com\/web\/wp-json\/wp\/v2\/users\/4"}],"replies":[{"embeddable":true,"href":"https:\/\/bisbalpenedes.com\/web\/wp-json\/wp\/v2\/comments?post=12395"}],"version-history":[{"count":4,"href":"https:\/\/bisbalpenedes.com\/web\/wp-json\/wp\/v2\/posts\/12395\/revisions"}],"predecessor-version":[{"id":12434,"href":"https:\/\/bisbalpenedes.com\/web\/wp-json\/wp\/v2\/posts\/12395\/revisions\/12434"}],"wp:featuredmedia":[{"embeddable":true,"href":"https:\/\/bisbalpenedes.com\/web\/wp-json\/wp\/v2\/media\/12397"}],"wp:attachment":[{"href":"https:\/\/bisbalpenedes.com\/web\/wp-json\/wp\/v2\/media?parent=12395"}],"wp:term":[{"taxonomy":"category","embeddable":true,"href":"https:\/\/bisbalpenedes.com\/web\/wp-json\/wp\/v2\/categories?post=12395"},{"taxonomy":"post_tag","embeddable":true,"href":"https:\/\/bisbalpenedes.com\/web\/wp-json\/wp\/v2\/tags?post=12395"}],"curies":[{"name":"wp","href":"https:\/\/api.w.org\/{rel}","templated":true}]}}