{"id":12380,"date":"2020-03-21T10:51:13","date_gmt":"2020-03-21T09:51:13","guid":{"rendered":"http:\/\/bisbalpenedes.com\/web\/?p=12380"},"modified":"2020-03-21T10:51:13","modified_gmt":"2020-03-21T09:51:13","slug":"el-dilluns-16-de-marc-es-va-celebrar-el-ple-ordinari-de-lajuntament-de-la-bisbal-del-penedes","status":"publish","type":"post","link":"https:\/\/bisbalpenedes.com\/web\/2020\/03\/21\/el-dilluns-16-de-marc-es-va-celebrar-el-ple-ordinari-de-lajuntament-de-la-bisbal-del-penedes\/","title":{"rendered":"El dilluns 16 de mar\u00e7 es va celebrar el Ple Ordinari de l&#8217;Ajuntament de la Bisbal del Pened\u00e8s"},"content":{"rendered":"<p style=\"text-align: center;\"><a href=\"http:\/\/bisbalpenedes.com\/web\/wp-content\/uploads\/2020\/03\/200316-PLE-ORDINARI-1.jpg\"><img loading=\"lazy\" class=\"alignnone size-medium wp-image-12381\" src=\"http:\/\/bisbalpenedes.com\/web\/wp-content\/uploads\/2020\/03\/200316-PLE-ORDINARI-1-300x225.jpg\" alt=\"200316 PLE ORDINARI 1\" width=\"300\" height=\"225\" srcset=\"https:\/\/bisbalpenedes.com\/web\/wp-content\/uploads\/2020\/03\/200316-PLE-ORDINARI-1-300x225.jpg 300w, https:\/\/bisbalpenedes.com\/web\/wp-content\/uploads\/2020\/03\/200316-PLE-ORDINARI-1-600x450.jpg 600w, https:\/\/bisbalpenedes.com\/web\/wp-content\/uploads\/2020\/03\/200316-PLE-ORDINARI-1-768x576.jpg 768w, https:\/\/bisbalpenedes.com\/web\/wp-content\/uploads\/2020\/03\/200316-PLE-ORDINARI-1-1024x768.jpg 1024w, https:\/\/bisbalpenedes.com\/web\/wp-content\/uploads\/2020\/03\/200316-PLE-ORDINARI-1.jpg 1632w\" sizes=\"(max-width: 300px) 100vw, 300px\" \/><\/a> <a href=\"http:\/\/bisbalpenedes.com\/web\/wp-content\/uploads\/2020\/03\/200316-PLE-ORDINARI-2.jpg\"><img loading=\"lazy\" class=\"alignnone size-medium wp-image-12382\" src=\"http:\/\/bisbalpenedes.com\/web\/wp-content\/uploads\/2020\/03\/200316-PLE-ORDINARI-2-300x225.jpg\" alt=\"200316 PLE ORDINARI 2\" width=\"300\" height=\"225\" srcset=\"https:\/\/bisbalpenedes.com\/web\/wp-content\/uploads\/2020\/03\/200316-PLE-ORDINARI-2-300x225.jpg 300w, https:\/\/bisbalpenedes.com\/web\/wp-content\/uploads\/2020\/03\/200316-PLE-ORDINARI-2-600x450.jpg 600w, https:\/\/bisbalpenedes.com\/web\/wp-content\/uploads\/2020\/03\/200316-PLE-ORDINARI-2-768x576.jpg 768w, https:\/\/bisbalpenedes.com\/web\/wp-content\/uploads\/2020\/03\/200316-PLE-ORDINARI-2-1024x768.jpg 1024w, https:\/\/bisbalpenedes.com\/web\/wp-content\/uploads\/2020\/03\/200316-PLE-ORDINARI-2.jpg 1632w\" sizes=\"(max-width: 300px) 100vw, 300px\" \/><\/a><\/p>\n<p style=\"text-align: justify;\"><span style=\"color: #000000;\">Aquest dilluns 16 de mar\u00e7 de 2020, a les 19h, s\u2019ha celebrat el Ple ordinari corresponent a aquest trimestre. La sessi\u00f3 s\u2019ha celebrat a porta tancada i prenent les mesures d\u2019higiene i dist\u00e0ncies corresponents per prevenir el coronavirus covid-19.<\/span><\/p>\n<p style=\"text-align: justify;\"><span style=\"color: #000000;\">A l\u2019inici del Ple s\u2019ha aprovat per unanimitat la urg\u00e8ncia d\u2019incorporar el punt \u201cLiquidaci\u00f3 de la taxa per al servei de recollida de residus s\u00f2lids urbans de la Pineda de Santa Cristina corresponent a l\u2019exercici 2019\u201d i, per tant, s\u2019ha incorporat la proposta al Ple amb els vots a favor de Comprom\u00eds amb la Bisbal (6), el PSC (2), Units per la Bisbal-FIC (1), Ara la Bisbal (1) i ERC-AM (1).<\/span><\/p>\n<p style=\"text-align: justify;\"><span style=\"color: #000000;\">Al Ple s\u2019hi han tractat els punts seg\u00fcents:<\/span><\/p>\n<p style=\"text-align: justify;\"><span style=\"color: #000000;\"><strong>1.-Aprovaci\u00f3 de l\u2019acta del Ple extraordinari del 12\/12\/2019<\/strong><\/span><\/p>\n<p style=\"text-align: justify;\"><span style=\"color: #000000;\"><u>S\u2019aprova<\/u> amb els vots a favor de Comprom\u00eds amb la Bisbal (6), PSC (2), Units per la Bisbal-FIC (1) i ERC-AM (1) i el vot en contra d\u2019Ara la Bisbal (1).<\/span><\/p>\n<p style=\"text-align: justify;\"><span style=\"color: #000000;\"><strong>2.-Aprovaci\u00f3 de l\u2019acta del Ple ordinari del 16\/12\/2019<\/strong><\/span><\/p>\n<p style=\"text-align: justify;\"><span style=\"color: #000000;\"><u>S\u2019aprova<\/u> amb els vots a favor de Comprom\u00eds amb la Bisbal (6), PSC (2), Units per la Bisbal-FIC (1) i ERC-AM (1) i el vot en contra d\u2019Ara la Bisbal (1).<\/span><\/p>\n<p style=\"text-align: justify;\"><span style=\"color: #000000;\"><strong>3.-Aprovaci\u00f3 de l\u2019acta del Ple extraordinari del 25\/02\/2020<\/strong><\/span><\/p>\n<p style=\"text-align: justify;\"><span style=\"color: #000000;\"><u>S\u2019aprova<\/u> amb els vots a favor de Comprom\u00eds amb la Bisbal (6), PSC (1), Units per la Bisbal-FIC (1) i Ara la Bisbal (1).<\/span><\/p>\n<p style=\"text-align: justify;\"><span style=\"color: #000000;\">(La regidora d\u2019ERC-AM i un dels regidors del PSC no voten perqu\u00e8 no van assistir al Ple.)<\/span><\/p>\n<p style=\"text-align: justify;\"><span style=\"color: #000000;\"><strong>4.-Expedient 405\/2020. Aprovaci\u00f3 de la modificaci\u00f3 de cr\u00e8dit 1PLE\/2020.<\/strong><\/span><\/p>\n<p style=\"text-align: justify;\"><span style=\"color: #000000;\"><u>S\u2019aprova<\/u> amb els vots a favor de Comprom\u00eds amb la Bisbal (6), els vots en contra d\u2019Units per la Bisbal-FIC (1), Ara la Bisbal (1) i ERC-AM (1) i l\u2019abstenci\u00f3 del PSC (2).<\/span><\/p>\n<p style=\"text-align: justify;\"><span style=\"color: #000000;\">S\u2019aprova inicialment l\u2019expedient de modificaci\u00f3 de cr\u00e8dit 1PLE\/2020, en la modalitat de cr\u00e8dit extraordinari finan\u00e7at amb la baixa de cr\u00e8dit.<\/span><\/p>\n<p style=\"text-align: justify;\"><span style=\"color: #000000;\">Aix\u00ed, es crea la nova partida de despeses \u201cNeteja vi\u00e0ria\u201d amb 15.000\u20ac. Aquests 15.000\u20ac es treuen de la partida \u201cNeteja vorera urbanitzacions\u201d que tenia pressupostat un import de 60.000\u20ac i que ara quedar\u00e0 amb 45.000\u20ac.<\/span><\/p>\n<p style=\"text-align: justify;\"><span style=\"color: #000000;\">Aquesta modificaci\u00f3 s\u2019ha justificat pel fet que enguany s\u2019hauria de tornar a licitar el servei de desbrossament de voreres d\u2019urbanitzacions, per a la qual hi havia una partida de 60.000\u20ac. L\u2019alcaldessa ha explicat que \u201cla darrera licitaci\u00f3 no va donar el servei esperat\u201d i per aquest motiu s\u2019ha decidit contractar un estudi i servei amb la Fundaci\u00f3 Santa Teresa.<\/span><\/p>\n<p style=\"text-align: justify;\"><span style=\"color: #000000;\">Un dels estudis consistir\u00e0 en valorar les tasques de desbrossament m\u00e9s necess\u00e0ries a realitzar al municipi i tindr\u00e0 un cost de 6.647,46\u20ac. Es realitzar\u00e0 el desbrossament en diversos carrers, durant quatre per\u00edodes d\u2019aquest any, de 10 a 15 dies per estaci\u00f3. Posteriorment es presentar\u00e0 una valoraci\u00f3 per avaluar les necessitats de desbrossament, tant per per\u00edodes temporals com per zones del municipi.<\/span><\/p>\n<p style=\"text-align: justify;\"><span style=\"color: #000000;\">L\u2019altre estudi servir\u00e0 per valorar les tasques de neteja vi\u00e0ria m\u00e9s necess\u00e0ries al municipi i tindr\u00e0 un cost de 8.049,27\u20ac. Es realitzaran neteges vi\u00e0ries durant les quatre estacions i tamb\u00e9 es presentar\u00e0 una valoraci\u00f3 tant d\u2019espais com de la maquin\u00e0ria i dels serveis m\u00e9s adequats per a dur a terme la neteja vi\u00e0ria al municipi.<\/span><\/p>\n<p style=\"text-align: justify;\"><span style=\"color: #000000;\">Per tot plegat, es preveu que a finals d\u2019any es puguin licitar els serveis per a l\u2019exercici 2021.<\/span><\/p>\n<p style=\"text-align: justify;\"><span style=\"color: #000000;\"><strong>5.-Expedient 299\/2020. Derogaci\u00f3 de part de l\u2019Ordenan\u00e7a fiscal n\u00fam. 23 reguladora de la taxa per a l\u2019atorgament de llic\u00e8ncies urban\u00edstiques.<\/strong><\/span><\/p>\n<p style=\"text-align: justify;\"><span style=\"color: #000000;\"><u>S\u2019aprova<\/u> amb els vots a favor de Comprom\u00eds amb la Bisbal (6), PSC (2), Units per la Bisbal-FIC (1), Ara la Bisbal (1) i ERC-AM (1).<\/span><\/p>\n<p style=\"text-align: justify;\"><span style=\"color: #000000;\">La proposta aprovada inclou derogar part de l\u2019Ordenan\u00e7a fiscal n\u00fam. 23 reguladora de la taxa per a l\u2019atorgament de llic\u00e8ncies urban\u00edstiques segons el detall seg\u00fcent:<\/span><\/p>\n<p style=\"text-align: justify; padding-left: 30px;\"><span style=\"color: #000000;\">-Derogar l\u2019article 12.1.II.2. Desmunts, excavaci\u00f3, explanaci\u00f3 i terraplenat per metre c\u00fabic, 0,19\u20ac (en compliment d\u2019una sent\u00e8ncia de 2014).<\/span><\/p>\n<p style=\"text-align: justify; padding-left: 30px;\"><span style=\"color: #000000;\">-Derogar l\u2019article 12.1.VI.41. Instal\u00b7lacions complement\u00e0ries d\u2019edificis, com s\u00f3n les instal\u00b7lacions el\u00e8ctriques, plaques solars, antenes col\u00b7lectives i parab\u00f2liques, radioemissors i similars, per unitat o element instal\u00b7lat, 121,09\u20ac.<\/span><\/p>\n<p style=\"text-align: justify; padding-left: 30px;\"><span style=\"color: #000000;\">-Aplicar aquestes mesures amb car\u00e0cter retroactiu de grau mitj\u00e0, \u00e9s a dir, sobre expedients no tancats.<\/span><\/p>\n<p style=\"text-align: justify; padding-left: 30px;\"><span style=\"color: #000000;\">-Donar a l\u2019expedient la tramitaci\u00f3 i la publicitat preceptiva, mitjan\u00e7ant l\u2019exposici\u00f3 d\u2019aquest al tauler d\u2019anuncis de l\u2019Ajuntament de la Bisbal del Pened\u00e8s i al Butllet\u00ed Oficial de la Prov\u00edncia de Tarragona, per un termini de trenta dies h\u00e0bils, dins dels quals els interessats podran examinar-lo i plantejar les reclamacions que estimin oportunes.<\/span><\/p>\n<p style=\"text-align: justify;\"><span style=\"color: #000000;\"><u>Explicaci\u00f3 del punt:<\/u><\/span><\/p>\n<p style=\"text-align: justify;\"><span style=\"color: #000000;\">El 2008 es va aprovar l\u2019ordenan\u00e7a de la taxa per a l\u2019atorgament de llic\u00e8ncies urban\u00edstiques. Es tracta d\u2019una taxa per a la realitzaci\u00f3 de les activitats administratives necess\u00e0ries per a l\u2019atorgament de la llic\u00e8ncia urban\u00edstica en determinats casos.<\/span><\/p>\n<p style=\"text-align: justify;\"><span style=\"color: #000000;\">El 2011 es va aprovar una llic\u00e8ncia per moviments de terres amb un ICIO de 1.799,12\u20ac i una taxa de 2.101,78\u20ac i la persona que va sol\u00b7licitar la llic\u00e8ncia va reclamar i va presentar un recurs contra l\u2019Ajuntament. El 2014 el Tribunal Superior de Just\u00edcia de Catalunya va dictar sent\u00e8ncia estimant el recurs interposat contra la liquidaci\u00f3 de la taxa de llic\u00e8ncia d\u2019obres (per moviment de terres) de 2011, girada per l\u2019Ajuntament de la Bisbal del Pened\u00e8s i declarant nul l\u2019article 12.1.2. El motiu del Tribunal Superior de Just\u00edcia de Catalunya per declarar nul l\u2019article 12.1.2. de l\u2019Ordenan\u00e7a fiscal reguladora de la taxa per a l\u2019atorgament de llic\u00e8ncies urban\u00edstiques \u00e9s \u201cla irracionalitat del c\u00e0lcul de la taxa, at\u00e8s que no compta amb topalls o l\u00edmits que facin que aquesta no superi l\u2019import de l\u2019impost sobre construccions, instal\u00b7lacions i obres (ICIO); considerant que la base imposable de l\u2019impost \u00e9s el cost real i efectiu de l\u2019obra i que la base imposable de la taxa queda determinada pel cost de l\u2019activitat administrativa necess\u00e0ria per a l\u2019atorgament de la llic\u00e8ncia\u201d.Aix\u00ed, la sent\u00e8ncia declarava nul l\u2019article 12.1.2 de l\u2019Ordenan\u00e7a fiscal reguladora de la taxa per a l\u2019atorgament de llic\u00e8ncies urban\u00edstiques que correspon a les quotes a satisfer com a taxa per: moviments de terres (que inclou desmunts i excavaci\u00f3) pavimentaci\u00f3 o enjardinament de terrenys i solars i neteja i desbrossament de parcel\u00b7les i solars.El gener de 2015, l\u2019equip de govern d\u2019aleshores va aprovar retornar la taxa urban\u00edstica per\u00f2 no es va aprovar la derogaci\u00f3 de la part de l\u2019Ordenan\u00e7a fiscal. Segons l\u2019alcaldessa de la Bisbal del Pened\u00e8s, Agn\u00e8s Ferr\u00e9 \u201cal maig de 2015 hi va haver eleccions municipals, va haver-hi canvi de govern i no vam tenir const\u00e0ncia d\u2019aquesta sent\u00e8ncia ni del fet que no s\u2019havia complert: aleshores els regidors de l\u2019oposici\u00f3 no ten\u00edem acc\u00e9s al registre d\u2019entrades i sortides ni a totes les actes de Junta de Govern. A part, el secretari-interventor municipal que hi havia al gener 2015 no era el mateix que hi va haver a partir de l\u2019estiu de 2015 i, per tant, la taxa seguia en vigor\u201d.<\/span><\/p>\n<p style=\"text-align: justify;\"><span style=\"color: #000000;\">L\u2019alcaldessa ha aclarit que fa aproximadament un any que no es penalitza, per part de l\u2019estat, la instal\u00b7laci\u00f3 de plaques fotovoltaiques i la taxa a qu\u00e8 es fa refer\u00e8ncia tamb\u00e9 s\u2019aplica a la instal\u00b7laci\u00f3 d\u2019aquestes plaques. Es d\u00f3na el cas que, el juny de 2019, la Junta de Govern va aprovar una liquidaci\u00f3 tribut\u00e0ria per a la instal\u00b7laci\u00f3 i posada en funcionament de panells solars per autoconsum que \u201camb un pressupost d\u2019obra de 6.570\u20ac li corresponia un ICIO (Impost de construccions) de 249,66\u20ac, per\u00f2 en canvi la taxa urban\u00edstica era de 1.937,44\u20ac\u201d. Al febrer, l\u2019interessat va presentar un recurs de reposici\u00f3 contra la liquidaci\u00f3 de la taxa de la llic\u00e8ncia d\u2019obres per a la instal\u00b7laci\u00f3 de panells solars per autoconsum, al\u00b7legant que el gravamen fiscal imposat per l\u2019Ajuntament era desproporcionat.<\/span><\/p>\n<p style=\"text-align: justify;\"><span style=\"color: #000000;\">L\u2019alcaldessa Agn\u00e8s Ferr\u00e9 ha aclarit que, durant els darrers mesos, l\u2019Ajuntament de la Bisbal del Pened\u00e8s ha estat recavant informaci\u00f3 sobre aquesta ordenan\u00e7a i, durant la recerca, s\u2019ha localitzat la sent\u00e8ncia de 2014. Aix\u00ed mateix, s\u2019ha treballat perfer les consultes oportunes a fi i efecte de poder aprovar la derogaci\u00f3 que es va elevar dilluns al Ple i que es va aprovar per unanimitat. Quant a la liquidaci\u00f3 tribut\u00e0ria aprovada el juny de 2019, Ferr\u00e9 ha explicat que \u201cen aquest Ple no s\u2019ha resolt el recurs per\u00f2 s\u00ed que s\u2019assenta la base d\u2019aquest, tenint en compte\u00a0 que es deroga part de l\u2019ordenan\u00e7a\u201d.<\/span><\/p>\n<p style=\"text-align: justify;\"><span style=\"color: #000000;\"><strong>6.-Expedient 1099\/2018. Ratificar l\u2019acord de Junta de Govern local de resoluci\u00f3 del recurs de reposici\u00f3 contra l\u2019aprovaci\u00f3 del projecte b\u00e0sic i executiu (fase 1.1.) de remodelaci\u00f3 del poliesportiu municipal.<\/strong><\/span><\/p>\n<p style=\"text-align: justify;\"><span style=\"color: #000000;\"><u>S\u2019aprova<\/u> amb els vots a favor de Comprom\u00eds amb la Bisbal (6) i els vots en contra del PSC (2), Units per la Bisbal-FIC (1), Ara la Bisbal (1) i ERC-AM (1).<\/span><\/p>\n<p style=\"text-align: justify;\"><span style=\"color: #000000;\">La Junta de Govern de 22 de mar\u00e7 de 2019 va aprovar estimar en part el recurs de reposici\u00f3 interposat per l\u2019entitat Club Segle XX contra l\u2019acord de Junta de Govern de l\u201911 d\u2019octubre de 2018 (la Junta en qu\u00e8 s\u2019aprovava definitivament el projecte b\u00e0sic i executiu de la fase 1.1. de remodelaci\u00f3 del pavell\u00f3 esportiu municipal i el seu edifici annex que correspon als vestidors).<\/span><\/p>\n<p style=\"text-align: justify;\"><span style=\"color: #000000;\">El Ple d\u2019aquest dilluns ha aprovat ratificar l\u2019acord de la Junta de Govern del mar\u00e7 de 2019 amb l\u2019objectiu de completar l\u2019expedient. Amb aquest punt, s\u2019aprova desestimar part del recurs de reposici\u00f3 interposat per Club Segle XX; s\u2019aprova definitivament el projecte b\u00e0sic i executiu de la fase 1.1., per 1.411.470\u20ac (IVA incl\u00f2s) del pavell\u00f3 i 545.091,18\u20ac (IVA incl\u00f2s) dels vestidors; i redactar la relaci\u00f3 de b\u00e9ns i drets afectats per l\u2019execuci\u00f3 del projecte de rehabilitaci\u00f3.<\/span><\/p>\n<p style=\"text-align: justify;\"><span style=\"color: #000000;\">Est\u00e0 previst que les obres de rehabilitaci\u00f3 es licitin en els pr\u00f2xims mesos.<\/span><\/p>\n<p style=\"text-align: justify;\"><span style=\"color: #000000;\"><strong>7.-Expedient 166\/2020. Es d\u00f3na compte de l\u2019execuci\u00f3 trimestral del pressupost en el 4t trimestre de 2019.<\/strong><\/span><\/p>\n<p style=\"text-align: justify;\"><span style=\"color: #000000;\"><u>Es d\u00f3na compte<\/u> al Ple de l\u2019informe de secretaria-intervenci\u00f3 sobre l\u2019execuci\u00f3 trimestral del pressupost corresponent al 4t trimestre de 2019. Aquest informe s\u2019envi\u00e0 el 30 de gener de 2020 al Ministeri d\u2019Hisenda i Administracions P\u00fabliques, dins el termini establert.<\/span><\/p>\n<p style=\"text-align: justify;\"><span style=\"color: #000000;\"><strong>8.-Expedient 193\/2020. Es d\u00f3na compte de l\u2019informe d\u2019intervenci\u00f3 sobre el per\u00edode mitj\u00e0 de pagament del 4t trimestre de 2019.<\/strong><\/span><\/p>\n<p style=\"text-align: justify;\"><span style=\"color: #000000;\"><u>Es d\u00f3na compte<\/u> al Ple de l\u2019informe de Secretaria \u2013 Intervenci\u00f3 sobre el Per\u00edode Mitj\u00e0 de Pagament a prove\u00efdors corresponent al 4t trimestre de 2019, que \u00e9s de 31,28 dies.<\/span><\/p>\n<p style=\"text-align: justify;\"><span style=\"color: #000000;\">\u00c9s superior al Per\u00edode Mitj\u00e0 de Pagament (PMP) a prove\u00efdors legalment previst per 1,28 dies, ja que el m\u00e0xim legal \u00e9s de 30 dies. L\u2019alcaldessa Agn\u00e8s Ferr\u00e9 ha explicat que \u201cdurant l\u2019\u00faltim trimestre del 2019 han coincidit diverses certificacions d\u2019obres p\u00fabliques. Quan entren a registre la certificaci\u00f3 corresponent entra tamb\u00e9 la factura i com que, seguint la normativa, cal aprovar primer la certificaci\u00f3 amb els informes corresponents dels t\u00e8cnics i despr\u00e9s aprovar la factura, aix\u00f2 ha fet que el PMP es vegi afectat. \u00c9s un fet puntual, ja que hem acomplert el per\u00edode mig de pagament en els altres tres trimestres de 2019 i tamb\u00e9 l\u2019estem complint aquest primer trimestre de 2020\u201d.<\/span><\/p>\n<p style=\"text-align: justify;\"><span style=\"color: #000000;\"><strong>9.-Expedient 1612\/2019. Es d\u00f3na compte del compliment en mat\u00e8ria de morositat.<\/strong><\/span><\/p>\n<p style=\"text-align: justify;\"><span style=\"color: #000000;\"><u>Es d\u00f3na compte<\/u> al Ple de l\u2019informe anual de Secretaria \u2013 Intervenci\u00f3 sobre el compliment en mat\u00e8ria de morositat.<\/span><\/p>\n<p style=\"text-align: justify;\"><span style=\"color: #000000;\">L\u2019any 2019, el per\u00edode mitj\u00e0 de pagament a prove\u00efdor va ser:<\/span><\/p>\n<p style=\"text-align: justify;\"><span style=\"color: #000000;\">1r trimestre: 6,38 dies<\/span><\/p>\n<p style=\"text-align: justify;\"><span style=\"color: #000000;\">2n trimestre: 26,50 dies<\/span><\/p>\n<p style=\"text-align: justify;\"><span style=\"color: #000000;\">3r trimestre: 26,09 dies<\/span><\/p>\n<p style=\"text-align: justify;\"><span style=\"color: #000000;\">4t trimestre: 31,28 dies (el motiu d\u2019aquesta xifra s\u2019explica en el punt 8\u00e8 del resum del Ple ordinari)<\/span><\/p>\n<p style=\"text-align: justify;\"><span style=\"color: #000000;\"><strong>10.-Es d\u00f3na compte dels Decrets d\u2019alcaldia.<\/strong><\/span><\/p>\n<p style=\"text-align: justify;\"><span style=\"color: #000000;\"><u>Es d\u00f3na compte<\/u> dels darrers Decrets d\u2019alcaldia.<\/span><\/p>\n<p style=\"text-align: justify;\"><span style=\"color: #000000;\"><strong>11.-Es d\u00f3na compte dels acords de la Junta de Govern Local.<\/strong><\/span><\/p>\n<p style=\"text-align: justify;\"><span style=\"color: #000000;\"><u>Es d\u00f3na compte<\/u> dels acords de les Juntes de govern locals des de la Junta del 23 de desembre de 2019 fins a la Junta del 24 de febrer de 2020.<\/span><\/p>\n<p style=\"text-align: justify;\"><span style=\"color: #000000;\"><strong>12.-Punt aprovat per urg\u00e8ncia<\/strong>. Expedient 1614\/2019. Liquidaci\u00f3 de la taxa per al servei de recollida de residus s\u00f2lids urbans de la pineda de Santa Cristina corresponent a l\u2019exercici 2019.<\/span><\/p>\n<p style=\"text-align: justify;\"><span style=\"color: #000000;\">El Ple aprova el reconeixement extrajudicial dels cr\u00e8dits corresponents de la taxa pel servei de recollida de residus s\u00f2lids urbans de l\u2019exercici 2019 de la urbanitzaci\u00f3 de la Pineda de Santa Cristina, a favor de l\u2019Ajuntament de Rodony\u00e0, per 13.891,50\u20ac.<\/span><\/p>\n<p style=\"text-align: justify;\"><span style=\"color: #000000;\">El 30 de juny de 1995 l\u2019Ajuntament de la Bisbal del Pened\u00e8s i l\u2019Ajuntament de Rodony\u00e0 van signar un conveni de col\u00b7laboraci\u00f3 que regula les condicions de la prestaci\u00f3 del servei de recollida de residus s\u00f2lids urbans de la urbanitzaci\u00f3 de la Pineda de Santa Cristina, situada entre els dos termes municipals. Segons aquest conveni, el servei de recollida de residus s\u00f2lids urbans de la urbanitzaci\u00f3 de la Pineda de Santa Cristina, corresponent als habitatges del terme municipal de La Bisbal del Pened\u00e8s, la realitza l\u2019Ajuntament de Rodony\u00e0 per\u00f2 la liquidaci\u00f3 de la taxa d\u2019aquest servei va a c\u00e0rrec de l\u2019Ajuntament de la Bisbal del Pened\u00e8s. La taxa de l\u2019Ajuntament de Rodony\u00e0 es va aprovar definitivament el 9 de novembre de 2009 i estableix un import de 102,90\u20ac anuals per habitatge.<\/span><\/p>\n<p style=\"text-align: justify;\"><span style=\"color: #000000;\">El 25 d\u2019octubre de 2019, l\u2019Ajuntament de Rodony\u00e0 va enviar la liquidaci\u00f3 de la taxa del servei de recollida de residus s\u00f2lids urbans de l\u2019exercici 2019 a l\u2019Ajuntament de la Bisbal del Pened\u00e8s, fent constar el nombre d\u2019habitatges de la urbanitzaci\u00f3 de la Pineda de Santa Cristina, per un import de 13.891,50\u20ac. Segons ha explicat l\u2019alcaldessa de la Bisbal del Pened\u00e8s, Agn\u00e8s Ferr\u00e9, \u201caprovem aquest punt, enguany, davant la impossibilitat de fer-ho el 2019 per la complexitat de fer front a les despeses en curs i la seva tramitaci\u00f3, ja que ten\u00edem el pressupost prorrogat\u201d.<\/span><\/p>\n<p style=\"text-align: justify;\"><span style=\"color: #000000;\"><strong>El ple finalitza amb el torn de precs i preguntes.<\/strong><\/span><\/p>\n<p style=\"text-align: center;\"><iframe loading=\"lazy\" src=\"https:\/\/www.youtube.com\/embed\/zDdQ7Aj-pd0\" width=\"560\" height=\"315\" frameborder=\"0\" allowfullscreen=\"allowfullscreen\"><\/iframe><\/p>\n<hr \/>\n<p style=\"text-align: justify;\"><span style=\"color: #000000;\"><strong>CASTELLANO | <\/strong><\/span><span style=\"color: #000000;\">Este lunes 16 de marzo de 2020, a las 19h, se ha celebrado el Pleno ordinario correspondiente a este trimestre. La sesi\u00f3n se ha celebrado a puerta cerrada y tomando las medidas de higiene y distancias correspondientes para prevenir el coronavirus covid-19.<\/span><\/p>\n<p style=\"text-align: justify;\"><span style=\"color: #000000;\">En el inicio del Pleno se ha aprobado por unanimidad la urgencia de incorporar el punto &#8220;Liquidaci\u00f3n de la tasa por el servicio de recogida de residuos s\u00f3lidos urbanos de la Pineda de Santa Cristina correspondiente al ejercicio 2019&#8221; y, por lo tanto, se ha incorporado la propuesta al Pleno con los votos a favor de Comprom\u00eds amb la Bisbal (6), el PSC (2), Units per la Bisbal-FIC (1), Ara la Bisbal (1) y ERC-AM (1 ).<\/span><\/p>\n<p style=\"text-align: justify;\"><span style=\"color: #000000;\">En el Pleno se han tratado los siguientes puntos:<\/span><\/p>\n<p style=\"text-align: justify;\"><span style=\"color: #000000;\"><strong>1.-Aprobaci\u00f3n del acta del Pleno extraordinario del 12\/12\/2019<\/strong><\/span><\/p>\n<p style=\"text-align: justify;\"><span style=\"color: #000000;\"><u>Se aprueba<\/u> con los votos a favor de Comprom\u00eds amb la Bisbal (6), PSC (2), Units per la Bisbal-FIC (1) y ERC-AM (1) y el voto en contra de Ara la Bisbal (1 ).<\/span><\/p>\n<p style=\"text-align: justify;\"><span style=\"color: #000000;\"><strong>2.-Aprobaci\u00f3n del acta del Pleno ordinario del 16\/12\/2019<\/strong><\/span><\/p>\n<p style=\"text-align: justify;\"><span style=\"color: #000000;\"><u>Se aprueba<\/u> con los votos a favor de Comprom\u00eds amb la Bisbal (6), PSC (2), Units per la Bisbal-FIC (1) y ERC-AM (1) y el voto en contra de Ara la Bisbal (1 ).<\/span><\/p>\n<p style=\"text-align: justify;\"><span style=\"color: #000000;\"><strong>3.-Aprobaci\u00f3n del acta del Pleno extraordinario del 25\/02\/2020<\/strong><\/span><\/p>\n<p style=\"text-align: justify;\"><span style=\"color: #000000;\"><u>Se aprueba<\/u> con los votos a favor de Comprom\u00eds amb la Bisbal (6), PSC (1), Units per la Bisbal-FIC (1) y Ara la Bisbal (1).<\/span><\/p>\n<p style=\"text-align: justify;\"><span style=\"color: #000000;\">(La concejala de ERC-AM y uno de los concejales del PSC no votan porque no asistieron al Pleno.)<\/span><\/p>\n<p style=\"text-align: justify;\"><span style=\"color: #000000;\"><strong>4.-Expediente 405\/2020. Aprobaci\u00f3n de la modificaci\u00f3n de cr\u00e9dito 1PLE \/ 2020.<\/strong><\/span><\/p>\n<p style=\"text-align: justify;\"><span style=\"color: #000000;\"><u>Se aprueba<\/u> con los votos a favor de Comprom\u00eds amb la Bisbal (6), los votos en contra de Units per la Bisbal-FIC (1), Ara la Bisbal (1) y ERC-AM (1) y la abstenci\u00f3n del PSC (2).<\/span><\/p>\n<p style=\"text-align: justify;\"><span style=\"color: #000000;\">Se aprueba inicialmente el expediente de modificaci\u00f3n de cr\u00e9dito 1PLE \/ 2020, en la modalidad de cr\u00e9dito extraordinario financiado con la baja de cr\u00e9dito.<\/span><\/p>\n<p style=\"text-align: justify;\"><span style=\"color: #000000;\">As\u00ed, se crea la nueva partida de gastos &#8220;Limpieza viaria&#8221; con 15.000 \u20ac. Estos 15.000 \u20ac se sacan de la partida &#8220;Limpieza acera urbanizaciones&#8221; que ten\u00eda presupuestado un importe de 60.000 \u20ac y que ahora quedar\u00e1 en 45.000 \u20ac.<\/span><\/p>\n<p style=\"text-align: justify;\"><span style=\"color: #000000;\">Esta modificaci\u00f3n se ha justificado por el hecho que este a\u00f1o se deber\u00eda volver a licitar el servicio de desbroce de aceras de urbanizaciones, para el que hab\u00eda una partida de 60.000 \u20ac. La alcaldesa ha explicado que &#8220;la \u00faltima licitaci\u00f3n no dio el servicio esperado&#8221; y por este motivo se ha decidido contratar un estudio y servicio con la Fundaci\u00f3 Santa Teresa.<\/span><\/p>\n<p style=\"text-align: justify;\"><span style=\"color: #000000;\">Uno de los estudios consistir\u00e1 en valorar los trabajos de desbrozamiento m\u00e1s necesarios a realizar en el municipio y tendr\u00e1 un coste de 6647,46\u20ac. Se realizar\u00e1 es desbroce en varias calles, durante cuatro periodos de este a\u00f1o, de 10 a 15 d\u00edas por estaci\u00f3n. Posteriormente, se presentar\u00e1 una valoraci\u00f3n para evaluar las necesidades de desbroce, tanto por periodos temporales como por zonas del municipio.<\/span><\/p>\n<p style=\"text-align: justify;\"><span style=\"color: #000000;\">El otro estudio servir\u00e1 para valorar los trabajos de limpieza vial m\u00e1s necesarios en el municipio y tendr\u00e1 un coste de 8.049,27\u20ac. Se realizar\u00e1n limpiezas viales durante las cuatro estaciones y tambi\u00e9n se presentar\u00e1 una valoraci\u00f3n tanto de espacios como de la maquinaria y de los servicios m\u00e1s adecuados para llevar a cabo la limpieza vial en el municipio.<\/span><\/p>\n<p style=\"text-align: justify;\"><span style=\"color: #000000;\">Por todo ello, se prev\u00e9 que a finales de a\u00f1o se puedan licitar los servicios para el ejercicio 20201.<\/span><\/p>\n<p style=\"text-align: justify;\"><span style=\"color: #000000;\"><strong>5.-Expediente 299\/2020. Derogaci\u00f3n de parte de la Ordenanza fiscal n\u00fam. 23 reguladora de la tasa para el otorgamiento de licencias urban\u00edsticas.<\/strong><\/span><\/p>\n<p style=\"text-align: justify;\"><span style=\"color: #000000;\"><u>Se aprueba<\/u> con los votos a favor de Comprom\u00eds amb la Bisbal (6), PSC (2), Units per la Bisbal-FIC (1), Ara la Bisbal (1) y ERC-AM (1).<\/span><\/p>\n<p style=\"text-align: justify;\"><span style=\"color: #000000;\">La propuesta aprobada incluye derogar parte de la Ordenanza fiscal n\u00fam. 23 reguladora de la tasa para el otorgamiento de licencias urban\u00edstica seg\u00fan el siguiente detalle:<\/span><\/p>\n<p style=\"text-align: justify;\"><span style=\"color: #000000;\">-Derogar el art\u00edculo 12.1.Iil.2. Desmontes, excavaci\u00f3n, explanaci\u00f3n y terraplenado por metro c\u00fabico, 0,19\u20ac (en cumplimiento de una sentencia del 2014).<\/span><\/p>\n<p style=\"text-align: justify;\"><span style=\"color: #000000;\">-Derogar el art\u00edculo 12.1.VI.41. Instalaciones complementarias de edificios, como son las instalaciones el\u00e9ctricas, placas solares, antenas colectivas y parab\u00f3licas, radioemisores y similares, por unidad o elemento instalado, 121,09\u20ac.<\/span><\/p>\n<p style=\"text-align: justify;\"><span style=\"color: #000000;\">-Aplicar estas medidas con car\u00e1cter retroactivo de grado medio, es decir, sobre expedientes no cerrados.<\/span><\/p>\n<p style=\"text-align: justify;\"><span style=\"color: #000000;\">-Dar al expediente la tramitaci\u00f3n y la publicidad preceptiva, mediante la exposici\u00f3n de este en el tabl\u00f3n de anuncios del Ayuntamiento de la Bisbal del Pened\u00e8s y en el Bolet\u00edn Oficial de la Provincia de Tarragona, por un plazo de treinta d\u00edas h\u00e1biles, dentro de los cuales los interesados podr\u00e1n examinarlo y plantear las reclamaciones que estimen oportunas.<\/span><\/p>\n<p style=\"text-align: justify;\"><span style=\"color: #000000;\">Explicaci\u00f3n del punto:<\/span><\/p>\n<p style=\"text-align: justify;\"><span style=\"color: #000000;\">En 2008 se aprob\u00f3 la ordenanza de la tasa para el otorgamiento de licencias urban\u00edsticas. Se trata de una tasa para la realizaci\u00f3n de las actividades administrativas necesarias para el otorgamiento de la licencia urban\u00edstica en determinados casos.<\/span><\/p>\n<p style=\"text-align: justify;\"><span style=\"color: #000000;\">En el 2011 se aprob\u00f3 una licencia para movimientos de tierras con un ICIO de 1.799,12\u20ac y una tasa de 2.101,78\u20ac y la persona que solicit\u00f3 la licencia reclam\u00f3 y present\u00f3 un recurso contra el Ayuntamiento. En el 2014 el Tribunal Superior de Justicia de Catalunya dict\u00f3 sentencia estimando el recurso interpuesto contra la liquidaci\u00f3n de la tasa de licencia de obras (por movimiento de tierras) del 2011, emitida por el Ayuntamiento de la Bisbal del Pened\u00e8s y declarando nulo el art\u00edculo 12.1.2. El motivo del Tribunal Superior de Justicia de Catalunya para declarar nulo el art\u00edculo 12.1.2 de la Ordenanza Fiscal Reguladora de la tasa para el otorgamiento de licencias urban\u00edsticas es \u201cla irracionalidad del c\u00e1lculo de la tasa, ya que no cuenta con topes o l\u00edmites que hagan que esta no supere el importe del impuesto sobre construcciones, instalaciones y obras (ICIO); considerando que la base imponible del impuesto es el coste real y efectivo de la obra y que la base imponible de la tasa queda determinada por el coste real y efectivo de la obra y que la base imponible de la tasa queda determinada por el coste de la actividad administrativa necesaria para el otorgamiento de la licencia\u201d. As\u00ed, la sentencia declaraba nulo el art\u00edculo 12.1.2. de la Ordenanza fiscal reguladora de la tasa para el otorgamiento de licencias urban\u00edsticas que corresponde a las cuotas a satisfacer como tasa por: movimiento de tierras (que incluye desmontes y excavaci\u00f3n), pavimentaci\u00f3n o ajardinamiento de terrenos y solares y limpieza y desbroce de parcelas y solares.<\/span><\/p>\n<p style=\"text-align: justify;\"><span style=\"color: #000000;\">En enero de 2015, el equipo de gobierno de entonces aprob\u00f3 retornar la tasa urban\u00edstica pero no se aprob\u00f3 la derogaci\u00f3n de la parte de la Ordenanza fiscal. Seg\u00fan la alcaldesa de la Bisbal del Pened\u00e8s, Agn\u00e8s Ferr\u00e9 \u201cen mayo del 2015 hubo elecciones municipales, hubo un cambio de gobierno y no tuvimos constancia de esta sentencia ni del hecho que no se hab\u00eda cumplido: entonces los concejales de la oposici\u00f3n no ten\u00edamos acceso al registro de entradas y salidas ni a todas las actas de Junta de Gobierno. A parte, el secretario-interventor municipal que hab\u00eda en enero de 2015 no era el mismo que hubo a partir del verano de 2015 y, por lo tanto, la tasa segu\u00eda en vigor\u201d.<\/span><\/p>\n<p style=\"text-align: justify;\"><span style=\"color: #000000;\">La alcaldesa ha aclarado que hace aproximadamente un a\u00f1o que no se penaliza, por parte del estado, la instalaci\u00f3n de placas fotovoltaicas y que la tasa a la que se hace referencia tambi\u00e9n se aplica a la instalaci\u00f3n de estas placas. Se da el caso que, en junio del 2019, la Junta de Gobierno aprob\u00f3 una liquidaci\u00f3n tributaria para la instalaci\u00f3n y puesta en funcionamiento de paneles solares para autoconsumo que \u201ccon un presupuesto de obra de 6.570\u20ac le correspond\u00eda un ICIO (Impuesto de construcciones) de 249,66\u20ac pero en cambio la tasa urban\u00edstica era de 1.937,44\u20ac\u201d. En febrero, el interesado present\u00f3 un recurso de reposici\u00f3n contra la liquidaci\u00f3n de la tasa de la licencia de obras para la instalaci\u00f3n de paneles solares para autoconsumo, alegando que el gravamen fiscal impuesto por el Ayuntamiento era desproporcionado.<\/span><\/p>\n<p style=\"text-align: justify;\"><span style=\"color: #000000;\">La alcaldesa Agn\u00e8s Ferr\u00e9 ha aclarado que, durante los \u00faltimos meses, el Ayuntamiento de la Bisbal del Pened\u00e8s ha estado recabando informaci\u00f3n sobre esta ordenanza y, durante la b\u00fasqueda, se ha localizado la sentencia de 2014. As\u00ed mismo, se ha trabajado para hacer las consultas oportunas a fin y efecto de poder aprobar la derogaci\u00f3n que se elev\u00f3 el lunes al Pleno y que aprob\u00f3 por unanimidad. En cuanto a la liquidaci\u00f3n tributaria aprobada en junio del 2019, Ferr\u00e9 ha explicado que \u201cen este Pleno no se ha resuelto el recurso pero s\u00ed que se asienta la base de este, teniendo en cuenta que se deroga parte de la ordenanza\u201d.<\/span><\/p>\n<p style=\"text-align: justify;\"><span style=\"color: #000000;\"><strong>6.-Expediente 1099\/2018. Ratificar el acuerdo de Junta de Gobierno local de resoluci\u00f3n del recurso de reposici\u00f3n contra la aprobaci\u00f3n del proyecto b\u00e1sico y ejecutivo (fase 1.1.) de remodelaci\u00f3n del polideportivo municipal.<\/strong><\/span><\/p>\n<p style=\"text-align: justify;\"><span style=\"color: #000000;\"><u>Se aprueba<\/u> con los votos a favor de Comprom\u00eds amb la Bisbal (6) y los votos en contra de PSC (2) ), Units per la Bisbal-FIC (1), Ara la Bisbal (1) Y ERC-AM (1).<\/span><\/p>\n<p style=\"text-align: justify;\"><span style=\"color: #000000;\">La Junta de Gobierno del 22 de marzo de 2019 aprob\u00f3 estimar en parte el recurso de reposici\u00f3n interpuesto por la entidad Club Segle XX contra el acuerdo de Junta de Gobierno del 11 de octubre de 2018 (la Junta en la que se aprobaba definitivamente el proyecto b\u00e1sico y ejecutivo de la fase 1.1. de remodelaci\u00f3n del pabell\u00f3n deportivo municipal y su edificio anexo que corresponde a los vestidores).<\/span><\/p>\n<p style=\"text-align: justify;\"><span style=\"color: #000000;\">El Pleno de este lunes ha aprobado ratificar el acuerdo de la Junta de Gobierno de marzo del 2019 con el objetivo de completar el expediente. Con este punto, se aprueba desestimar parte del recurso de reposici\u00f3n interpuesto por Club Segle XX; se aprueba definitivamente el proyecto b\u00e1sico y ejecutivo de la fase 1.1., por 1.411.470\u20ac (IVA incluido) del pabell\u00f3n y 545.091,18\u20ac (IVA incluido) de los vestidores; y redactar la relaci\u00f3n de bienes y derechos afectados por la ejecuci\u00f3n del proyecto de rehabilitaci\u00f3n.<\/span><\/p>\n<p style=\"text-align: justify;\"><span style=\"color: #000000;\">Est\u00e1 previsto que las obras de rehabilitaci\u00f3n se liciten en los pr\u00f3ximos meses.<\/span><\/p>\n<p style=\"text-align: justify;\"><span style=\"color: #000000;\"><strong>7.-Expediente 166\/2020. Se da cuenta de la ejecuci\u00f3n trimestral del presupuesto en el 4\u00ba trimestre de 2019. <\/strong><\/span><\/p>\n<p style=\"text-align: justify;\"><span style=\"color: #000000;\"><u>Se da cuenta<\/u> al Pleno del informe de secretar\u00eda-intervenci\u00f3n sobre la ejecuci\u00f3n trimestral del presupuesto correspondiente al 4\u00ba trimestre de 2019. Este informe se enviar\u00e1 el 30 de enero de 2020 al Ministerio de Hacienda y Administraciones P\u00fablicas, dentro del plazo establecido.<\/span><\/p>\n<p style=\"text-align: justify;\"><span style=\"color: #000000;\"><strong>8.-Expediente 193\/2020. Se da cuenta del informe de intervenci\u00f3n sobre el periodo medio de pago del 4\u00ba trimestre de 2019.<\/strong><\/span><\/p>\n<p style=\"text-align: justify;\"><span style=\"color: #000000;\"><u>Se da cuenta<\/u> al Pleno del informe de Secretar\u00eda \u2013 Intervenci\u00f3n sobre el Periodo Medio de Pago a proveedores correspondiente al 4\u00ba trimestre de 2019, que es de 31,28 d\u00edas.<\/span><\/p>\n<p style=\"text-align: justify;\"><span style=\"color: #000000;\">Es superior al Periodo Medio de Pago (PMP) a proveedores legalmente previsto por 1,28 d\u00edas, ya que el m\u00e1ximo legal es de 30 d\u00edas. La alcaldesa Agn\u00e8s Ferr\u00e9 ha explicado que \u201cdurante el \u00faltimo trimestre del 2019 han coincidido varias certificaciones de obras p\u00fablicas. Cuando entran a registro la certificaci\u00f3n correspondiente entra tambi\u00e9n la factura y como que, siguiendo la normativa, hay que aprobar primero la certificaci\u00f3n con los informes correspondientes de los t\u00e9cnicos y despu\u00e9s aprobar la factura, esto ha hecho que el PMP se vea afectado. Este es un hecho puntual, ya que hemos cumplido el periodo medio de pago en los otros tres trimestre de 2019 y tambi\u00e9n lo estamos cumpliendo en el primer trimestre de 2020\u201d.<\/span><\/p>\n<p style=\"text-align: justify;\"><span style=\"color: #000000;\"><strong>9.-Expediente 1612\/2019. Se da cuenta del cumplimiento en materia de morosidad.<\/strong><\/span><\/p>\n<p style=\"text-align: justify;\"><span style=\"color: #000000;\"><u>Se da cuenta<\/u> al Pleno del informe anual de Secretar\u00eda \u2013 Intervenci\u00f3n sobre el cumplimiento en materia de morosidad.<\/span><\/p>\n<p style=\"text-align: justify;\"><span style=\"color: #000000;\">El a\u00f1o 2019, el periodo medio de pago a proveedor fue:<\/span><\/p>\n<p style=\"text-align: justify;\"><span style=\"color: #000000;\">1r trimestre: 6,38 d\u00edas<\/span><\/p>\n<p style=\"text-align: justify;\"><span style=\"color: #000000;\">2\u00ba trimestre: 26,50 d\u00edas<\/span><\/p>\n<p style=\"text-align: justify;\"><span style=\"color: #000000;\">3r trimestre: 26,09 d\u00edas<\/span><\/p>\n<p style=\"text-align: justify;\"><span style=\"color: #000000;\">4\u00ba trimestre: 31,28 d\u00edas (el motivo de esta cifra se explica en el punto 8\u00ba del resumen del Pleno ordinario).<\/span><\/p>\n<p style=\"text-align: justify;\"><span style=\"color: #000000;\"><strong>10.-Se da cuenta de los Decretos de alcald\u00eda.<\/strong><\/span><\/p>\n<p style=\"text-align: justify;\"><span style=\"color: #000000;\"><u>Se da cuenta<\/u> de los \u00faltimos Decretos de alcald\u00eda<\/span><\/p>\n<p style=\"text-align: justify;\"><span style=\"color: #000000;\"><strong>11.-Se da cuenta de los acuerdos de la Junta de Gobierno Local.<\/strong><\/span><\/p>\n<p style=\"text-align: justify;\"><span style=\"color: #000000;\"><u>Se da cuenta<\/u> de los acuerdos de las Juntas de gobierno local desde la Junta del 23 de diciembre de 2019 hasta la Junta del 24 de febrero de 2020.<\/span><\/p>\n<p style=\"text-align: justify;\"><span style=\"color: #000000;\"><strong>12.-Punto aprobado por urgencia. Expediente 1614\/2019. Liquidaci\u00f3n de la tasa al servicio de recogida de residuos s\u00f3lidos urbanos de la Pineda de Santa Cristina Correspondiente al ejercicio 2019.<\/strong><\/span><\/p>\n<p style=\"text-align: justify;\"><span style=\"color: #000000;\">El Pleno aprueba el reconocimiento extrajudicial de los cr\u00e9ditos correspondientes de la tasa por el servicio de recogida de residuos s\u00f3lidos urbanos del ejercicio 2019 de la urbanizaci\u00f3n de la Pineda de Santa Cristina, a favor del Ayuntamiento de Rodony\u00e0, por 13.891,50\u20ac.<\/span><\/p>\n<p style=\"text-align: justify;\"><span style=\"color: #000000;\">El 30 de junio de 1995 el Ayuntamiento de la Bisbal del Pened\u00e8s y el Ayuntamiento de Rodony\u00e0 firmaron un convenio de colaboraci\u00f3n que regula las condiciones de la prestaci\u00f3n del servicio de recogida de residuos s\u00f3lidos urbanos de la urbanizaci\u00f3n de la Pineda de Santa Cristina, situada entre los dos t\u00e9rminos municipales. Seg\u00fan este convenio, el servicio de recogida de residuos s\u00f3lidos urbanos de la urbanizaci\u00f3n de la Pineda de Santa Cristina, correspondiente a las viviendas del t\u00e9rmino municipal de La Bisbal del Pened\u00e8s, la realiza el Ayuntamiento de Rodony\u00e0 per\u00f2 la liquidaci\u00f3n de la tasa de este servicio va a cargo del Ayuntamiento de la Bisbal del Pened\u00e8s. La tasa del Ayuntamiento de Rodony\u00e0 se aprob\u00f3 definitivamente el 9 de noviembre de 2009 y establece un importe de 102,90\u20ac anuales por vivienda.<\/span><\/p>\n<p style=\"text-align: justify;\"><span style=\"color: #000000;\">El 25 de octubre de 2019, el Ayuntamiento de Rodony\u00e0 envi\u00f3 a liquidaci\u00f3n de la tasa del servicio de recogida de residuos urbanos del ejercicio 2019 al Ayuntamiento de la Bisbal del Pened\u00e8s, haciendo constar el n\u00famero de viviendas de la urbanizaci\u00f3n de la Pineda de Santa Cristina, por un importe de 13.891,50\u20ac. Seg\u00fan ha explicado la alcaldesa de la Bisbal del Pened\u00e8s, Agn\u00e8s Ferr\u00e9, \u201caprobamos este punto, este a\u00f1o, ante la imposibilidad de hacerlo en el 2019 por la complejidad de hacer frente a los gastos en curso y su tramitaci\u00f3n, ya que ten\u00edamos el presupuesto prorrogado\u201d.<\/span><\/p>\n<p style=\"text-align: justify;\"><span style=\"color: #000000;\"><strong>El pleno finaliza con el turno de ruegos y preguntas.<\/strong><\/span><\/p>\n<p>&nbsp;<\/p>\n<p>&nbsp;<\/p>\n<p>&nbsp;<\/p>\n<p>&nbsp;<\/p>\n","protected":false},"excerpt":{"rendered":"<p>Aquest dilluns 16 de mar\u00e7 de 2020, a les 19h, s\u2019ha celebrat el Ple ordinari corresponent a aquest trimestre. La sessi\u00f3 s\u2019ha celebrat a porta tancada i prenent les mesures &hellip; <a href=\"https:\/\/bisbalpenedes.com\/web\/2020\/03\/21\/el-dilluns-16-de-marc-es-va-celebrar-el-ple-ordinari-de-lajuntament-de-la-bisbal-del-penedes\/\" class=\"more-link\">Read More<\/a><\/p>\n","protected":false},"author":4,"featured_media":12381,"comment_status":"closed","ping_status":"closed","sticky":false,"template":"","format":"standard","meta":[],"categories":[2250],"tags":[739,3602,1897,3600,3601,1049,1073,622,139,249,3181,483,515,484,1981],"_links":{"self":[{"href":"https:\/\/bisbalpenedes.com\/web\/wp-json\/wp\/v2\/posts\/12380"}],"collection":[{"href":"https:\/\/bisbalpenedes.com\/web\/wp-json\/wp\/v2\/posts"}],"about":[{"href":"https:\/\/bisbalpenedes.com\/web\/wp-json\/wp\/v2\/types\/post"}],"author":[{"embeddable":true,"href":"https:\/\/bisbalpenedes.com\/web\/wp-json\/wp\/v2\/users\/4"}],"replies":[{"embeddable":true,"href":"https:\/\/bisbalpenedes.com\/web\/wp-json\/wp\/v2\/comments?post=12380"}],"version-history":[{"count":1,"href":"https:\/\/bisbalpenedes.com\/web\/wp-json\/wp\/v2\/posts\/12380\/revisions"}],"predecessor-version":[{"id":12383,"href":"https:\/\/bisbalpenedes.com\/web\/wp-json\/wp\/v2\/posts\/12380\/revisions\/12383"}],"wp:featuredmedia":[{"embeddable":true,"href":"https:\/\/bisbalpenedes.com\/web\/wp-json\/wp\/v2\/media\/12381"}],"wp:attachment":[{"href":"https:\/\/bisbalpenedes.com\/web\/wp-json\/wp\/v2\/media?parent=12380"}],"wp:term":[{"taxonomy":"category","embeddable":true,"href":"https:\/\/bisbalpenedes.com\/web\/wp-json\/wp\/v2\/categories?post=12380"},{"taxonomy":"post_tag","embeddable":true,"href":"https:\/\/bisbalpenedes.com\/web\/wp-json\/wp\/v2\/tags?post=12380"}],"curies":[{"name":"wp","href":"https:\/\/api.w.org\/{rel}","templated":true}]}}