{"id":12373,"date":"2020-03-20T19:38:24","date_gmt":"2020-03-20T18:38:24","guid":{"rendered":"http:\/\/bisbalpenedes.com\/web\/?p=12373"},"modified":"2020-03-30T13:48:22","modified_gmt":"2020-03-30T12:48:22","slug":"sengega-el-servei-de-desinfeccio-de-la-via-publica","status":"publish","type":"post","link":"https:\/\/bisbalpenedes.com\/web\/2020\/03\/20\/sengega-el-servei-de-desinfeccio-de-la-via-publica\/","title":{"rendered":"S&#8217;engega el servei de desinfecci\u00f3 de la via p\u00fablica"},"content":{"rendered":"<p><span style=\"color: #000000;\">Avui han comen\u00e7at els treballs de desinfecci\u00f3 dels carrers del municipi que tenen m\u00e9s aflu\u00e8ncia de persones, especialment la zona del CAP i les vies on hi ha establiments comercials oberts perqu\u00e8 venen productes de primera necessitat. Aquesta acci\u00f3 preventiva es du a terme amb aigua i desinfectant i se seguir\u00e0 fent, de forma peri\u00f2dica, mentre duri l&#8217;estat d&#8217;alarma pel COVID-19.<\/span><\/p>\n<p><span style=\"color: #000000;\">M\u00e9s informaci\u00f3:<\/span>\u00a0<a href=\"https:\/\/bisbalpenedes.com\/web\/2020\/03\/19\/entre-avui-i-dema-es-procedira-a-desinfectar-els-carrers-amb-mes-afluencia-de-gent\/\">https:\/\/bisbalpenedes.com\/web\/2020\/03\/19\/entre-avui-i-dema-es-procedira-a-desinfectar-els-carrers-amb-mes-afluencia-de-gent\/<\/a><\/p>\n<hr \/>\n<p><span style=\"color: #000000;\"><b>CASTELLANO |\u00a0<\/b>Hoy han empezado los trabajos de desinfecci\u00f3n de las calles del municipio que tienen m\u00e1s afluencia de personas, especialmente la zona del CAP y las v\u00edas donde hay establecimientos comerciales abiertos porqu\u00e9 venden productos de primera necesidad. Esta acci\u00f3n preventiva se lleva a cabo con agua y desinfectante y se seguir\u00e1 haciendo, de forma peri\u00f3dica, mientras dure el estado de alarma por el COVID-19.<\/span><\/p>\n<p><span style=\"color: #000000;\">M\u00e1s informaci\u00f3n:<\/span>\u00a0<a href=\"https:\/\/bisbalpenedes.com\/web\/2020\/03\/19\/entre-avui-i-dema-es-procedira-a-desinfectar-els-carrers-amb-mes-afluencia-de-gent\/\">https:\/\/bisbalpenedes.com\/web\/2020\/03\/19\/entre-avui-i-dema-es-procedira-a-desinfectar-els-carrers-amb-mes-afluencia-de-gent\/<\/a><\/p>\n<p>&nbsp;<\/p>\n<p><a href=\"http:\/\/bisbalpenedes.com\/web\/wp-content\/uploads\/2020\/03\/PHOTO-2020-03-20-14-36-21.jpg\"><img loading=\"lazy\" class=\"aligncenter size-large wp-image-12374\" src=\"http:\/\/bisbalpenedes.com\/web\/wp-content\/uploads\/2020\/03\/PHOTO-2020-03-20-14-36-21-827x1024.jpg\" alt=\"desinfeccio covid poble 1\" width=\"630\" height=\"780\" srcset=\"https:\/\/bisbalpenedes.com\/web\/wp-content\/uploads\/2020\/03\/PHOTO-2020-03-20-14-36-21-827x1024.jpg 827w, https:\/\/bisbalpenedes.com\/web\/wp-content\/uploads\/2020\/03\/PHOTO-2020-03-20-14-36-21-600x743.jpg 600w, https:\/\/bisbalpenedes.com\/web\/wp-content\/uploads\/2020\/03\/PHOTO-2020-03-20-14-36-21-242x300.jpg 242w, https:\/\/bisbalpenedes.com\/web\/wp-content\/uploads\/2020\/03\/PHOTO-2020-03-20-14-36-21-768x951.jpg 768w, https:\/\/bisbalpenedes.com\/web\/wp-content\/uploads\/2020\/03\/PHOTO-2020-03-20-14-36-21.jpg 957w\" sizes=\"(max-width: 630px) 100vw, 630px\" \/><\/a> <a href=\"http:\/\/bisbalpenedes.com\/web\/wp-content\/uploads\/2020\/03\/PHOTO-2020-03-20-14-36-22_1.jpg\"><img loading=\"lazy\" class=\"aligncenter size-large wp-image-12375\" src=\"http:\/\/bisbalpenedes.com\/web\/wp-content\/uploads\/2020\/03\/PHOTO-2020-03-20-14-36-22_1-831x1024.jpg\" alt=\"desinfeccio covid19 poble 2\" width=\"630\" height=\"776\" srcset=\"https:\/\/bisbalpenedes.com\/web\/wp-content\/uploads\/2020\/03\/PHOTO-2020-03-20-14-36-22_1-831x1024.jpg 831w, https:\/\/bisbalpenedes.com\/web\/wp-content\/uploads\/2020\/03\/PHOTO-2020-03-20-14-36-22_1-600x739.jpg 600w, https:\/\/bisbalpenedes.com\/web\/wp-content\/uploads\/2020\/03\/PHOTO-2020-03-20-14-36-22_1-244x300.jpg 244w, https:\/\/bisbalpenedes.com\/web\/wp-content\/uploads\/2020\/03\/PHOTO-2020-03-20-14-36-22_1-768x946.jpg 768w, https:\/\/bisbalpenedes.com\/web\/wp-content\/uploads\/2020\/03\/PHOTO-2020-03-20-14-36-22_1.jpg 967w\" sizes=\"(max-width: 630px) 100vw, 630px\" \/><\/a><\/p>\n<p><a href=\"http:\/\/bisbalpenedes.com\/web\/wp-content\/uploads\/2020\/03\/PHOTO-2020-03-20-14-39-17_1.jpg\"><img loading=\"lazy\" class=\"aligncenter size-large wp-image-12376\" src=\"http:\/\/bisbalpenedes.com\/web\/wp-content\/uploads\/2020\/03\/PHOTO-2020-03-20-14-39-17_1-768x1024.jpg\" alt=\"desinfeccio carrers can gordei covid-19-1\" width=\"630\" height=\"840\" srcset=\"https:\/\/bisbalpenedes.com\/web\/wp-content\/uploads\/2020\/03\/PHOTO-2020-03-20-14-39-17_1-768x1024.jpg 768w, https:\/\/bisbalpenedes.com\/web\/wp-content\/uploads\/2020\/03\/PHOTO-2020-03-20-14-39-17_1-600x800.jpg 600w, https:\/\/bisbalpenedes.com\/web\/wp-content\/uploads\/2020\/03\/PHOTO-2020-03-20-14-39-17_1-225x300.jpg 225w, https:\/\/bisbalpenedes.com\/web\/wp-content\/uploads\/2020\/03\/PHOTO-2020-03-20-14-39-17_1.jpg 1536w\" sizes=\"(max-width: 630px) 100vw, 630px\" \/><\/a> <a href=\"http:\/\/bisbalpenedes.com\/web\/wp-content\/uploads\/2020\/03\/PHOTO-2020-03-20-14-39-17_3.jpg\"><img loading=\"lazy\" class=\"aligncenter size-large wp-image-12377\" src=\"http:\/\/bisbalpenedes.com\/web\/wp-content\/uploads\/2020\/03\/PHOTO-2020-03-20-14-39-17_3-768x1024.jpg\" alt=\"desinfeccio carrers can gordei covid-19-2\" width=\"630\" height=\"840\" srcset=\"https:\/\/bisbalpenedes.com\/web\/wp-content\/uploads\/2020\/03\/PHOTO-2020-03-20-14-39-17_3-768x1024.jpg 768w, https:\/\/bisbalpenedes.com\/web\/wp-content\/uploads\/2020\/03\/PHOTO-2020-03-20-14-39-17_3-600x800.jpg 600w, https:\/\/bisbalpenedes.com\/web\/wp-content\/uploads\/2020\/03\/PHOTO-2020-03-20-14-39-17_3-225x300.jpg 225w, https:\/\/bisbalpenedes.com\/web\/wp-content\/uploads\/2020\/03\/PHOTO-2020-03-20-14-39-17_3.jpg 1536w\" sizes=\"(max-width: 630px) 100vw, 630px\" \/><\/a><\/p>\n","protected":false},"excerpt":{"rendered":"<p>Avui han comen\u00e7at els treballs de desinfecci\u00f3 dels carrers del municipi que tenen m\u00e9s aflu\u00e8ncia de persones, especialment la zona del CAP i les vies on hi ha establiments comercials &hellip; <a href=\"https:\/\/bisbalpenedes.com\/web\/2020\/03\/20\/sengega-el-servei-de-desinfeccio-de-la-via-publica\/\" class=\"more-link\">Read More<\/a><\/p>\n","protected":false},"author":4,"featured_media":12378,"comment_status":"closed","ping_status":"closed","sticky":false,"template":"","format":"standard","meta":[],"categories":[3636,14],"tags":[198,866,419,3550,3569,3283,3599,790],"_links":{"self":[{"href":"https:\/\/bisbalpenedes.com\/web\/wp-json\/wp\/v2\/posts\/12373"}],"collection":[{"href":"https:\/\/bisbalpenedes.com\/web\/wp-json\/wp\/v2\/posts"}],"about":[{"href":"https:\/\/bisbalpenedes.com\/web\/wp-json\/wp\/v2\/types\/post"}],"author":[{"embeddable":true,"href":"https:\/\/bisbalpenedes.com\/web\/wp-json\/wp\/v2\/users\/4"}],"replies":[{"embeddable":true,"href":"https:\/\/bisbalpenedes.com\/web\/wp-json\/wp\/v2\/comments?post=12373"}],"version-history":[{"count":1,"href":"https:\/\/bisbalpenedes.com\/web\/wp-json\/wp\/v2\/posts\/12373\/revisions"}],"predecessor-version":[{"id":12379,"href":"https:\/\/bisbalpenedes.com\/web\/wp-json\/wp\/v2\/posts\/12373\/revisions\/12379"}],"wp:featuredmedia":[{"embeddable":true,"href":"https:\/\/bisbalpenedes.com\/web\/wp-json\/wp\/v2\/media\/12378"}],"wp:attachment":[{"href":"https:\/\/bisbalpenedes.com\/web\/wp-json\/wp\/v2\/media?parent=12373"}],"wp:term":[{"taxonomy":"category","embeddable":true,"href":"https:\/\/bisbalpenedes.com\/web\/wp-json\/wp\/v2\/categories?post=12373"},{"taxonomy":"post_tag","embeddable":true,"href":"https:\/\/bisbalpenedes.com\/web\/wp-json\/wp\/v2\/tags?post=12373"}],"curies":[{"name":"wp","href":"https:\/\/api.w.org\/{rel}","templated":true}]}}