{"id":12348,"date":"2020-03-20T13:05:34","date_gmt":"2020-03-20T12:05:34","guid":{"rendered":"http:\/\/bisbalpenedes.com\/web\/?p=12348"},"modified":"2020-03-20T13:07:25","modified_gmt":"2020-03-20T12:07:25","slug":"segon-capitol-de-les-pindoles-bisbalenques-el-castell-actual-cmc","status":"publish","type":"post","link":"https:\/\/bisbalpenedes.com\/web\/2020\/03\/20\/segon-capitol-de-les-pindoles-bisbalenques-el-castell-actual-cmc\/","title":{"rendered":"Segon cap\u00edtol de les &#8216;P\u00edndoles Bisbalenques&#8217;: El castell, l&#8217;actual Centre Municipal de Cultura (CMC)"},"content":{"rendered":"<p><span style=\"color: #000000;\">Aqu\u00ed teniu el segon cap\u00edtol de les \u2018P\u00edndoles Bisbalenques\u2019, dedicat a un dels edificis amb m\u00e9s hist\u00f2ria del poble, l&#8217;actual Centre Municipal de Cultura (CMC)<\/span><\/p>\n<p><span style=\"color: #000000;\">Si us interessa el tema, podeu trobar m\u00e9s informaci\u00f3 sobre el castell i els Salb\u00e0, entre d\u2019altres, en els llibres de Salvador Ferr\u00e9 Mir\u00f3 \u201cEl Llinatge Bisbalenc dels Salb\u00e0\u201d i de Benjam\u00ed Catal\u00e0 Benach, a \u201cLa Bisbal el llarg batec d\u2019un poble al Pened\u00e8s\u201d i \u201cHist\u00f2ries de la Bisbal Mil\u00b7len\u00e0ria\u201d.<\/span><\/p>\n<p><span style=\"color: #000000;\">M\u00e9s informaci\u00f3 sobre la iniciativa de les &#8216;P\u00edndoles Bisbalenques&#8217;:<\/span>\u00a0<a href=\"https:\/\/bisbalpenedes.com\/web\/2020\/03\/18\/la-regidoria-de-cultura-explicara-capitols-de-la-historia-de-la-bisbal-a-les-xarxes-socials-durant-el-confinament\/\" target=\"_blank\">https:\/\/bisbalpenedes.com\/web\/2020\/03\/18\/la-regidoria-de-cultura-explicara-capitols-de-la-historia-de-la-bisbal-a-les-xarxes-socials-durant-el-confinament\/<\/a><\/p>\n<div id='gallery-1' class='gallery galleryid-12348 gallery-columns-3 gallery-size-thumbnail'><figure class='gallery-item'>\n\t\t\t<div class='gallery-icon landscape'>\n\t\t\t\t<a href='https:\/\/bisbalpenedes.com\/web\/2020\/03\/20\/segon-capitol-de-les-pindoles-bisbalenques-el-castell-actual-cmc\/cap-2-pindoles-bisbalenques-castell-1\/'><img width=\"150\" height=\"150\" src=\"https:\/\/bisbalpenedes.com\/web\/wp-content\/uploads\/2020\/03\/Cap.-2.-Pindoles-Bisbalenques-Castell-1-150x150.png\" class=\"attachment-thumbnail size-thumbnail\" alt=\"\" loading=\"lazy\" srcset=\"https:\/\/bisbalpenedes.com\/web\/wp-content\/uploads\/2020\/03\/Cap.-2.-Pindoles-Bisbalenques-Castell-1-150x150.png 150w, https:\/\/bisbalpenedes.com\/web\/wp-content\/uploads\/2020\/03\/Cap.-2.-Pindoles-Bisbalenques-Castell-1-300x300.png 300w, https:\/\/bisbalpenedes.com\/web\/wp-content\/uploads\/2020\/03\/Cap.-2.-Pindoles-Bisbalenques-Castell-1-100x100.png 100w, https:\/\/bisbalpenedes.com\/web\/wp-content\/uploads\/2020\/03\/Cap.-2.-Pindoles-Bisbalenques-Castell-1-600x600.png 600w, https:\/\/bisbalpenedes.com\/web\/wp-content\/uploads\/2020\/03\/Cap.-2.-Pindoles-Bisbalenques-Castell-1-768x768.png 768w, https:\/\/bisbalpenedes.com\/web\/wp-content\/uploads\/2020\/03\/Cap.-2.-Pindoles-Bisbalenques-Castell-1-1024x1024.png 1024w, https:\/\/bisbalpenedes.com\/web\/wp-content\/uploads\/2020\/03\/Cap.-2.-Pindoles-Bisbalenques-Castell-1.png 1080w\" sizes=\"(max-width: 150px) 100vw, 150px\" \/><\/a>\n\t\t\t<\/div><\/figure><figure class='gallery-item'>\n\t\t\t<div class='gallery-icon landscape'>\n\t\t\t\t<a href='https:\/\/bisbalpenedes.com\/web\/2020\/03\/20\/segon-capitol-de-les-pindoles-bisbalenques-el-castell-actual-cmc\/cap-2-pindoles-bisbalenques-castell-2\/'><img width=\"150\" height=\"150\" src=\"https:\/\/bisbalpenedes.com\/web\/wp-content\/uploads\/2020\/03\/Cap.-2.-Pindoles-Bisbalenques-Castell-2-150x150.png\" class=\"attachment-thumbnail size-thumbnail\" alt=\"\" loading=\"lazy\" srcset=\"https:\/\/bisbalpenedes.com\/web\/wp-content\/uploads\/2020\/03\/Cap.-2.-Pindoles-Bisbalenques-Castell-2-150x150.png 150w, https:\/\/bisbalpenedes.com\/web\/wp-content\/uploads\/2020\/03\/Cap.-2.-Pindoles-Bisbalenques-Castell-2-300x300.png 300w, https:\/\/bisbalpenedes.com\/web\/wp-content\/uploads\/2020\/03\/Cap.-2.-Pindoles-Bisbalenques-Castell-2-100x100.png 100w, https:\/\/bisbalpenedes.com\/web\/wp-content\/uploads\/2020\/03\/Cap.-2.-Pindoles-Bisbalenques-Castell-2-600x600.png 600w, https:\/\/bisbalpenedes.com\/web\/wp-content\/uploads\/2020\/03\/Cap.-2.-Pindoles-Bisbalenques-Castell-2-768x768.png 768w, https:\/\/bisbalpenedes.com\/web\/wp-content\/uploads\/2020\/03\/Cap.-2.-Pindoles-Bisbalenques-Castell-2-1024x1024.png 1024w, https:\/\/bisbalpenedes.com\/web\/wp-content\/uploads\/2020\/03\/Cap.-2.-Pindoles-Bisbalenques-Castell-2.png 1080w\" sizes=\"(max-width: 150px) 100vw, 150px\" \/><\/a>\n\t\t\t<\/div><\/figure><figure class='gallery-item'>\n\t\t\t<div class='gallery-icon landscape'>\n\t\t\t\t<a href='https:\/\/bisbalpenedes.com\/web\/2020\/03\/20\/segon-capitol-de-les-pindoles-bisbalenques-el-castell-actual-cmc\/cap-2-pindoles-bisbalenques-castell-3\/'><img width=\"150\" height=\"150\" src=\"https:\/\/bisbalpenedes.com\/web\/wp-content\/uploads\/2020\/03\/Cap.-2.-Pindoles-Bisbalenques-Castell-3-150x150.png\" class=\"attachment-thumbnail size-thumbnail\" alt=\"\" loading=\"lazy\" srcset=\"https:\/\/bisbalpenedes.com\/web\/wp-content\/uploads\/2020\/03\/Cap.-2.-Pindoles-Bisbalenques-Castell-3-150x150.png 150w, https:\/\/bisbalpenedes.com\/web\/wp-content\/uploads\/2020\/03\/Cap.-2.-Pindoles-Bisbalenques-Castell-3-300x300.png 300w, https:\/\/bisbalpenedes.com\/web\/wp-content\/uploads\/2020\/03\/Cap.-2.-Pindoles-Bisbalenques-Castell-3-100x100.png 100w, https:\/\/bisbalpenedes.com\/web\/wp-content\/uploads\/2020\/03\/Cap.-2.-Pindoles-Bisbalenques-Castell-3-600x600.png 600w, https:\/\/bisbalpenedes.com\/web\/wp-content\/uploads\/2020\/03\/Cap.-2.-Pindoles-Bisbalenques-Castell-3-768x768.png 768w, https:\/\/bisbalpenedes.com\/web\/wp-content\/uploads\/2020\/03\/Cap.-2.-Pindoles-Bisbalenques-Castell-3-1024x1024.png 1024w, https:\/\/bisbalpenedes.com\/web\/wp-content\/uploads\/2020\/03\/Cap.-2.-Pindoles-Bisbalenques-Castell-3.png 1080w\" sizes=\"(max-width: 150px) 100vw, 150px\" \/><\/a>\n\t\t\t<\/div><\/figure>\n\t\t<\/div>\n\n<hr \/>\n<div class=\"text_exposed_show\">\n<p><span style=\"color: #000000;\"><b>CASTELLANO |\u00a0<\/b>Aqu\u00ed ten\u00e9is el segundo cap\u00edtulo de las \u2018P\u00edndoles Bisbalenques\u2019, dedicado a uno de los edificios con m\u00e1s historia del pueblo, el actual Centre Municipal de Cultura (CMC).<\/span><\/p>\n<p><span style=\"color: #000000;\">Si os interesa el tema, pod\u00e9is encontrar m\u00e1s informaci\u00f3n sobre el castillo y los Salb\u00e8, entre otros, en los libros de Salvador Ferr\u00e9 Mir\u00f3, \u201cEl llinatge Bisbalenc dels Salb\u00e0\u201d, y de Benjam\u00ed Catal\u00e0 Benach, en \u201cLa Bisbal el llarg batec d\u2019un poble al Pened\u00e8s\u201d y \u201cHist\u00f2ries de la Bisbal Mil\u00b7len\u00e0ria\u201d.<\/span><\/p>\n<\/div>\n<p><span style=\"color: #000000;\">M\u00e1s informaci\u00f3n sobre la iniciativa de las &#8216;P\u00edndoles Bisbalenques&#8217;:<\/span>\u00a0<a href=\"https:\/\/bisbalpenedes.com\/web\/2020\/03\/18\/la-regidoria-de-cultura-explicara-capitols-de-la-historia-de-la-bisbal-a-les-xarxes-socials-durant-el-confinament\/\" target=\"_blank\">https:\/\/bisbalpenedes.com\/web\/2020\/03\/18\/la-regidoria-de-cultura-explicara-capitols-de-la-historia-de-la-bisbal-a-les-xarxes-socials-durant-el-confinament\/<\/a><\/p>\n<div id='gallery-2' class='gallery galleryid-12348 gallery-columns-3 gallery-size-thumbnail'><figure class='gallery-item'>\n\t\t\t<div class='gallery-icon landscape'>\n\t\t\t\t<a href='https:\/\/bisbalpenedes.com\/web\/2020\/03\/20\/segon-capitol-de-les-pindoles-bisbalenques-el-castell-actual-cmc\/cap-2-pindoles-bisbalenques-castell-1-2\/'><img width=\"150\" height=\"150\" src=\"https:\/\/bisbalpenedes.com\/web\/wp-content\/uploads\/2020\/03\/Cap.-2.-Pindoles-Bisbalenques-Castell-1-1-150x150.png\" class=\"attachment-thumbnail size-thumbnail\" alt=\"\" loading=\"lazy\" srcset=\"https:\/\/bisbalpenedes.com\/web\/wp-content\/uploads\/2020\/03\/Cap.-2.-Pindoles-Bisbalenques-Castell-1-1-150x150.png 150w, https:\/\/bisbalpenedes.com\/web\/wp-content\/uploads\/2020\/03\/Cap.-2.-Pindoles-Bisbalenques-Castell-1-1-300x300.png 300w, https:\/\/bisbalpenedes.com\/web\/wp-content\/uploads\/2020\/03\/Cap.-2.-Pindoles-Bisbalenques-Castell-1-1-100x100.png 100w, https:\/\/bisbalpenedes.com\/web\/wp-content\/uploads\/2020\/03\/Cap.-2.-Pindoles-Bisbalenques-Castell-1-1-600x600.png 600w, https:\/\/bisbalpenedes.com\/web\/wp-content\/uploads\/2020\/03\/Cap.-2.-Pindoles-Bisbalenques-Castell-1-1-768x768.png 768w, https:\/\/bisbalpenedes.com\/web\/wp-content\/uploads\/2020\/03\/Cap.-2.-Pindoles-Bisbalenques-Castell-1-1-1024x1024.png 1024w, https:\/\/bisbalpenedes.com\/web\/wp-content\/uploads\/2020\/03\/Cap.-2.-Pindoles-Bisbalenques-Castell-1-1.png 1080w\" sizes=\"(max-width: 150px) 100vw, 150px\" \/><\/a>\n\t\t\t<\/div><\/figure><figure class='gallery-item'>\n\t\t\t<div class='gallery-icon landscape'>\n\t\t\t\t<a href='https:\/\/bisbalpenedes.com\/web\/2020\/03\/20\/segon-capitol-de-les-pindoles-bisbalenques-el-castell-actual-cmc\/cap-2-pindoles-bisbalenques-castell-2-2\/'><img width=\"150\" height=\"150\" src=\"https:\/\/bisbalpenedes.com\/web\/wp-content\/uploads\/2020\/03\/Cap.-2.-Pindoles-Bisbalenques-Castell-2-1-150x150.png\" class=\"attachment-thumbnail size-thumbnail\" alt=\"\" loading=\"lazy\" srcset=\"https:\/\/bisbalpenedes.com\/web\/wp-content\/uploads\/2020\/03\/Cap.-2.-Pindoles-Bisbalenques-Castell-2-1-150x150.png 150w, https:\/\/bisbalpenedes.com\/web\/wp-content\/uploads\/2020\/03\/Cap.-2.-Pindoles-Bisbalenques-Castell-2-1-300x300.png 300w, https:\/\/bisbalpenedes.com\/web\/wp-content\/uploads\/2020\/03\/Cap.-2.-Pindoles-Bisbalenques-Castell-2-1-100x100.png 100w, https:\/\/bisbalpenedes.com\/web\/wp-content\/uploads\/2020\/03\/Cap.-2.-Pindoles-Bisbalenques-Castell-2-1-600x600.png 600w, https:\/\/bisbalpenedes.com\/web\/wp-content\/uploads\/2020\/03\/Cap.-2.-Pindoles-Bisbalenques-Castell-2-1-768x768.png 768w, https:\/\/bisbalpenedes.com\/web\/wp-content\/uploads\/2020\/03\/Cap.-2.-Pindoles-Bisbalenques-Castell-2-1-1024x1024.png 1024w, https:\/\/bisbalpenedes.com\/web\/wp-content\/uploads\/2020\/03\/Cap.-2.-Pindoles-Bisbalenques-Castell-2-1.png 1080w\" sizes=\"(max-width: 150px) 100vw, 150px\" \/><\/a>\n\t\t\t<\/div><\/figure><figure class='gallery-item'>\n\t\t\t<div class='gallery-icon landscape'>\n\t\t\t\t<a href='https:\/\/bisbalpenedes.com\/web\/2020\/03\/20\/segon-capitol-de-les-pindoles-bisbalenques-el-castell-actual-cmc\/cap-2-pindoles-bisbalenques-castell-3-2\/'><img width=\"150\" height=\"150\" src=\"https:\/\/bisbalpenedes.com\/web\/wp-content\/uploads\/2020\/03\/Cap.-2.-Pindoles-Bisbalenques-Castell-3-1-150x150.png\" class=\"attachment-thumbnail size-thumbnail\" alt=\"\" loading=\"lazy\" srcset=\"https:\/\/bisbalpenedes.com\/web\/wp-content\/uploads\/2020\/03\/Cap.-2.-Pindoles-Bisbalenques-Castell-3-1-150x150.png 150w, https:\/\/bisbalpenedes.com\/web\/wp-content\/uploads\/2020\/03\/Cap.-2.-Pindoles-Bisbalenques-Castell-3-1-300x300.png 300w, https:\/\/bisbalpenedes.com\/web\/wp-content\/uploads\/2020\/03\/Cap.-2.-Pindoles-Bisbalenques-Castell-3-1-100x100.png 100w, https:\/\/bisbalpenedes.com\/web\/wp-content\/uploads\/2020\/03\/Cap.-2.-Pindoles-Bisbalenques-Castell-3-1-600x600.png 600w, https:\/\/bisbalpenedes.com\/web\/wp-content\/uploads\/2020\/03\/Cap.-2.-Pindoles-Bisbalenques-Castell-3-1-768x768.png 768w, https:\/\/bisbalpenedes.com\/web\/wp-content\/uploads\/2020\/03\/Cap.-2.-Pindoles-Bisbalenques-Castell-3-1-1024x1024.png 1024w, https:\/\/bisbalpenedes.com\/web\/wp-content\/uploads\/2020\/03\/Cap.-2.-Pindoles-Bisbalenques-Castell-3-1.png 1080w\" sizes=\"(max-width: 150px) 100vw, 150px\" \/><\/a>\n\t\t\t<\/div><\/figure>\n\t\t<\/div>\n\n","protected":false},"excerpt":{"rendered":"<p>Aqu\u00ed teniu el segon cap\u00edtol de les \u2018P\u00edndoles Bisbalenques\u2019, dedicat a un dels edificis amb m\u00e9s hist\u00f2ria del poble, l&#8217;actual Centre Municipal de Cultura (CMC) Si us interessa el tema, &hellip; <a href=\"https:\/\/bisbalpenedes.com\/web\/2020\/03\/20\/segon-capitol-de-les-pindoles-bisbalenques-el-castell-actual-cmc\/\" class=\"more-link\">Read More<\/a><\/p>\n","protected":false},"author":4,"featured_media":12355,"comment_status":"closed","ping_status":"closed","sticky":false,"template":"","format":"standard","meta":[],"categories":[13],"tags":[671,2930,226,3597,3550,3569,225,3595,859,1548,3596,3585,579],"_links":{"self":[{"href":"https:\/\/bisbalpenedes.com\/web\/wp-json\/wp\/v2\/posts\/12348"}],"collection":[{"href":"https:\/\/bisbalpenedes.com\/web\/wp-json\/wp\/v2\/posts"}],"about":[{"href":"https:\/\/bisbalpenedes.com\/web\/wp-json\/wp\/v2\/types\/post"}],"author":[{"embeddable":true,"href":"https:\/\/bisbalpenedes.com\/web\/wp-json\/wp\/v2\/users\/4"}],"replies":[{"embeddable":true,"href":"https:\/\/bisbalpenedes.com\/web\/wp-json\/wp\/v2\/comments?post=12348"}],"version-history":[{"count":5,"href":"https:\/\/bisbalpenedes.com\/web\/wp-json\/wp\/v2\/posts\/12348\/revisions"}],"predecessor-version":[{"id":12360,"href":"https:\/\/bisbalpenedes.com\/web\/wp-json\/wp\/v2\/posts\/12348\/revisions\/12360"}],"wp:featuredmedia":[{"embeddable":true,"href":"https:\/\/bisbalpenedes.com\/web\/wp-json\/wp\/v2\/media\/12355"}],"wp:attachment":[{"href":"https:\/\/bisbalpenedes.com\/web\/wp-json\/wp\/v2\/media?parent=12348"}],"wp:term":[{"taxonomy":"category","embeddable":true,"href":"https:\/\/bisbalpenedes.com\/web\/wp-json\/wp\/v2\/categories?post=12348"},{"taxonomy":"post_tag","embeddable":true,"href":"https:\/\/bisbalpenedes.com\/web\/wp-json\/wp\/v2\/tags?post=12348"}],"curies":[{"name":"wp","href":"https:\/\/api.w.org\/{rel}","templated":true}]}}