{"id":12339,"date":"2020-03-20T12:04:57","date_gmt":"2020-03-20T11:04:57","guid":{"rendered":"http:\/\/bisbalpenedes.com\/web\/?p=12339"},"modified":"2020-03-30T13:48:34","modified_gmt":"2020-03-30T12:48:34","slug":"preguntes-frequents-sobre-el-coronavirus-covid-19-que-puc-fer-i-que-no-versio-19-03-20-18h","status":"publish","type":"post","link":"https:\/\/bisbalpenedes.com\/web\/2020\/03\/20\/preguntes-frequents-sobre-el-coronavirus-covid-19-que-puc-fer-i-que-no-versio-19-03-20-18h\/","title":{"rendered":"Preguntes freq\u00fcents sobre el coronavirus Covid-19. Qu\u00e8 puc fer i qu\u00e8 no? Versi\u00f3 19-03-20 | 18h"},"content":{"rendered":"<div class=\"\" data-block=\"true\" data-editor=\"cki80\" data-offset-key=\"63rje-0-0\">\n<div class=\"_1mf _1mj\" data-offset-key=\"63rje-0-0\"><span style=\"color: #000000;\">ACTUALITZACI\u00d3 19-03-20 \u2013 18h<\/span><\/div>\n<\/div>\n<div class=\"\" data-block=\"true\" data-editor=\"cki80\" data-offset-key=\"80j15-0-0\">\n<div class=\"_1mf _1mj\" data-offset-key=\"80j15-0-0\"><span style=\"color: #000000;\">Qu\u00e8 puc fer i qu\u00e8 no?<\/span><\/div>\n<\/div>\n<div class=\"\" data-block=\"true\" data-editor=\"cki80\" data-offset-key=\"1sifb-0-0\">\n<div class=\"_1mf _1mj\" data-offset-key=\"1sifb-0-0\"><span style=\"color: #000000;\">Les preguntes freq\u00fcents sobre el coronavirus Covid-19 respostes des del Centre de Coordinaci\u00f3 Operativa de Catalunya (CECAT).<\/span><\/div>\n<\/div>\n<div class=\"\" data-block=\"true\" data-editor=\"cki80\" data-offset-key=\"9ffdc-0-0\">\n<div class=\"_1mf _1mj\" data-offset-key=\"9ffdc-0-0\">\n<hr \/>\n<\/div>\n<\/div>\n<div class=\"\" data-block=\"true\" data-editor=\"cki80\" data-offset-key=\"2h8v4-0-0\">\n<div class=\"_1mf _1mj\" data-offset-key=\"2h8v4-0-0\"><span style=\"color: #000000;\">ACTUALIZACI\u00d3N 19-03-20 \u2013 18h<\/span><\/div>\n<div class=\"_1mf _1mj\" data-offset-key=\"2h8v4-0-0\"><span style=\"color: #000000;\">\u00bfQu\u00e9 puedo hacer y qu\u00e9 no? Las preguntas frecuentes sobre el coronavirus Covid-19 respondidas desde El Centre de Coordinaci\u00f3 Operativa de Catalunya (CECAT).<\/span><\/div>\n<\/div>\n<p><a href=\"http:\/\/bisbalpenedes.com\/web\/wp-content\/uploads\/2020\/03\/Questionari-restriccions-COVID19-v20200319_page-0001.jpg\"><img loading=\"lazy\" class=\"aligncenter size-large wp-image-12340\" src=\"http:\/\/bisbalpenedes.com\/web\/wp-content\/uploads\/2020\/03\/Questionari-restriccions-COVID19-v20200319_page-0001-724x1024.jpg\" alt=\"Questionari-restriccions-COVID19-v20200319_page-0001\" width=\"630\" height=\"891\" srcset=\"https:\/\/bisbalpenedes.com\/web\/wp-content\/uploads\/2020\/03\/Questionari-restriccions-COVID19-v20200319_page-0001-724x1024.jpg 724w, https:\/\/bisbalpenedes.com\/web\/wp-content\/uploads\/2020\/03\/Questionari-restriccions-COVID19-v20200319_page-0001-600x849.jpg 600w, https:\/\/bisbalpenedes.com\/web\/wp-content\/uploads\/2020\/03\/Questionari-restriccions-COVID19-v20200319_page-0001-212x300.jpg 212w, https:\/\/bisbalpenedes.com\/web\/wp-content\/uploads\/2020\/03\/Questionari-restriccions-COVID19-v20200319_page-0001-768x1086.jpg 768w, https:\/\/bisbalpenedes.com\/web\/wp-content\/uploads\/2020\/03\/Questionari-restriccions-COVID19-v20200319_page-0001.jpg 1240w\" sizes=\"(max-width: 630px) 100vw, 630px\" \/><\/a> <a href=\"http:\/\/bisbalpenedes.com\/web\/wp-content\/uploads\/2020\/03\/Questionari-restriccions-COVID19-v20200319_page-0002.jpg\"><img loading=\"lazy\" class=\"aligncenter size-large wp-image-12341\" src=\"http:\/\/bisbalpenedes.com\/web\/wp-content\/uploads\/2020\/03\/Questionari-restriccions-COVID19-v20200319_page-0002-724x1024.jpg\" alt=\"Questionari-restriccions-COVID19-v20200319_page-0002\" width=\"630\" height=\"891\" srcset=\"https:\/\/bisbalpenedes.com\/web\/wp-content\/uploads\/2020\/03\/Questionari-restriccions-COVID19-v20200319_page-0002-724x1024.jpg 724w, https:\/\/bisbalpenedes.com\/web\/wp-content\/uploads\/2020\/03\/Questionari-restriccions-COVID19-v20200319_page-0002-600x849.jpg 600w, https:\/\/bisbalpenedes.com\/web\/wp-content\/uploads\/2020\/03\/Questionari-restriccions-COVID19-v20200319_page-0002-212x300.jpg 212w, https:\/\/bisbalpenedes.com\/web\/wp-content\/uploads\/2020\/03\/Questionari-restriccions-COVID19-v20200319_page-0002-768x1086.jpg 768w, https:\/\/bisbalpenedes.com\/web\/wp-content\/uploads\/2020\/03\/Questionari-restriccions-COVID19-v20200319_page-0002.jpg 1240w\" sizes=\"(max-width: 630px) 100vw, 630px\" \/><\/a> <a href=\"http:\/\/bisbalpenedes.com\/web\/wp-content\/uploads\/2020\/03\/Questionari-restriccions-COVID19-v20200319_page-0003.jpg\"><img loading=\"lazy\" class=\"aligncenter size-large wp-image-12342\" src=\"http:\/\/bisbalpenedes.com\/web\/wp-content\/uploads\/2020\/03\/Questionari-restriccions-COVID19-v20200319_page-0003-724x1024.jpg\" alt=\"Questionari-restriccions-COVID19-v20200319_page-0003\" width=\"630\" height=\"891\" srcset=\"https:\/\/bisbalpenedes.com\/web\/wp-content\/uploads\/2020\/03\/Questionari-restriccions-COVID19-v20200319_page-0003-724x1024.jpg 724w, https:\/\/bisbalpenedes.com\/web\/wp-content\/uploads\/2020\/03\/Questionari-restriccions-COVID19-v20200319_page-0003-600x849.jpg 600w, https:\/\/bisbalpenedes.com\/web\/wp-content\/uploads\/2020\/03\/Questionari-restriccions-COVID19-v20200319_page-0003-212x300.jpg 212w, https:\/\/bisbalpenedes.com\/web\/wp-content\/uploads\/2020\/03\/Questionari-restriccions-COVID19-v20200319_page-0003-768x1086.jpg 768w, https:\/\/bisbalpenedes.com\/web\/wp-content\/uploads\/2020\/03\/Questionari-restriccions-COVID19-v20200319_page-0003.jpg 1240w\" sizes=\"(max-width: 630px) 100vw, 630px\" \/><\/a> <a href=\"http:\/\/bisbalpenedes.com\/web\/wp-content\/uploads\/2020\/03\/Questionari-restriccions-COVID19-v20200319_page-0004.jpg\"><img loading=\"lazy\" class=\"aligncenter size-large wp-image-12343\" src=\"http:\/\/bisbalpenedes.com\/web\/wp-content\/uploads\/2020\/03\/Questionari-restriccions-COVID19-v20200319_page-0004-724x1024.jpg\" alt=\"Questionari-restriccions-COVID19-v20200319_page-0004\" width=\"630\" height=\"891\" srcset=\"https:\/\/bisbalpenedes.com\/web\/wp-content\/uploads\/2020\/03\/Questionari-restriccions-COVID19-v20200319_page-0004-724x1024.jpg 724w, https:\/\/bisbalpenedes.com\/web\/wp-content\/uploads\/2020\/03\/Questionari-restriccions-COVID19-v20200319_page-0004-600x849.jpg 600w, https:\/\/bisbalpenedes.com\/web\/wp-content\/uploads\/2020\/03\/Questionari-restriccions-COVID19-v20200319_page-0004-212x300.jpg 212w, https:\/\/bisbalpenedes.com\/web\/wp-content\/uploads\/2020\/03\/Questionari-restriccions-COVID19-v20200319_page-0004-768x1086.jpg 768w, https:\/\/bisbalpenedes.com\/web\/wp-content\/uploads\/2020\/03\/Questionari-restriccions-COVID19-v20200319_page-0004.jpg 1240w\" sizes=\"(max-width: 630px) 100vw, 630px\" \/><\/a> <a href=\"http:\/\/bisbalpenedes.com\/web\/wp-content\/uploads\/2020\/03\/Questionari-restriccions-COVID19-v20200319_page-0005.jpg\"><img loading=\"lazy\" class=\"aligncenter size-large wp-image-12344\" src=\"http:\/\/bisbalpenedes.com\/web\/wp-content\/uploads\/2020\/03\/Questionari-restriccions-COVID19-v20200319_page-0005-724x1024.jpg\" alt=\"Questionari-restriccions-COVID19-v20200319_page-0005\" width=\"630\" height=\"891\" srcset=\"https:\/\/bisbalpenedes.com\/web\/wp-content\/uploads\/2020\/03\/Questionari-restriccions-COVID19-v20200319_page-0005-724x1024.jpg 724w, https:\/\/bisbalpenedes.com\/web\/wp-content\/uploads\/2020\/03\/Questionari-restriccions-COVID19-v20200319_page-0005-600x849.jpg 600w, https:\/\/bisbalpenedes.com\/web\/wp-content\/uploads\/2020\/03\/Questionari-restriccions-COVID19-v20200319_page-0005-212x300.jpg 212w, https:\/\/bisbalpenedes.com\/web\/wp-content\/uploads\/2020\/03\/Questionari-restriccions-COVID19-v20200319_page-0005-768x1086.jpg 768w, https:\/\/bisbalpenedes.com\/web\/wp-content\/uploads\/2020\/03\/Questionari-restriccions-COVID19-v20200319_page-0005.jpg 1240w\" sizes=\"(max-width: 630px) 100vw, 630px\" \/><\/a> <a href=\"http:\/\/bisbalpenedes.com\/web\/wp-content\/uploads\/2020\/03\/Questionari-restriccions-COVID19-v20200319_page-0006.jpg\"><img loading=\"lazy\" class=\"aligncenter size-large wp-image-12345\" src=\"http:\/\/bisbalpenedes.com\/web\/wp-content\/uploads\/2020\/03\/Questionari-restriccions-COVID19-v20200319_page-0006-724x1024.jpg\" alt=\"Questionari-restriccions-COVID19-v20200319_page-0006\" width=\"630\" height=\"891\" srcset=\"https:\/\/bisbalpenedes.com\/web\/wp-content\/uploads\/2020\/03\/Questionari-restriccions-COVID19-v20200319_page-0006-724x1024.jpg 724w, https:\/\/bisbalpenedes.com\/web\/wp-content\/uploads\/2020\/03\/Questionari-restriccions-COVID19-v20200319_page-0006-600x849.jpg 600w, https:\/\/bisbalpenedes.com\/web\/wp-content\/uploads\/2020\/03\/Questionari-restriccions-COVID19-v20200319_page-0006-212x300.jpg 212w, https:\/\/bisbalpenedes.com\/web\/wp-content\/uploads\/2020\/03\/Questionari-restriccions-COVID19-v20200319_page-0006-768x1086.jpg 768w, https:\/\/bisbalpenedes.com\/web\/wp-content\/uploads\/2020\/03\/Questionari-restriccions-COVID19-v20200319_page-0006.jpg 1240w\" sizes=\"(max-width: 630px) 100vw, 630px\" \/><\/a> <a href=\"http:\/\/bisbalpenedes.com\/web\/wp-content\/uploads\/2020\/03\/Questionari-restriccions-COVID19-v20200319_page-0007.jpg\"><img loading=\"lazy\" class=\"aligncenter size-large wp-image-12346\" src=\"http:\/\/bisbalpenedes.com\/web\/wp-content\/uploads\/2020\/03\/Questionari-restriccions-COVID19-v20200319_page-0007-724x1024.jpg\" alt=\"Questionari-restriccions-COVID19-v20200319_page-0007\" width=\"630\" height=\"891\" srcset=\"https:\/\/bisbalpenedes.com\/web\/wp-content\/uploads\/2020\/03\/Questionari-restriccions-COVID19-v20200319_page-0007-724x1024.jpg 724w, https:\/\/bisbalpenedes.com\/web\/wp-content\/uploads\/2020\/03\/Questionari-restriccions-COVID19-v20200319_page-0007-600x849.jpg 600w, https:\/\/bisbalpenedes.com\/web\/wp-content\/uploads\/2020\/03\/Questionari-restriccions-COVID19-v20200319_page-0007-212x300.jpg 212w, https:\/\/bisbalpenedes.com\/web\/wp-content\/uploads\/2020\/03\/Questionari-restriccions-COVID19-v20200319_page-0007-768x1086.jpg 768w, https:\/\/bisbalpenedes.com\/web\/wp-content\/uploads\/2020\/03\/Questionari-restriccions-COVID19-v20200319_page-0007.jpg 1240w\" sizes=\"(max-width: 630px) 100vw, 630px\" \/><\/a><\/p>\n","protected":false},"excerpt":{"rendered":"<p>ACTUALITZACI\u00d3 19-03-20 \u2013 18h Qu\u00e8 puc fer i qu\u00e8 no? Les preguntes freq\u00fcents sobre el coronavirus Covid-19 respostes des del Centre de Coordinaci\u00f3 Operativa de Catalunya (CECAT). ACTUALIZACI\u00d3N 19-03-20 \u2013 &hellip; <a href=\"https:\/\/bisbalpenedes.com\/web\/2020\/03\/20\/preguntes-frequents-sobre-el-coronavirus-covid-19-que-puc-fer-i-que-no-versio-19-03-20-18h\/\" class=\"more-link\">Read More<\/a><\/p>\n","protected":false},"author":4,"featured_media":12340,"comment_status":"closed","ping_status":"closed","sticky":false,"template":"","format":"standard","meta":[],"categories":[3636,2797],"tags":[3550,3569,3594,1190],"_links":{"self":[{"href":"https:\/\/bisbalpenedes.com\/web\/wp-json\/wp\/v2\/posts\/12339"}],"collection":[{"href":"https:\/\/bisbalpenedes.com\/web\/wp-json\/wp\/v2\/posts"}],"about":[{"href":"https:\/\/bisbalpenedes.com\/web\/wp-json\/wp\/v2\/types\/post"}],"author":[{"embeddable":true,"href":"https:\/\/bisbalpenedes.com\/web\/wp-json\/wp\/v2\/users\/4"}],"replies":[{"embeddable":true,"href":"https:\/\/bisbalpenedes.com\/web\/wp-json\/wp\/v2\/comments?post=12339"}],"version-history":[{"count":1,"href":"https:\/\/bisbalpenedes.com\/web\/wp-json\/wp\/v2\/posts\/12339\/revisions"}],"predecessor-version":[{"id":12347,"href":"https:\/\/bisbalpenedes.com\/web\/wp-json\/wp\/v2\/posts\/12339\/revisions\/12347"}],"wp:featuredmedia":[{"embeddable":true,"href":"https:\/\/bisbalpenedes.com\/web\/wp-json\/wp\/v2\/media\/12340"}],"wp:attachment":[{"href":"https:\/\/bisbalpenedes.com\/web\/wp-json\/wp\/v2\/media?parent=12339"}],"wp:term":[{"taxonomy":"category","embeddable":true,"href":"https:\/\/bisbalpenedes.com\/web\/wp-json\/wp\/v2\/categories?post=12339"},{"taxonomy":"post_tag","embeddable":true,"href":"https:\/\/bisbalpenedes.com\/web\/wp-json\/wp\/v2\/tags?post=12339"}],"curies":[{"name":"wp","href":"https:\/\/api.w.org\/{rel}","templated":true}]}}