{"id":12330,"date":"2020-03-19T18:30:12","date_gmt":"2020-03-19T17:30:12","guid":{"rendered":"http:\/\/bisbalpenedes.com\/web\/?p=12330"},"modified":"2020-03-30T13:48:39","modified_gmt":"2020-03-30T12:48:39","slug":"es-redueixen-les-linies-de-bus-intercomarcal-en-un-33","status":"publish","type":"post","link":"https:\/\/bisbalpenedes.com\/web\/2020\/03\/19\/es-redueixen-les-linies-de-bus-intercomarcal-en-un-33\/","title":{"rendered":"Es redueixen les l\u00ednies de bus intercomarcal en un 33 %"},"content":{"rendered":"<p><span style=\"color: #000000;\">Des d\u2019Autocars Poch ens informen que, tenint en compte la resoluci\u00f3 SLT\/747\/2020, de 17 de mar\u00e7, per la qual s&#8217;adopten mesures complement\u00e0ries per a la prevenci\u00f3 i el control de la infecci\u00f3 pel SARS-CoV-2, es redueixen les l\u00ednies de bus intercomarcal en un 33% i que, per aquest motiu, queden anul\u00b7lades les seg\u00fcents expedicions:<\/span><\/p>\n<ul>\n<li><span style=\"color: #000000;\">EXP. 01 \u2013 07:00h Banyeres \u2013 07:45h El Vendrell<\/span><\/li>\n<li><span style=\"color: #000000;\">EXP. 03 \u2013 07.55h El Vendrell \u2013 08:45h El Vendrell<\/span><\/li>\n<li><span style=\"color: #000000;\">EXP. 05 \u2013 08:45h El Vendrell \u2013 09:15h l\u2019Arbo\u00e7<\/span><\/li>\n<li><span style=\"color: #000000;\">EXP. 06 \u2013 09:25h l\u2019Arbo\u00e7 \u2013 09:55h El Vendrell<\/span><\/li>\n<li><span style=\"color: #000000;\">EXP. 14 \u2013 21:00h El Vendrell \u2013 22:20h El Vendrell<\/span><\/li>\n<\/ul>\n<p><span style=\"color: #000000;\">La resta d\u2019expedicions, aix\u00ed com les l\u00ednies del dissabte, continuen amb normalitat.<\/span><\/p>\n<hr \/>\n<p><span style=\"color: #000000;\"><strong>CASTELLANO |<\/strong> Desde Autocars Poch nos informan que, teniendo en cuenta la resoluci\u00f3n SLT\/747\/2020, de 17 de marzo, por la cual se adoptan medidas complementarias para la prevenci\u00f3n y el control de la infecci\u00f3n por el SARS-CoV-2, se reducen las l\u00edneas de bus intercomarcal en un 33% y que, por este motivo, quedan anuladas las siguientes expediciones:<\/span><\/p>\n<ul>\n<li><span style=\"color: #000000;\">EXP. 01 \u2013 07:00h Banyeres \u2013 07:45h El Vendrell<\/span><\/li>\n<li><span style=\"color: #000000;\">EXP. 03 \u2013 07.55h El Vendrell \u2013 08:45h El Vendrell<\/span><\/li>\n<li><span style=\"color: #000000;\">EXP. 05 \u2013 08:45h El Vendrell \u2013 09:15h l\u2019Arbo\u00e7<\/span><\/li>\n<li><span style=\"color: #000000;\">EXP. 06 \u2013 09:25h l\u2019Arbo\u00e7 \u2013 09:55h El Vendrell<\/span><\/li>\n<li><span style=\"color: #000000;\">EXP.\u00a0 14 \u2013 21:00h El Vendrell \u2013 22:20h El Vendrell<\/span><\/li>\n<\/ul>\n<p><span style=\"color: #000000;\">El resto de expediciones, as\u00ed como las l\u00edneas del s\u00e1bado, siguen con normalidad.<\/span><\/p>\n<p style=\"text-align: justify;\">\n","protected":false},"excerpt":{"rendered":"<p>Des d\u2019Autocars Poch ens informen que, tenint en compte la resoluci\u00f3 SLT\/747\/2020, de 17 de mar\u00e7, per la qual s&#8217;adopten mesures complement\u00e0ries per a la prevenci\u00f3 i el control de &hellip; <a href=\"https:\/\/bisbalpenedes.com\/web\/2020\/03\/19\/es-redueixen-les-linies-de-bus-intercomarcal-en-un-33\/\" class=\"more-link\">Read More<\/a><\/p>\n","protected":false},"author":4,"featured_media":1656,"comment_status":"closed","ping_status":"closed","sticky":false,"template":"","format":"standard","meta":[],"categories":[3636,2294],"tags":[787,727,3593],"_links":{"self":[{"href":"https:\/\/bisbalpenedes.com\/web\/wp-json\/wp\/v2\/posts\/12330"}],"collection":[{"href":"https:\/\/bisbalpenedes.com\/web\/wp-json\/wp\/v2\/posts"}],"about":[{"href":"https:\/\/bisbalpenedes.com\/web\/wp-json\/wp\/v2\/types\/post"}],"author":[{"embeddable":true,"href":"https:\/\/bisbalpenedes.com\/web\/wp-json\/wp\/v2\/users\/4"}],"replies":[{"embeddable":true,"href":"https:\/\/bisbalpenedes.com\/web\/wp-json\/wp\/v2\/comments?post=12330"}],"version-history":[{"count":1,"href":"https:\/\/bisbalpenedes.com\/web\/wp-json\/wp\/v2\/posts\/12330\/revisions"}],"predecessor-version":[{"id":12331,"href":"https:\/\/bisbalpenedes.com\/web\/wp-json\/wp\/v2\/posts\/12330\/revisions\/12331"}],"wp:featuredmedia":[{"embeddable":true,"href":"https:\/\/bisbalpenedes.com\/web\/wp-json\/wp\/v2\/media\/1656"}],"wp:attachment":[{"href":"https:\/\/bisbalpenedes.com\/web\/wp-json\/wp\/v2\/media?parent=12330"}],"wp:term":[{"taxonomy":"category","embeddable":true,"href":"https:\/\/bisbalpenedes.com\/web\/wp-json\/wp\/v2\/categories?post=12330"},{"taxonomy":"post_tag","embeddable":true,"href":"https:\/\/bisbalpenedes.com\/web\/wp-json\/wp\/v2\/tags?post=12330"}],"curies":[{"name":"wp","href":"https:\/\/api.w.org\/{rel}","templated":true}]}}