{"id":12323,"date":"2020-03-19T15:04:25","date_gmt":"2020-03-19T14:04:25","guid":{"rendered":"http:\/\/bisbalpenedes.com\/web\/?p=12323"},"modified":"2020-03-30T13:48:43","modified_gmt":"2020-03-30T12:48:43","slug":"entre-avui-i-dema-es-procedira-a-desinfectar-els-carrers-amb-mes-afluencia-de-gent","status":"publish","type":"post","link":"https:\/\/bisbalpenedes.com\/web\/2020\/03\/19\/entre-avui-i-dema-es-procedira-a-desinfectar-els-carrers-amb-mes-afluencia-de-gent\/","title":{"rendered":"Entre avui i dem\u00e0 es procedir\u00e0 a desinfectar els carrers amb m\u00e9s aflu\u00e8ncia de gent"},"content":{"rendered":"<p style=\"text-align: center;\"><a href=\"http:\/\/bisbalpenedes.com\/web\/wp-content\/uploads\/2020\/03\/CARRER-MAJOR-MATRICULA-ESBORRADA.png\"><img loading=\"lazy\" class=\"alignnone wp-image-12324\" src=\"http:\/\/bisbalpenedes.com\/web\/wp-content\/uploads\/2020\/03\/CARRER-MAJOR-MATRICULA-ESBORRADA.png\" alt=\"CARRER MAJOR MATRICULA ESBORRADA\" width=\"489\" height=\"366\" srcset=\"https:\/\/bisbalpenedes.com\/web\/wp-content\/uploads\/2020\/03\/CARRER-MAJOR-MATRICULA-ESBORRADA.png 640w, https:\/\/bisbalpenedes.com\/web\/wp-content\/uploads\/2020\/03\/CARRER-MAJOR-MATRICULA-ESBORRADA-600x449.png 600w, https:\/\/bisbalpenedes.com\/web\/wp-content\/uploads\/2020\/03\/CARRER-MAJOR-MATRICULA-ESBORRADA-300x225.png 300w\" sizes=\"(max-width: 489px) 100vw, 489px\" \/><\/a><\/p>\n<p style=\"text-align: justify;\"><span style=\"font-size: 10pt; font-family: Verdana, sans-serif; color: #000000;\">Entre avui dijous 19 de mar\u00e7 i dem\u00e0 divendres 20 de mar\u00e7 comen\u00e7aran els treballs de desinfecci\u00f3 dels carrers del municipi que compten amb m\u00e9s aflu\u00e8ncia de gent, especialment les vies on hi ha comer\u00e7os que venen productes de primera necessitat. Es tracta d\u2019una acci\u00f3 que es fa necess\u00e0ria per al b\u00e9 de tots i per seguir lluitant per la prevenci\u00f3 del COVID19. Els treballs es faran de forma peri\u00f2dica i aniran a c\u00e0rrec de l\u2019empresa CESPA, que \u00e9s qui gestiona el servei de recollida d\u2019escombraries al municipi. Les tasques d\u2019higienitzaci\u00f3 es faran amb aigua i desinfectant. Disculpeu les mol\u00e8sties que aquestes accions us puguin ocasionar.<\/span><\/p>\n<p style=\"text-align: justify;\"><span style=\"font-size: 10pt; font-family: Verdana, sans-serif; color: #000000;\">D\u2019altra banda recomanem a tots els ve\u00efns que vagin netejant i desinfectant -amb les mesures de protecci\u00f3 adequades- els accessos als seus habitatges, portes d\u2019entrada, reixes, baranes, timbres i qualsevol altre element que estigui exposat o pugui ser susceptible de ser tocat per diverses persones.<\/span><\/p>\n<hr \/>\n<p style=\"text-align: justify;\"><span style=\"font-size: 10pt; font-family: Verdana, sans-serif; color: #000000;\"><strong>CASTELLANO |<\/strong> Entre hoy jueves 19 de marzo y ma\u00f1ana viernes 20 de marzo empezar\u00e1n los trabajos de desinfecci\u00f3n de todas las calles del municipio que cuentan con una mayor afluencia de gente, especialmente las v\u00edas donde hay comercios que venden productos de primera necesidad. Se trata de una acci\u00f3n que se hace necesaria por el bien de todos y para seguir luchando por la prevenci\u00f3n del COVID19. Los trabajos se har\u00e1n de forma peri\u00f3dica e ir\u00e1n a cargo de la empresa CESPA, que es quien gestiona el servicio de recogida de basuras en el municipio. Las tareas de higienizaci\u00f3n se har\u00e1n con agua y desinfectante. Disculpad las molestias que estas acciones os puedan ocasionar. <\/span><\/p>\n<p style=\"text-align: justify;\"><span style=\"font-size: 10pt; font-family: Verdana, sans-serif; color: #000000;\">Por otro lado recomendamos a todos los vecinos que vayan limpiando y desinfectando -con las medidas de protecci\u00f3n adecuadas- los accesos a sus viviendas, puertas de entrada, rejas, barandas, timbres y cualquier otro elemento que est\u00e9 expuesto o pueda ser susceptible de ser tocado por varias personas.<\/span><\/p>\n","protected":false},"excerpt":{"rendered":"<p>Entre avui dijous 19 de mar\u00e7 i dem\u00e0 divendres 20 de mar\u00e7 comen\u00e7aran els treballs de desinfecci\u00f3 dels carrers del municipi que compten amb m\u00e9s aflu\u00e8ncia de gent, especialment les &hellip; <a href=\"https:\/\/bisbalpenedes.com\/web\/2020\/03\/19\/entre-avui-i-dema-es-procedira-a-desinfectar-els-carrers-amb-mes-afluencia-de-gent\/\" class=\"more-link\">Read More<\/a><\/p>\n","protected":false},"author":4,"featured_media":12324,"comment_status":"closed","ping_status":"closed","sticky":false,"template":"","format":"standard","meta":[],"categories":[1628,3636],"tags":[1571,3550,3569,3592],"_links":{"self":[{"href":"https:\/\/bisbalpenedes.com\/web\/wp-json\/wp\/v2\/posts\/12323"}],"collection":[{"href":"https:\/\/bisbalpenedes.com\/web\/wp-json\/wp\/v2\/posts"}],"about":[{"href":"https:\/\/bisbalpenedes.com\/web\/wp-json\/wp\/v2\/types\/post"}],"author":[{"embeddable":true,"href":"https:\/\/bisbalpenedes.com\/web\/wp-json\/wp\/v2\/users\/4"}],"replies":[{"embeddable":true,"href":"https:\/\/bisbalpenedes.com\/web\/wp-json\/wp\/v2\/comments?post=12323"}],"version-history":[{"count":3,"href":"https:\/\/bisbalpenedes.com\/web\/wp-json\/wp\/v2\/posts\/12323\/revisions"}],"predecessor-version":[{"id":12327,"href":"https:\/\/bisbalpenedes.com\/web\/wp-json\/wp\/v2\/posts\/12323\/revisions\/12327"}],"wp:featuredmedia":[{"embeddable":true,"href":"https:\/\/bisbalpenedes.com\/web\/wp-json\/wp\/v2\/media\/12324"}],"wp:attachment":[{"href":"https:\/\/bisbalpenedes.com\/web\/wp-json\/wp\/v2\/media?parent=12323"}],"wp:term":[{"taxonomy":"category","embeddable":true,"href":"https:\/\/bisbalpenedes.com\/web\/wp-json\/wp\/v2\/categories?post=12323"},{"taxonomy":"post_tag","embeddable":true,"href":"https:\/\/bisbalpenedes.com\/web\/wp-json\/wp\/v2\/tags?post=12323"}],"curies":[{"name":"wp","href":"https:\/\/api.w.org\/{rel}","templated":true}]}}