{"id":12320,"date":"2020-03-19T14:21:21","date_gmt":"2020-03-19T13:21:21","guid":{"rendered":"http:\/\/bisbalpenedes.com\/web\/?p=12320"},"modified":"2020-03-30T13:48:47","modified_gmt":"2020-03-30T12:48:47","slug":"la-xarxa-sanitaria-de-santa-tecla-informa-que-el-servei-de-pediatria-del-cap-quedara-centralitzat-al-vendrell","status":"publish","type":"post","link":"https:\/\/bisbalpenedes.com\/web\/2020\/03\/19\/la-xarxa-sanitaria-de-santa-tecla-informa-que-el-servei-de-pediatria-del-cap-quedara-centralitzat-al-vendrell\/","title":{"rendered":"La Xarxa Sanit\u00e0ria de Santa Tecla informa que el servei de pediatria del CAP quedar\u00e0 centralitzat al Vendrell"},"content":{"rendered":"<div class=\"\" data-block=\"true\" data-editor=\"endgr\" data-offset-key=\"4jjdn-0-0\">\n<div class=\"_1mf _1mj\" style=\"text-align: justify;\" data-offset-key=\"4jjdn-0-0\"><span style=\"color: #000000;\" data-offset-key=\"4jjdn-2-0\"><span data-text=\"true\">La Xarxa Sanit\u00e0ria Santa Tecla ens fa saber que, per motius organitzatius i per tal de preservar efectius humans, ha decidit que: <\/span><\/span><\/div>\n<\/div>\n<div class=\"\" style=\"text-align: justify;\" data-block=\"true\" data-editor=\"endgr\" data-offset-key=\"bjkvv-0-0\">\n<div class=\"_1mf _1mj\" data-offset-key=\"bjkvv-0-0\"><strong><span style=\"color: #0000ff;\" data-offset-key=\"bjkvv-1-0\"><span data-text=\"true\">Des d&#8217;avui dijous 19 de mar\u00e7 de 2020, el servei de pediatria del CAP quedar\u00e0 centralitzat al Vendrell. <\/span><\/span><\/strong><\/div>\n<\/div>\n<div class=\"\" style=\"text-align: justify;\" data-block=\"true\" data-editor=\"endgr\" data-offset-key=\"45qb3-0-0\">\n<div class=\"_1mf _1mj\" data-offset-key=\"45qb3-0-0\"><span style=\"color: #000000;\" data-offset-key=\"45qb3-1-0\"><span data-text=\"true\">\u00c9s <strong>important<\/strong> que no us personeu al centre sanitari, pel risc de contagi. <strong>Abans d&#8217;anar-hi \u00e9s imprescindible que truqueu<\/strong> al consultori o al tel\u00e8fon del CAP I del Vendrell 977667703 exposant el vostre cas i us atendran o donaran hora. <\/span><\/span><\/div>\n<\/div>\n<div class=\"\" style=\"text-align: justify;\" data-block=\"true\" data-editor=\"endgr\" data-offset-key=\"cdm5k-0-0\">\n<div class=\"_1mf _1mj\" data-offset-key=\"cdm5k-0-0\"><span style=\"color: #000000;\" data-offset-key=\"cdm5k-1-0\"><span data-text=\"true\">S&#8217;ha posat tamb\u00e9 a disposici\u00f3 dels usuaris aquest correu electr\u00f2nic consultavendrell@xarxatecla.cat per donar resposta a les consultes entrants. <\/span><\/span><\/div>\n<\/div>\n<div class=\"\" style=\"text-align: justify;\" data-block=\"true\" data-editor=\"endgr\" data-offset-key=\"9s836-0-0\">\n<div class=\"_1mf _1mj\" data-offset-key=\"9s836-0-0\"><span style=\"color: #000000;\" data-offset-key=\"9s836-0-0\">\u00a0<\/span><\/div>\n<\/div>\n<div class=\"\" style=\"text-align: justify;\" data-block=\"true\" data-editor=\"endgr\" data-offset-key=\"dkmoh-0-0\">\n<div class=\"_1mf _1mj\" data-offset-key=\"dkmoh-0-0\">\n<hr \/>\n<p><span style=\"color: #000000;\" data-offset-key=\"dkmoh-0-0\"><span data-text=\"true\"><br \/>\n<\/span><\/span><\/p>\n<\/div>\n<\/div>\n<div class=\"\" style=\"text-align: justify;\" data-block=\"true\" data-editor=\"endgr\" data-offset-key=\"cc0v5-0-0\">\n<div class=\"_1mf _1mj\" data-offset-key=\"cc0v5-0-0\"><span style=\"color: #000000;\"><strong>CASTELLANO |<\/strong> La Xarxa Sanit\u00e0ria Santa Tecla nos hace saber que, por motivos organizativos y por tal de preservar efectivos humanos, ha decidido que:<\/span><\/div>\n<\/div>\n<div class=\"\" style=\"text-align: justify;\" data-block=\"true\" data-editor=\"endgr\" data-offset-key=\"7p4ah-0-0\">\n<div class=\"_1mf _1mj\" data-offset-key=\"7p4ah-0-0\"><span style=\"color: #0000ff;\"><strong><span data-offset-key=\"7p4ah-1-0\"><span data-text=\"true\">Desde hoy jueves 19 de marzo de 2020, el servicio de pediatr\u00eda del CAP quedar\u00e1 centralizado en el Vendrell. <\/span><\/span><\/strong><\/span><\/div>\n<\/div>\n<div class=\"\" style=\"text-align: justify;\" data-block=\"true\" data-editor=\"endgr\" data-offset-key=\"82pid-0-0\">\n<div class=\"_1mf _1mj\" data-offset-key=\"82pid-0-0\"><span style=\"color: #000000;\" data-offset-key=\"82pid-1-0\"><span data-text=\"true\">Es <strong>importante<\/strong> que no os person\u00e9is en el centro sanitario, por el riesgo de contagio. <strong>Antes de ir es imprescindible que llam\u00e9is<\/strong> al consultorio o al tel\u00e9fono del CAP I del Vendrell 977667703 exponiendo vuestro caso y os atender\u00e1n o dar\u00e1n hora. <\/span><\/span><\/div>\n<\/div>\n<div class=\"\" data-block=\"true\" data-editor=\"endgr\" data-offset-key=\"4t3dl-0-0\">\n<div class=\"_1mf _1mj\" style=\"text-align: justify;\" data-offset-key=\"4t3dl-0-0\"><span style=\"color: #000000;\" data-offset-key=\"4t3dl-1-0\"><span data-text=\"true\">Se ha puesto tambi\u00e9n a disposici\u00f3n de los usuarios este correo electr\u00f3nico consultavendrell@xarxatecla.cat para dar respuesta a las consultas entrantes. <\/span><\/span><\/div>\n<\/div>\n<div class=\"\" data-block=\"true\" data-editor=\"endgr\" data-offset-key=\"a2olb-0-0\"><\/div>\n","protected":false},"excerpt":{"rendered":"<p>La Xarxa Sanit\u00e0ria Santa Tecla ens fa saber que, per motius organitzatius i per tal de preservar efectius humans, ha decidit que: Des d&#8217;avui dijous 19 de mar\u00e7 de 2020, &hellip; <a href=\"https:\/\/bisbalpenedes.com\/web\/2020\/03\/19\/la-xarxa-sanitaria-de-santa-tecla-informa-que-el-servei-de-pediatria-del-cap-quedara-centralitzat-al-vendrell\/\" class=\"more-link\">Read More<\/a><\/p>\n","protected":false},"author":4,"featured_media":12321,"comment_status":"closed","ping_status":"closed","sticky":false,"template":"","format":"standard","meta":[],"categories":[3636,14],"tags":[866,3583,122,3550,3569,391,3591],"_links":{"self":[{"href":"https:\/\/bisbalpenedes.com\/web\/wp-json\/wp\/v2\/posts\/12320"}],"collection":[{"href":"https:\/\/bisbalpenedes.com\/web\/wp-json\/wp\/v2\/posts"}],"about":[{"href":"https:\/\/bisbalpenedes.com\/web\/wp-json\/wp\/v2\/types\/post"}],"author":[{"embeddable":true,"href":"https:\/\/bisbalpenedes.com\/web\/wp-json\/wp\/v2\/users\/4"}],"replies":[{"embeddable":true,"href":"https:\/\/bisbalpenedes.com\/web\/wp-json\/wp\/v2\/comments?post=12320"}],"version-history":[{"count":2,"href":"https:\/\/bisbalpenedes.com\/web\/wp-json\/wp\/v2\/posts\/12320\/revisions"}],"predecessor-version":[{"id":12650,"href":"https:\/\/bisbalpenedes.com\/web\/wp-json\/wp\/v2\/posts\/12320\/revisions\/12650"}],"wp:featuredmedia":[{"embeddable":true,"href":"https:\/\/bisbalpenedes.com\/web\/wp-json\/wp\/v2\/media\/12321"}],"wp:attachment":[{"href":"https:\/\/bisbalpenedes.com\/web\/wp-json\/wp\/v2\/media?parent=12320"}],"wp:term":[{"taxonomy":"category","embeddable":true,"href":"https:\/\/bisbalpenedes.com\/web\/wp-json\/wp\/v2\/categories?post=12320"},{"taxonomy":"post_tag","embeddable":true,"href":"https:\/\/bisbalpenedes.com\/web\/wp-json\/wp\/v2\/tags?post=12320"}],"curies":[{"name":"wp","href":"https:\/\/api.w.org\/{rel}","templated":true}]}}