{"id":12315,"date":"2020-03-19T11:46:00","date_gmt":"2020-03-19T10:46:00","guid":{"rendered":"http:\/\/bisbalpenedes.com\/web\/?p=12315"},"modified":"2020-03-30T13:48:56","modified_gmt":"2020-03-30T12:48:56","slug":"se-suspenen-o-ajornen-els-terminis-de-cobrament-de-contribucions-i-taxes","status":"publish","type":"post","link":"https:\/\/bisbalpenedes.com\/web\/2020\/03\/19\/se-suspenen-o-ajornen-els-terminis-de-cobrament-de-contribucions-i-taxes\/","title":{"rendered":"Se suspenen o ajornen els terminis de cobrament de contribucions i taxes"},"content":{"rendered":"<p style=\"text-align: justify;\"><span style=\"color: #000000;\">Com a resultat de la crisi del COVID-19 i del que s\u2019estableix en el Reial Decret 463\/2020, de 14 de mar\u00e7, pel qual es declara l\u2019estat d\u2019alarma per la gesti\u00f3 de la situaci\u00f3 de crisi sanit\u00e0ria que determina la paralitzaci\u00f3 dels serveis no inclosos com a necessaris durant l\u2019Estat d\u2019Alarma, BASE \u2013 Gesti\u00f3 d\u2019ingressos operar\u00e0 de la seg\u00fcent manera:<\/span><\/p>\n<ul style=\"text-align: justify;\">\n<li><span style=\"color: #000000;\">Recaptaci\u00f3 volunt\u00e0ria: se susp\u00e8n el termini de cobrament en volunt\u00e0ria de tots els padrons de car\u00e0cter col\u00b7lectiu.<\/span><\/li>\n<li><span style=\"color: #000000;\">Recaptaci\u00f3 executiva: no s\u2019iniciar\u00e0 el procediment de constrenyiment per deutes no abonats en volunt\u00e0ria. Se susp\u00e8n tamb\u00e9 la tramitaci\u00f3 dels expedients executius en curs.<\/span><\/li>\n<li><span style=\"color: #000000;\">Fraccionaments, ajornaments i pagaments personalitzats: els cobraments que s\u2019havien d\u2019efectuar a partir del dia 20\/03\/2020 sota aquestes modalitats de pagament queden ajornats fins al dia 30\/04\/2020.<\/span><\/li>\n<li><span style=\"color: #000000;\">Atenci\u00f3 ciutadana i Ajuntament: les oficines d\u2019atenci\u00f3 al ciutad\u00e0 romandran tancades per\u00f2 es mant\u00e9 l\u2019atenci\u00f3 telef\u00f2nica i per correu electr\u00f2nic. Tots els serveis telem\u00e0tics operen de forma normal.<\/span><\/li>\n<\/ul>\n<p style=\"text-align: justify;\"><span style=\"color: #000000;\">A finals del mes de mar\u00e7 comen\u00e7ava el per\u00edode de pagament de la taxa d\u2019escombraries (la primera fracci\u00f3) i de l\u2019IBI urb\u00e0 (la primera fracci\u00f3).<\/span><\/p>\n<p style=\"text-align: justify;\"><span style=\"color: #000000;\">Ara, tenint en compte la situaci\u00f3 actual, se susp\u00e8n el cobrament i, quan s\u2019aixequi l\u2019estat d\u2019alarma, l\u2019Ajuntament de la Bisbal del Pened\u00e8s aprovar\u00e0 un nou calendari fiscal.<\/span><\/p>\n<p style=\"text-align: justify;\"><span style=\"color: #000000;\">Us informem que l\u2019Ajuntament tamb\u00e9 prendr\u00e0 mesures per pal\u00b7liar les p\u00e8rdues econ\u00f2miques dels petits comer\u00e7os i els establiments comercials i de serveis del municipi.<\/span><\/p>\n<p style=\"text-align: justify;\"><span style=\"color: #000000;\">Si voleu contactar amb BASE, ho podeu fer per correu electr\u00f2nic: <a style=\"color: #000000;\" href=\"mailto:u.atenciousuaris@base.cat\">u.atenciousuaris@base.cat<\/a> i per tel\u00e8fon 977253400. Tamb\u00e9 teniu un web (<a style=\"color: #000000;\" href=\"http:\/\/www.base.cat\">www.base.cat<\/a>) a la vostra disposici\u00f3.<\/span><\/p>\n<hr \/>\n<p style=\"text-align: justify;\"><span style=\"color: #000000;\"><strong>CASTELLANO |<\/strong> Como resultado de la crisis del COVID-19 y de lo que se establece en el Real Decreto 463\/2020, de 14 de marzo, por el cual se declara el estado de alarma para la gesti\u00f3n de la situaci\u00f3n de crisis sanitaria que determina la paralizaci\u00f3n de los servicios no incluidos como necesarios durante el Estado de Alarma, BASE \u2013 Gesti\u00f3n de ingresos operar\u00e1 de la siguiente manera:<\/span><\/p>\n<ul style=\"text-align: justify;\">\n<li><span style=\"color: #000000;\">Recaudaci\u00f3n voluntaria: se suspende el plazo de cobro en voluntaria de todos los padrones de car\u00e1cter colectivo.<\/span><\/li>\n<li><span style=\"color: #000000;\">Recaudaci\u00f3n ejecutiva: no se iniciar\u00e1 el procedimiento de apremio por deudas no abonadas en voluntaria. Se suspende tambi\u00e9n la tramitaci\u00f3n de los expedientes ejecutivos en curso.<\/span><\/li>\n<li><span style=\"color: #000000;\">Fraccionamientos, aplazamientos y pagos personalizados: los cobros que se ten\u00edan que efectuar a partir del d\u00eda 20\/03\/2020 bajo estas modalidades de pago quedan aplazados hasta el d\u00eda 30\/04\/2020.<\/span><\/li>\n<li><span style=\"color: #000000;\">Atenci\u00f3n ciudadana y Ayuntamiento: las oficinas de atenci\u00f3n al ciudadano permanecer\u00e1n cerradas pero se mantiene la atenci\u00f3n telef\u00f3nica y por correo electr\u00f3nico. Todos los servicios telem\u00e1ticos operan de forma normal.<\/span><\/li>\n<\/ul>\n<p style=\"text-align: justify;\"><span style=\"color: #000000;\">A finales del mes de marzo empezaba el periodo de pago de la tasa de basuras (la primera fracci\u00f3n) y del IBI urbano (la primera fracci\u00f3n).<\/span><\/p>\n<p style=\"text-align: justify;\"><span style=\"color: #000000;\">Ahora, teniendo en cuenta la situaci\u00f3n actual, se suspende el cobro y, cuando se levante el estado de alarma, el Ayuntamiento de la Bisbal del Pened\u00e8s aprobar\u00e1 un nuevo calendario fiscal.<\/span><\/p>\n<p style=\"text-align: justify;\"><span style=\"color: #000000;\">Os informamos que el Ayuntamiento tambi\u00e9n tomar\u00e1 medidas para paliar las p\u00e9rdidas econ\u00f3micas de los peque\u00f1os comercios y los establecimientos comerciales y de servicios del municipio.<\/span><\/p>\n<p style=\"text-align: justify;\"><span style=\"color: #000000;\">Si quer\u00e9is contactar con BASE, lo pod\u00e9is hacer por correo electr\u00f3nico: <a style=\"color: #000000;\" href=\"mailto:u.atenciousuaris@base.cat\">u.atenciousuaris@base.cat<\/a> y por tel\u00e9fono 977253400. Tambi\u00e9n ten\u00e9is una web (<a style=\"color: #000000;\" href=\"http:\/\/www.base.cat\">www.base.cat<\/a>) a vuestra disposici\u00f3n.<\/span><\/p>\n<p>&nbsp;<\/p>\n","protected":false},"excerpt":{"rendered":"<p>Com a resultat de la crisi del COVID-19 i del que s\u2019estableix en el Reial Decret 463\/2020, de 14 de mar\u00e7, pel qual es declara l\u2019estat d\u2019alarma per la gesti\u00f3 &hellip; <a href=\"https:\/\/bisbalpenedes.com\/web\/2020\/03\/19\/se-suspenen-o-ajornen-els-terminis-de-cobrament-de-contribucions-i-taxes\/\" class=\"more-link\">Read More<\/a><\/p>\n","protected":false},"author":4,"featured_media":6188,"comment_status":"closed","ping_status":"closed","sticky":false,"template":"","format":"standard","meta":[],"categories":[1628,3636],"tags":[3588,977,3589,976,872,979],"_links":{"self":[{"href":"https:\/\/bisbalpenedes.com\/web\/wp-json\/wp\/v2\/posts\/12315"}],"collection":[{"href":"https:\/\/bisbalpenedes.com\/web\/wp-json\/wp\/v2\/posts"}],"about":[{"href":"https:\/\/bisbalpenedes.com\/web\/wp-json\/wp\/v2\/types\/post"}],"author":[{"embeddable":true,"href":"https:\/\/bisbalpenedes.com\/web\/wp-json\/wp\/v2\/users\/4"}],"replies":[{"embeddable":true,"href":"https:\/\/bisbalpenedes.com\/web\/wp-json\/wp\/v2\/comments?post=12315"}],"version-history":[{"count":1,"href":"https:\/\/bisbalpenedes.com\/web\/wp-json\/wp\/v2\/posts\/12315\/revisions"}],"predecessor-version":[{"id":12316,"href":"https:\/\/bisbalpenedes.com\/web\/wp-json\/wp\/v2\/posts\/12315\/revisions\/12316"}],"wp:featuredmedia":[{"embeddable":true,"href":"https:\/\/bisbalpenedes.com\/web\/wp-json\/wp\/v2\/media\/6188"}],"wp:attachment":[{"href":"https:\/\/bisbalpenedes.com\/web\/wp-json\/wp\/v2\/media?parent=12315"}],"wp:term":[{"taxonomy":"category","embeddable":true,"href":"https:\/\/bisbalpenedes.com\/web\/wp-json\/wp\/v2\/categories?post=12315"},{"taxonomy":"post_tag","embeddable":true,"href":"https:\/\/bisbalpenedes.com\/web\/wp-json\/wp\/v2\/tags?post=12315"}],"curies":[{"name":"wp","href":"https:\/\/api.w.org\/{rel}","templated":true}]}}