{"id":12309,"date":"2020-03-18T22:22:15","date_gmt":"2020-03-18T21:22:15","guid":{"rendered":"http:\/\/bisbalpenedes.com\/web\/?p=12309"},"modified":"2020-03-30T13:49:01","modified_gmt":"2020-03-30T12:49:01","slug":"avis-el-punt-verd-de-la-bisbal-del-penedes-romandra-tancat-fins-a-nou-avis-per-prevencio","status":"publish","type":"post","link":"https:\/\/bisbalpenedes.com\/web\/2020\/03\/18\/avis-el-punt-verd-de-la-bisbal-del-penedes-romandra-tancat-fins-a-nou-avis-per-prevencio\/","title":{"rendered":"Av\u00eds: el Punt Verd de la Bisbal del Pened\u00e8s romandr\u00e0 tancat fins a nou av\u00eds per prevenci\u00f3"},"content":{"rendered":"<p><span style=\"color: #000000;\">La Regidoria de Gesti\u00f3 de Residus comunica a la ciutadania que, a partir d\u2019aquest dijous 19 de mar\u00e7, el Punt Verd de la Bisbal del Pened\u00e8s romandr\u00e0 tancat fins a nou av\u00eds.\u00a0L&#8217;actual situaci\u00f3 d\u2019emerg\u00e8ncia sanit\u00e0ria, amb confinament de la poblaci\u00f3 i mesures de protecci\u00f3 laborals i personals fa necessari tancar el servei per prevenci\u00f3.<\/span><\/p>\n<p><span style=\"color: #000000;\">Des de l\u2019Ajuntament de la Bisbal del Pened\u00e8s us demanem que emmagatzemeu els residus que habitualment porteu al Punt Verd fins que es restableixi el servei i us demanem disculpes per les mol\u00e8sties que aquesta situaci\u00f3 us pugui ocasionar.<\/span><\/p>\n<p><span style=\"color: #000000;\">Si teniu qualsevol dubte o consulta a fer sobre aquesta q\u00fcesti\u00f3, la podeu adre\u00e7ar al regidor de Gesti\u00f3 de Residus, F\u00e8lix Villazan, enviant un correu electr\u00f2nic a\u00a0<a style=\"color: #000000;\" href=\"mailto:felix@bisbalpenedes.com\">felix@bisbalpenedes.com<\/a>. Tamb\u00e9 podeu trucar a l\u2019Ajuntament de la Bisbal del Pened\u00e8s (977688438) en horari d\u2019atenci\u00f3 a la ciutadania, de 9 a 14h, de dilluns a divendres.<\/span><\/p>\n<hr \/>\n<p><span style=\"color: #000000;\">CASTELLANO | La Concejal\u00eda de Gesti\u00f3n de Residuos comunica a la ciudadan\u00eda que, a partir de este jueves 19 de marzo, el Punt Verd de la Bisbal del Pened\u00e8s permanecer\u00e1 cerrado hasta nuevo aviso. La presente situaci\u00f3n de\u00a0emergencia sanitaria, con confinamiento de la poblaci\u00f3n y medidas de protecci\u00f3n laborales y personales hace necesario cerrar el servicio por prevenci\u00f3n.<\/span><\/p>\n<p><span style=\"color: #000000;\">Desde el Ayuntamiento de la Bisbal del Pened\u00e8s os pedimos que almacen\u00e9is los residuos que habitualmente llev\u00e1is al Punt Verd hasta que se restablezca el servicio y os pedimos disculpas por las molestias que esta situaci\u00f3n os pueda ocasionar.<\/span><\/p>\n<p><span style=\"color: #000000;\">Si ten\u00e9is cualquier duda o consulta sobre esta cuesti\u00f3n, pod\u00e9is dirigirla al concejal de Gesti\u00f3n de Residuos, F\u00e8lix Villaz\u00e1n, enviando un correo electr\u00f3nico a\u00a0<a style=\"color: #000000;\" href=\"mailto:felix@bisbalpenedes.com\">felix@bisbalpenedes.com<\/a>. Tambi\u00e9n pod\u00e9is llamar al Ayuntamiento de la Bisbal del Pened\u00e8s (977688438) en horario de atenci\u00f3n a la ciudadan\u00eda, de 9 a 14h, de lunes a viernes.<\/span><\/p>\n","protected":false},"excerpt":{"rendered":"<p>La Regidoria de Gesti\u00f3 de Residus comunica a la ciutadania que, a partir d\u2019aquest dijous 19 de mar\u00e7, el Punt Verd de la Bisbal del Pened\u00e8s romandr\u00e0 tancat fins a &hellip; <a href=\"https:\/\/bisbalpenedes.com\/web\/2020\/03\/18\/avis-el-punt-verd-de-la-bisbal-del-penedes-romandra-tancat-fins-a-nou-avis-per-prevencio\/\" class=\"more-link\">Read More<\/a><\/p>\n","protected":false},"author":4,"featured_media":683,"comment_status":"closed","ping_status":"closed","sticky":false,"template":"","format":"standard","meta":[],"categories":[3636,3215],"tags":[3550,3569,886,92,2479],"_links":{"self":[{"href":"https:\/\/bisbalpenedes.com\/web\/wp-json\/wp\/v2\/posts\/12309"}],"collection":[{"href":"https:\/\/bisbalpenedes.com\/web\/wp-json\/wp\/v2\/posts"}],"about":[{"href":"https:\/\/bisbalpenedes.com\/web\/wp-json\/wp\/v2\/types\/post"}],"author":[{"embeddable":true,"href":"https:\/\/bisbalpenedes.com\/web\/wp-json\/wp\/v2\/users\/4"}],"replies":[{"embeddable":true,"href":"https:\/\/bisbalpenedes.com\/web\/wp-json\/wp\/v2\/comments?post=12309"}],"version-history":[{"count":5,"href":"https:\/\/bisbalpenedes.com\/web\/wp-json\/wp\/v2\/posts\/12309\/revisions"}],"predecessor-version":[{"id":12314,"href":"https:\/\/bisbalpenedes.com\/web\/wp-json\/wp\/v2\/posts\/12309\/revisions\/12314"}],"wp:featuredmedia":[{"embeddable":true,"href":"https:\/\/bisbalpenedes.com\/web\/wp-json\/wp\/v2\/media\/683"}],"wp:attachment":[{"href":"https:\/\/bisbalpenedes.com\/web\/wp-json\/wp\/v2\/media?parent=12309"}],"wp:term":[{"taxonomy":"category","embeddable":true,"href":"https:\/\/bisbalpenedes.com\/web\/wp-json\/wp\/v2\/categories?post=12309"},{"taxonomy":"post_tag","embeddable":true,"href":"https:\/\/bisbalpenedes.com\/web\/wp-json\/wp\/v2\/tags?post=12309"}],"curies":[{"name":"wp","href":"https:\/\/api.w.org\/{rel}","templated":true}]}}