{"id":12245,"date":"2020-03-17T20:10:16","date_gmt":"2020-03-17T19:10:16","guid":{"rendered":"http:\/\/bisbalpenedes.com\/web\/?p=12245"},"modified":"2020-03-30T13:50:02","modified_gmt":"2020-03-30T12:50:02","slug":"mesures-aplicables-a-la-recollida-de-materia-organica-al-nucli-i-a-lus-de-contenidors","status":"publish","type":"post","link":"https:\/\/bisbalpenedes.com\/web\/2020\/03\/17\/mesures-aplicables-a-la-recollida-de-materia-organica-al-nucli-i-a-lus-de-contenidors\/","title":{"rendered":"Mesures per a la recollida d&#8217;escombraries &#8216;porta a porta&#8217; i per a la recollida mitjan\u00e7ant contenidors"},"content":{"rendered":"<p style=\"text-align: center;\"><a href=\"http:\/\/bisbalpenedes.com\/web\/wp-content\/uploads\/2020\/03\/ORGANICA-COVID-19.jpg\"><img loading=\"lazy\" class=\"alignnone size-medium wp-image-12248\" src=\"http:\/\/bisbalpenedes.com\/web\/wp-content\/uploads\/2020\/03\/ORGANICA-COVID-19-300x300.jpg\" alt=\"ORGANICA COVID-19\" width=\"300\" height=\"300\" srcset=\"https:\/\/bisbalpenedes.com\/web\/wp-content\/uploads\/2020\/03\/ORGANICA-COVID-19-300x300.jpg 300w, https:\/\/bisbalpenedes.com\/web\/wp-content\/uploads\/2020\/03\/ORGANICA-COVID-19-100x100.jpg 100w, https:\/\/bisbalpenedes.com\/web\/wp-content\/uploads\/2020\/03\/ORGANICA-COVID-19-600x600.jpg 600w, https:\/\/bisbalpenedes.com\/web\/wp-content\/uploads\/2020\/03\/ORGANICA-COVID-19-150x150.jpg 150w, https:\/\/bisbalpenedes.com\/web\/wp-content\/uploads\/2020\/03\/ORGANICA-COVID-19-768x768.jpg 768w, https:\/\/bisbalpenedes.com\/web\/wp-content\/uploads\/2020\/03\/ORGANICA-COVID-19.jpg 960w\" sizes=\"(max-width: 300px) 100vw, 300px\" \/><\/a><\/p>\n<p style=\"text-align: justify;\"><span style=\"color: #000000;\">Al nucli de la Bisbal del Pened\u00e8s la recollida\u00a0d&#8217;escombraries funciona mitjan\u00e7ant el sistema \u2018porta a porta\u2019. Des de la Regidoria de Gesti\u00f3 de Residus us demanem que, fins a nou av\u00eds,\u00a0<b>deixeu la brossa sense cubell a l\u2019exterior de casa vostra.<\/b>\u00a0<\/span><\/p>\n<ul>\n<li style=\"text-align: justify;\"><span style=\"color: #000000;\">L&#8217;org\u00e0nica, deixeu-la amb una bossa compostable. Podeu protegir el terra amb un tros de cartr\u00f3 o paper de diari per evitar les males olors o que quedi brut.\u00a0<\/span><\/li>\n<li style=\"text-align: justify;\"><span style=\"color: #000000;\">Els envasos, el rebuig i els bolquers, deixeu-los tamb\u00e9 en una bossa de pl\u00e0stic, sense cubell.\u00a0<\/span><\/li>\n<li style=\"text-align: justify;\"><span style=\"color: #000000;\">Quant al cartr\u00f3, el podeu deixar dins d\u2019una capsa o bossa de paper.<\/span><\/li>\n<\/ul>\n<p style=\"text-align: justify;\"><span style=\"color: #000000;\"><strong>Els ve\u00efns de la resta de barris, recordeu aixecar la tapa dels contenidors amb el pedal<\/strong> per evitar el contacte directe amb les mans. En tot cas, r<span style=\"text-decoration: underline;\">ecomanem l&#8217;\u00fas de guants<\/span> d&#8217;un sol \u00fas per protegir-vos.\u00a0<\/span><\/p>\n<p style=\"text-align: justify;\"><span style=\"color: #000000;\"><strong>Recordeu que el Punt Verd estar\u00e0 tancat fins a nou av\u00eds.<\/strong> Us demanem que emmagatzemeu els residus que habitualment porteu al Punt Verd fins que es restableixi el servei. M\u00e9s informaci\u00f3 sobre aquesta mesura: <a href=\"http:\/\/bit.ly\/2UlsKWf\" target=\"_blank\">http:\/\/bit.ly\/2UlsKWf<\/a><\/span><\/p>\n<p style=\"text-align: justify;\"><span style=\"color: #000000;\">Des de l\u2019Ajuntament agra\u00efm la col\u00b7laboraci\u00f3 ciutadana aix\u00ed com els suggeriments que ens feu arribar.<\/span><\/p>\n<hr \/>\n<p style=\"text-align: justify;\"><span style=\"color: #000000;\"><b>CASTELLANO |<\/b>\u00a0En el n\u00facleo de la Bisbal del Pened\u00e8s la recogida de\u00a0residuos funciona mediante sistema \u2018puerta por puerta\u2019. Desde la Concejal\u00eda de Gesti\u00f3n de Residuos os pedimos que, hasta nuevo aviso,\u00a0<b>dej\u00e9is la bolsa sin cubo en el exterior de vuestra casa.<\/b>\u00a0<\/span><\/p>\n<ul>\n<li style=\"text-align: justify;\"><span style=\"color: #000000;\">La org\u00e1nica, dejadla con una bolsa compostable. Pod\u00e9is proteger el suelo con un trozo de cart\u00f3n o papel de diario para evitar los malos olores o que quede sucio.<\/span><\/li>\n<li style=\"text-align: justify;\"><span style=\"color: #000000;\">Los envases, el rechazo y los pa\u00f1ales, dejadlos tambi\u00e9n en una bolsa de pl\u00e1stico, sin cubo.<\/span><\/li>\n<li style=\"text-align: justify;\"><span style=\"color: #000000;\">En cuanto al cart\u00f3n, lo pod\u00e9is dejar dentro de una caja o bolsa de papel.<\/span><\/li>\n<\/ul>\n<p style=\"text-align: justify;\"><span style=\"color: #000000;\"><strong>Los vecinos del resto de barrios, recordad levantar la tapa de los contenedores con el pedal<\/strong> para evitar el contacto directo con las manos. En todo caso, <span style=\"text-decoration: underline;\">recomendamos el uso de guantes<\/span> de un solo uso para protegeros.<\/span><\/p>\n<p style=\"text-align: justify;\"><span style=\"color: #000000;\"><strong>Recordad que el Punt Verd estar\u00e1 cerrado hasta nuevo aviso.<\/strong> Os pedimos que almacen\u00e9is los residuos que habitualmente llev\u00e1is al Punt Verd hasta que se restablezca el servicio. M\u00e1s informaci\u00f3n sobre esta medida: <a href=\"http:\/\/bit.ly\/2UlsKWf\" target=\"_blank\">http:\/\/bit.ly\/2UlsKWf<\/a><\/span><\/p>\n<p style=\"text-align: justify;\"><span style=\"color: #000000;\">Desde el Ayuntamiento agradecemos la colaboraci\u00f3n ciudadana as\u00ed como las sugerencias que nos hac\u00e9is llegar.<\/span><\/p>\n","protected":false},"excerpt":{"rendered":"<p>Al nucli de la Bisbal del Pened\u00e8s la recollida\u00a0d&#8217;escombraries funciona mitjan\u00e7ant el sistema \u2018porta a porta\u2019. Des de la Regidoria de Gesti\u00f3 de Residus us demanem que, fins a nou &hellip; <a href=\"https:\/\/bisbalpenedes.com\/web\/2020\/03\/17\/mesures-aplicables-a-la-recollida-de-materia-organica-al-nucli-i-a-lus-de-contenidors\/\" class=\"more-link\">Read More<\/a><\/p>\n","protected":false},"author":4,"featured_media":12248,"comment_status":"closed","ping_status":"closed","sticky":false,"template":"","format":"standard","meta":[],"categories":[3636,3215],"tags":[625,3550,3559,790,2446,207,3579],"_links":{"self":[{"href":"https:\/\/bisbalpenedes.com\/web\/wp-json\/wp\/v2\/posts\/12245"}],"collection":[{"href":"https:\/\/bisbalpenedes.com\/web\/wp-json\/wp\/v2\/posts"}],"about":[{"href":"https:\/\/bisbalpenedes.com\/web\/wp-json\/wp\/v2\/types\/post"}],"author":[{"embeddable":true,"href":"https:\/\/bisbalpenedes.com\/web\/wp-json\/wp\/v2\/users\/4"}],"replies":[{"embeddable":true,"href":"https:\/\/bisbalpenedes.com\/web\/wp-json\/wp\/v2\/comments?post=12245"}],"version-history":[{"count":12,"href":"https:\/\/bisbalpenedes.com\/web\/wp-json\/wp\/v2\/posts\/12245\/revisions"}],"predecessor-version":[{"id":12337,"href":"https:\/\/bisbalpenedes.com\/web\/wp-json\/wp\/v2\/posts\/12245\/revisions\/12337"}],"wp:featuredmedia":[{"embeddable":true,"href":"https:\/\/bisbalpenedes.com\/web\/wp-json\/wp\/v2\/media\/12248"}],"wp:attachment":[{"href":"https:\/\/bisbalpenedes.com\/web\/wp-json\/wp\/v2\/media?parent=12245"}],"wp:term":[{"taxonomy":"category","embeddable":true,"href":"https:\/\/bisbalpenedes.com\/web\/wp-json\/wp\/v2\/categories?post=12245"},{"taxonomy":"post_tag","embeddable":true,"href":"https:\/\/bisbalpenedes.com\/web\/wp-json\/wp\/v2\/tags?post=12245"}],"curies":[{"name":"wp","href":"https:\/\/api.w.org\/{rel}","templated":true}]}}