{"id":12239,"date":"2020-03-17T14:01:16","date_gmt":"2020-03-17T13:01:16","guid":{"rendered":"http:\/\/bisbalpenedes.com\/web\/?p=12239"},"modified":"2020-03-30T13:50:55","modified_gmt":"2020-03-30T12:50:55","slug":"el-som-bisbal-esta-treballant-per-introduir-les-noves-ofertes-laborals-que-estan-sorgint-de-les-necessitats-creades-arran-de-la-situacio-que-sesta-vivint-pel-covid-19","status":"publish","type":"post","link":"https:\/\/bisbalpenedes.com\/web\/2020\/03\/17\/el-som-bisbal-esta-treballant-per-introduir-les-noves-ofertes-laborals-que-estan-sorgint-de-les-necessitats-creades-arran-de-la-situacio-que-sesta-vivint-pel-covid-19\/","title":{"rendered":"El SOM Bisbal est\u00e0 treballant per introduir les noves ofertes laborals que estan sorgint de les necessitats creades arran de la situaci\u00f3 que s\u2019est\u00e0 vivint pel covid-19"},"content":{"rendered":"<p><span style=\"color: #000000;\">El SOM Bisbal est\u00e0 treballant per introduir les noves ofertes laborals que estan sorgint de les necessitats creades arran de la situaci\u00f3 que s\u2019est\u00e0 vivint pel covid-19. Es tracta de feines en els sectors que treballen per abastir les necessitats actuals de la poblaci\u00f3 i que treballen complint les mesures per evitar contagis que han establert les autoritats sanit\u00e0ries. Podeu accedir al Servei d\u2019Ocupaci\u00f3 Municipal a trav\u00e9s de l\u2019enlla\u00e7: <\/span><a href=\"https:\/\/bisbalpenedes.com\/web\/som-online\/\">https:\/\/bisbalpenedes.com\/web\/som-online\/<\/a><\/p>\n<hr \/>\n<p><span style=\"color: #000000;\"><strong>CASTELLANO |<\/strong> El SOM Bisbal est\u00e1 trabajando para introducir las nuevas ofertas laborales que est\u00e1n surgiendo de las necesidades creadas a ra\u00edz de la situaci\u00f3n que se est\u00e1 viviendo por el covid-19. Se trata de trabajos en los sectores que trabajan para abastecer las necesidades actuales de la poblaci\u00f3n y que trabajan cumpliendo las medidas para evitar contagios que han establecido las autoridades sanitarias. Pod\u00e9is acceder al Servei d\u2019Ocupaci\u00f3 Municipal a trav\u00e9s del enlace:<\/span> <a href=\"https:\/\/bisbalpenedes.com\/web\/som-online\/\">https:\/\/bisbalpenedes.com\/web\/som-online\/<\/a><\/p>\n","protected":false},"excerpt":{"rendered":"<p>El SOM Bisbal est\u00e0 treballant per introduir les noves ofertes laborals que estan sorgint de les necessitats creades arran de la situaci\u00f3 que s\u2019est\u00e0 vivint pel covid-19. Es tracta de &hellip; <a href=\"https:\/\/bisbalpenedes.com\/web\/2020\/03\/17\/el-som-bisbal-esta-treballant-per-introduir-les-noves-ofertes-laborals-que-estan-sorgint-de-les-necessitats-creades-arran-de-la-situacio-que-sesta-vivint-pel-covid-19\/\" class=\"more-link\">Read More<\/a><\/p>\n","protected":false},"author":4,"featured_media":1415,"comment_status":"closed","ping_status":"closed","sticky":false,"template":"","format":"standard","meta":[],"categories":[3636,9],"tags":[3550,3559,3578],"_links":{"self":[{"href":"https:\/\/bisbalpenedes.com\/web\/wp-json\/wp\/v2\/posts\/12239"}],"collection":[{"href":"https:\/\/bisbalpenedes.com\/web\/wp-json\/wp\/v2\/posts"}],"about":[{"href":"https:\/\/bisbalpenedes.com\/web\/wp-json\/wp\/v2\/types\/post"}],"author":[{"embeddable":true,"href":"https:\/\/bisbalpenedes.com\/web\/wp-json\/wp\/v2\/users\/4"}],"replies":[{"embeddable":true,"href":"https:\/\/bisbalpenedes.com\/web\/wp-json\/wp\/v2\/comments?post=12239"}],"version-history":[{"count":1,"href":"https:\/\/bisbalpenedes.com\/web\/wp-json\/wp\/v2\/posts\/12239\/revisions"}],"predecessor-version":[{"id":12240,"href":"https:\/\/bisbalpenedes.com\/web\/wp-json\/wp\/v2\/posts\/12239\/revisions\/12240"}],"wp:featuredmedia":[{"embeddable":true,"href":"https:\/\/bisbalpenedes.com\/web\/wp-json\/wp\/v2\/media\/1415"}],"wp:attachment":[{"href":"https:\/\/bisbalpenedes.com\/web\/wp-json\/wp\/v2\/media?parent=12239"}],"wp:term":[{"taxonomy":"category","embeddable":true,"href":"https:\/\/bisbalpenedes.com\/web\/wp-json\/wp\/v2\/categories?post=12239"},{"taxonomy":"post_tag","embeddable":true,"href":"https:\/\/bisbalpenedes.com\/web\/wp-json\/wp\/v2\/tags?post=12239"}],"curies":[{"name":"wp","href":"https:\/\/api.w.org\/{rel}","templated":true}]}}