{"id":12237,"date":"2020-03-17T11:19:02","date_gmt":"2020-03-17T10:19:02","guid":{"rendered":"http:\/\/bisbalpenedes.com\/web\/?p=12237"},"modified":"2020-03-30T13:50:58","modified_gmt":"2020-03-30T12:50:58","slug":"les-oficines-de-base-de-la-bisbal-del-penedes-romandran-tancades-fins-al-30-de-marc","status":"publish","type":"post","link":"https:\/\/bisbalpenedes.com\/web\/2020\/03\/17\/les-oficines-de-base-de-la-bisbal-del-penedes-romandran-tancades-fins-al-30-de-marc\/","title":{"rendered":"Les oficines de Base de la Bisbal del Pened\u00e8s romandran tancades fins al 30 de mar\u00e7"},"content":{"rendered":"<p style=\"text-align: justify;\"><span style=\"color: #000000;\">Les oficines de Base de la Bisbal del Pened\u00e8s romandran tancades fins al 30 de mar\u00e7. Podeu fer les vostres consultes per via telef\u00f2nica al 977 25 34 00 i els vostres tr\u00e0mits en l\u00ednia a<\/span>\u00a0<a href=\"https:\/\/l.facebook.com\/l.php?u=http%3A%2F%2Fwww.base.cat%2F%3Ffbclid%3DIwAR258WMIpuoL8eSGyl5CpgEfNcktAjE3MD0wGhbu1I4l4KJxEgPQvKv68KI&amp;h=AT1GuR9ee-V4VeooSCp8RKWQKVWGVoRaUQtWK4dwnY9jm2YdGtAtY4WnK14XhpdRToA9j1ervQyYEEnk9JEsMqzPCh9ULyAz0tTi9aISQh3KGNCOTwAZRRx4oYDS1qx9vehlkiyARoSW1wUR-liR5ecmaFiwE218r8k8iNJALQ6szRvccWKcFK8FYOdAWkWpn531p0D7Fo6JpJunvQhkmHJpEcwU0AZD84YtCHLptEiQ-BgphB849FK4u47N84zU6uABIcJoo6D6HY7O3mWWQC_8ytaaUH_bl0BYhkAqXNnnjJjHWCgEdBSYYqyonLc7b2o7HLNbBkWW6xBgqmw9qpwuP_SbIFO1HQ9mR1KZTHOuyBxXR5aFI1cvveYrToWBdFumrca7Nr6HRTzOGVKFuHMCB6wzyCLmmXvK2H7qWzBAGFTxxzBsnr7zuyYNE8ZAKze_QZtPHHS2TtjZNtTUFLxQfhqCoLCgK06ReTV9oTkUgpijyDOWNtaBn_3kybfUfLbCnqSUQUArwx1zYgeSpOfrsPcsHuV1UvKIr1nWD_dc0FiZXMr3Ih1tESZcA1OfApn7XM9ZZOtVtp5DlEG-trzaiXvjitD02AA6KkHLwlWjfRscZGOFS2tOK6B-ebNrHf_WU1Y\" target=\"_blank\" rel=\"noopener nofollow\" data-ft=\"{&quot;tn&quot;:&quot;-U&quot;}\" data-lynx-mode=\"async\">www.base.cat.<\/a><br \/>\n<span style=\"color: #000000;\">Per evitar perjudicis en els drets i els interessos dels ciutadans s\u2019han susp\u00e8s temporalment tots els terminis administratius.<\/span><\/p>\n<hr \/>\n<div class=\"text_exposed_show\">\n<p style=\"text-align: justify;\"><span style=\"color: #000000;\">Las oficinas de Base de la Bisbal del Pened\u00e8s permanecer\u00e1n cerradas hasta el 30 de marzo. Pod\u00e9is hacer vuestras consultas por v\u00eda telef\u00f3nica en el 977 25 34 00 y vuestros tr\u00e1mites online en<\/span>\u00a0<a href=\"https:\/\/l.facebook.com\/l.php?u=http%3A%2F%2Fwww.base.cat%2F%3Ffbclid%3DIwAR15jr3nS8gmZlxrXT00F2muAQNfH6zu7utrkg598wZsYVy6ywklRyjkbDo&amp;h=AT2Wu8ZIsKhEbtcQS1eUmSpP0GQgXElg5EcAjGParpSsjJLo4utO60GPDREbQN9WFwVoytpkQ53KLUohldA94TG2aPCjgoVKX7TWCJSS64ftwTfXEuLlf3GZmiGMNTKBtBYRp4c1Viay0Pg1hSdPj_U71gxXuxGtnDWqHfpkgLIROKhLuMkqFaxs-_yma34eK6PDeb75Rx90UiArYDhzoqIcy8MABMHm8cUuoduyxTUIvY4ZDh2UwGM8AgEh-pgFWWxJhVczPep0iNv17ggpyEOMpkFQSuvikGZoeKBuxPijLqTxC5-guFyWBRNmknYzHomF5RZvqyK2kcEnBXljBUZNntm1JeOsFWZPGwTlqBj52fXlXw6Vpqd_nCSFEgjbHhN7Z7SqFT4klUoV05gUBu66CAlpLApTxPZKGCFPUOxXlbx9AI_RyrghPAb5KxlTqRfm1qCiokpnu5j_AGg6Mj-YkOYG7cPuAjKtFm2qq7H8oZgOInKmuSRBvaKsW3NYhM7u2WE87DjkC2Haz3giaWeb9RDEPvv0bkDXqJWc15A81zEMWnFGE3gIBUH4FsSdgLt5e-cjeV_-ASqiNg__hcJgSSQYe2a2fq1nsysxsUwnoE-Hq4lAkQQmF4ludm0HnqGUivM\" target=\"_blank\" rel=\"noopener nofollow\" data-ft=\"{&quot;tn&quot;:&quot;-U&quot;}\" data-lynx-mode=\"async\">www.base.cat.<\/a><br \/>\n<span style=\"color: #000000;\">Para evitar perjuicios en los derechos y los intereses de los ciudadanos se han suspendido temporalmente todos los plazos administrativos.<\/span><\/p>\n<\/div>\n<p><a href=\"http:\/\/bisbalpenedes.com\/web\/wp-content\/uploads\/2012\/10\/ReTOL-COVID-2-BASE_page-0001.jpg\"><img loading=\"lazy\" class=\"alignnone wp-image-12234 size-large\" src=\"http:\/\/bisbalpenedes.com\/web\/wp-content\/uploads\/2012\/10\/ReTOL-COVID-2-BASE_page-0001-1024x725.jpg\" alt=\"ReTOL COVID 2 BASE_page-0001\" width=\"630\" height=\"446\" srcset=\"https:\/\/bisbalpenedes.com\/web\/wp-content\/uploads\/2012\/10\/ReTOL-COVID-2-BASE_page-0001-1024x725.jpg 1024w, https:\/\/bisbalpenedes.com\/web\/wp-content\/uploads\/2012\/10\/ReTOL-COVID-2-BASE_page-0001-600x425.jpg 600w, https:\/\/bisbalpenedes.com\/web\/wp-content\/uploads\/2012\/10\/ReTOL-COVID-2-BASE_page-0001-300x212.jpg 300w, https:\/\/bisbalpenedes.com\/web\/wp-content\/uploads\/2012\/10\/ReTOL-COVID-2-BASE_page-0001-768x543.jpg 768w, https:\/\/bisbalpenedes.com\/web\/wp-content\/uploads\/2012\/10\/ReTOL-COVID-2-BASE_page-0001.jpg 1754w\" sizes=\"(max-width: 630px) 100vw, 630px\" \/><\/a><\/p>\n","protected":false},"excerpt":{"rendered":"<p>Les oficines de Base de la Bisbal del Pened\u00e8s romandran tancades fins al 30 de mar\u00e7. Podeu fer les vostres consultes per via telef\u00f2nica al 977 25 34 00 i &hellip; <a href=\"https:\/\/bisbalpenedes.com\/web\/2020\/03\/17\/les-oficines-de-base-de-la-bisbal-del-penedes-romandran-tancades-fins-al-30-de-marc\/\" class=\"more-link\">Read More<\/a><\/p>\n","protected":false},"author":4,"featured_media":12234,"comment_status":"closed","ping_status":"closed","sticky":false,"template":"","format":"standard","meta":[],"categories":[1628,3636],"tags":[977,3575,3577,976,3574,846,3576],"_links":{"self":[{"href":"https:\/\/bisbalpenedes.com\/web\/wp-json\/wp\/v2\/posts\/12237"}],"collection":[{"href":"https:\/\/bisbalpenedes.com\/web\/wp-json\/wp\/v2\/posts"}],"about":[{"href":"https:\/\/bisbalpenedes.com\/web\/wp-json\/wp\/v2\/types\/post"}],"author":[{"embeddable":true,"href":"https:\/\/bisbalpenedes.com\/web\/wp-json\/wp\/v2\/users\/4"}],"replies":[{"embeddable":true,"href":"https:\/\/bisbalpenedes.com\/web\/wp-json\/wp\/v2\/comments?post=12237"}],"version-history":[{"count":1,"href":"https:\/\/bisbalpenedes.com\/web\/wp-json\/wp\/v2\/posts\/12237\/revisions"}],"predecessor-version":[{"id":12238,"href":"https:\/\/bisbalpenedes.com\/web\/wp-json\/wp\/v2\/posts\/12237\/revisions\/12238"}],"wp:featuredmedia":[{"embeddable":true,"href":"https:\/\/bisbalpenedes.com\/web\/wp-json\/wp\/v2\/media\/12234"}],"wp:attachment":[{"href":"https:\/\/bisbalpenedes.com\/web\/wp-json\/wp\/v2\/media?parent=12237"}],"wp:term":[{"taxonomy":"category","embeddable":true,"href":"https:\/\/bisbalpenedes.com\/web\/wp-json\/wp\/v2\/categories?post=12237"},{"taxonomy":"post_tag","embeddable":true,"href":"https:\/\/bisbalpenedes.com\/web\/wp-json\/wp\/v2\/tags?post=12237"}],"curies":[{"name":"wp","href":"https:\/\/api.w.org\/{rel}","templated":true}]}}