{"id":12217,"date":"2020-03-16T18:33:53","date_gmt":"2020-03-16T17:33:53","guid":{"rendered":"http:\/\/bisbalpenedes.com\/web\/?p=12217"},"modified":"2020-03-30T13:51:23","modified_gmt":"2020-03-30T12:51:23","slug":"comunicat-dalcaldia-en-relacio-amb-la-informacio-apareguda-en-diversos-mitjans-de-comunicacio-sobre-el-cas-duna-persona-procedent-de-la-bisbal-del-penedes-que-estaria-hospitalitzada-i-que-h","status":"publish","type":"post","link":"https:\/\/bisbalpenedes.com\/web\/2020\/03\/16\/comunicat-dalcaldia-en-relacio-amb-la-informacio-apareguda-en-diversos-mitjans-de-comunicacio-sobre-el-cas-duna-persona-procedent-de-la-bisbal-del-penedes-que-estaria-hospitalitzada-i-que-h\/","title":{"rendered":"Comunicat d&#8217;alcaldia en relaci\u00f3 amb la informaci\u00f3 apareguda en diversos mitjans de comunicaci\u00f3 sobre el cas d\u2019una persona procedent de la Bisbal del Pened\u00e8s que hauria donat positiu per covid-19"},"content":{"rendered":"<p style=\"text-align: center;\"><span style=\"color: #000000;\"><strong>COMUNICAT D\u2019ALCALDIA<\/strong><\/span><\/p>\n<p style=\"text-align: right;\"><span style=\"color: #000000;\">A la Bisbal del Pened\u00e8s, 16 de mar\u00e7 de 2020<\/span><\/p>\n<p><span style=\"color: #000000;\">Benvolguts ve\u00efns:<\/span><\/p>\n<p><span style=\"color: #000000;\">En relaci\u00f3 amb la informaci\u00f3 apareguda en diversos mitjans de comunicaci\u00f3 sobre el cas d\u2019una persona procedent de la Bisbal del Pened\u00e8s que estaria hospitalitzada i que hauria donat positiu per covid-19, fem una crida a la calma i a la tranquil\u00b7litat.<\/span><\/p>\n<p><span style=\"color: #000000;\">En primer lloc, desitgem que aquesta persona tingui una bona recuperaci\u00f3. Per motius de confidencialitat i privacitat, aix\u00ed com per consideraci\u00f3 amb la persona afectada, no podem facilitar cap dada personal.<\/span><\/p>\n<p><span style=\"color: #000000;\">En segon lloc, volem recordar que, en l\u2019actualitat no s\u2019ha declarat cap brot de covid-19 al municipi i que, des de l\u2019Ajuntament de la Bisbal del Pened\u00e8s, estem complint amb totes les indicacions, mesures i restriccions que ens han anat indicant les autoritats sanit\u00e0ries. Us preguem que seguiu totes les indicacions, \u00a0mesures i recomanacions que s\u2019han anat fent p\u00fabliques per evitar la propagaci\u00f3 del covid-19.<\/span><\/p>\n<p><span style=\"color: #000000;\">En tercer lloc, us demanem que no difongueu informaci\u00f3 personal de cap possible afectat i que no compartiu cap tipus d\u2019informaci\u00f3 que provingui de canals no oficials, que sigui falsa o que no estigui contrastada. Us recordem que teniu a la vostra disposici\u00f3 els canals de comunicaci\u00f3 oficials de l\u2019Ajuntament de la Bisbal del Pened\u00e8s. S\u00f3n els seg\u00fcents: eBando, el web <a style=\"color: #000000;\" href=\"http:\/\/www.bisbalpenedes.com\">www.bisbalpenedes.com<\/a> i les xarxes socials (Instagram, Facebook i Twitter). Tamb\u00e9 podeu contactar, de 9h a 14h, amb el tel\u00e8fon 977 688 438 o podeu enviar un correu electr\u00f2nic a <a style=\"color: #000000;\" href=\"info@bisbalpenedes.com\">info@bisbalpenedes.com<\/a>.<\/span><\/p>\n<p><span style=\"color: #000000;\">La situaci\u00f3 que estem vivint \u00e9s excepcional i requereix calma i serenor. Sabem que \u00e9s dif\u00edcil, tots estem fent esfor\u00e7os en la nostra vida di\u00e0ria per seguir les mesures amb l\u2019objectiu d\u2019evitar i prevenir contagis. Esperem que aquesta situaci\u00f3 passi ben aviat.<\/span><\/p>\n<p><span style=\"color: #000000;\">Una vegada m\u00e9s us agra\u00efm la col\u00b7laboraci\u00f3 i us emplacem a anar seguint les recomanacions que ens vagin indicant les autoritats sanit\u00e0ries per prevenir i fer front al coronavirus covid-19.<\/span><\/p>\n<p><span style=\"color: #000000;\">\u00a0<\/span><\/p>\n<p style=\"text-align: right;\"><span style=\"color: #000000;\">Atentament,<\/span><\/p>\n<p style=\"text-align: right;\"><span style=\"color: #000000;\">Agn\u00e8s Ferr\u00e9 Ca\u00f1ellas<\/span><\/p>\n<p style=\"text-align: right;\"><span style=\"color: #000000;\">Alcaldessa de la Bisbal del Pened\u00e8s<\/span><\/p>\n<hr \/>\n<p style=\"text-align: center;\"><span style=\"color: #000000;\"><strong>COMUNICADO DE ALCALD\u00cdA<\/strong><\/span><\/p>\n<p><span style=\"color: #000000;\">\u00a0<\/span><\/p>\n<p style=\"text-align: right;\"><span style=\"color: #000000;\">En la Bisbal del Pened\u00e8s, 16 de marzo de 2020<\/span><\/p>\n<p><span style=\"color: #000000;\">Apreciados vecinos:<\/span><\/p>\n<p><span style=\"color: #000000;\">En relaci\u00f3n con la informaci\u00f3n aparecida en varios medios de comunicaci\u00f3n sobre el caso de una persona procedente de la Bisbal del Pened\u00e8s que estar\u00eda hospitalizada y que habr\u00eda dado positivo por covid-19, hacemos un llamamiento a la calma y a la tranquilidad.<\/span><\/p>\n<p><span style=\"color: #000000;\">En primer lugar, deseamos que esta persona tenga una buena recuperaci\u00f3n. Por motivos de confidencialidad y privacidad, as\u00ed como por consideraci\u00f3n con la persona afectada, no podemos facilitar ning\u00fan dato personal.<\/span><\/p>\n<p><span style=\"color: #000000;\">En segundo lugar, queremos recordar que, en la actualidad no se ha declarado ning\u00fan brote de covid-19 en el municipio y que, desde el Ayuntamiento de la Bisbal del Pened\u00e8s, estamos cumpliendo con todas las indicaciones, medidas y restricciones que nos han ido indicando las autoridades sanitarias. Os rogamos que sig\u00e1is todas las indicaciones, medidas y recomendaciones que se han ido haciendo p\u00fablicas para evitar la propagaci\u00f3n del covid-19.<\/span><\/p>\n<p><span style=\"color: #000000;\">En tercer lugar, os pedimos que no difund\u00e1is informaci\u00f3n personal de ning\u00fan posible afectado y que no compart\u00e1is ning\u00fan tipo de informaci\u00f3n que provenga de canales no oficiales, que sea falsa o que no est\u00e9 contrastada. Os recordamos que ten\u00e9is a vuestra disposici\u00f3n los canales de comunicaci\u00f3n oficiales del Ayuntamiento de la Bisbal del Pened\u00e8s. Son los siguientes: eBando, la web <a style=\"color: #000000;\" href=\"http:\/\/www.bisbalpenedes.com\">www.bisbalpenedes.com<\/a> y las redes sociales (Instagram, Facebook y Twitter). Tambi\u00e9n pod\u00e9is contactar, de 9h a 14h, con el tel\u00e9fono 977 688 438 o pod\u00e9is enviar un correo electr\u00f3nico a <a style=\"color: #000000;\" href=\"mailto:info@bisbalpenedes.com\">info@bisbalpenedes.com<\/a>.<\/span><\/p>\n<p><span style=\"color: #000000;\">La situaci\u00f3n que estamos viviendo es excepcional y requiere calma y serenidad. Sabemos que es dif\u00edcil, todos estamos haciendo esfuerzos en nuestra vida diaria para seguir las medidas con el objetivo de evitar y prevenir contagios. Esperamos que esta situaci\u00f3n se termine pronto. \u00a0<\/span><\/p>\n<p><span style=\"color: #000000;\">Una vez m\u00e1s os agradecemos la colaboraci\u00f3n y os emplazamos a ir siguiendo las recomendaciones que nos vayan indicando las autoridades sanitarias para prevenir y afrontar el coronavirus covid-19.<\/span><\/p>\n<p style=\"text-align: right;\"><span style=\"color: #000000;\">Atentamente,<\/span><\/p>\n<p style=\"text-align: right;\"><span style=\"color: #000000;\">Agn\u00e8s Ferr\u00e9 Ca\u00f1ellas<\/span><\/p>\n<p style=\"text-align: right;\"><span style=\"color: #000000;\">Alcaldessa de la Bisbal del Pened\u00e8s<\/span><\/p>\n","protected":false},"excerpt":{"rendered":"<p>COMUNICAT D\u2019ALCALDIA A la Bisbal del Pened\u00e8s, 16 de mar\u00e7 de 2020 Benvolguts ve\u00efns: En relaci\u00f3 amb la informaci\u00f3 apareguda en diversos mitjans de comunicaci\u00f3 sobre el cas d\u2019una persona &hellip; <a href=\"https:\/\/bisbalpenedes.com\/web\/2020\/03\/16\/comunicat-dalcaldia-en-relacio-amb-la-informacio-apareguda-en-diversos-mitjans-de-comunicacio-sobre-el-cas-duna-persona-procedent-de-la-bisbal-del-penedes-que-estaria-hospitalitzada-i-que-h\/\" class=\"more-link\">Read More<\/a><\/p>\n","protected":false},"author":4,"featured_media":12172,"comment_status":"closed","ping_status":"closed","sticky":false,"template":"","format":"standard","meta":[],"categories":[2057,3636],"tags":[3173,3550,3559],"_links":{"self":[{"href":"https:\/\/bisbalpenedes.com\/web\/wp-json\/wp\/v2\/posts\/12217"}],"collection":[{"href":"https:\/\/bisbalpenedes.com\/web\/wp-json\/wp\/v2\/posts"}],"about":[{"href":"https:\/\/bisbalpenedes.com\/web\/wp-json\/wp\/v2\/types\/post"}],"author":[{"embeddable":true,"href":"https:\/\/bisbalpenedes.com\/web\/wp-json\/wp\/v2\/users\/4"}],"replies":[{"embeddable":true,"href":"https:\/\/bisbalpenedes.com\/web\/wp-json\/wp\/v2\/comments?post=12217"}],"version-history":[{"count":2,"href":"https:\/\/bisbalpenedes.com\/web\/wp-json\/wp\/v2\/posts\/12217\/revisions"}],"predecessor-version":[{"id":12219,"href":"https:\/\/bisbalpenedes.com\/web\/wp-json\/wp\/v2\/posts\/12217\/revisions\/12219"}],"wp:featuredmedia":[{"embeddable":true,"href":"https:\/\/bisbalpenedes.com\/web\/wp-json\/wp\/v2\/media\/12172"}],"wp:attachment":[{"href":"https:\/\/bisbalpenedes.com\/web\/wp-json\/wp\/v2\/media?parent=12217"}],"wp:term":[{"taxonomy":"category","embeddable":true,"href":"https:\/\/bisbalpenedes.com\/web\/wp-json\/wp\/v2\/categories?post=12217"},{"taxonomy":"post_tag","embeddable":true,"href":"https:\/\/bisbalpenedes.com\/web\/wp-json\/wp\/v2\/tags?post=12217"}],"curies":[{"name":"wp","href":"https:\/\/api.w.org\/{rel}","templated":true}]}}