{"id":12213,"date":"2020-03-16T09:49:39","date_gmt":"2020-03-16T08:49:39","guid":{"rendered":"http:\/\/bisbalpenedes.com\/web\/?p=12213"},"modified":"2020-03-16T09:54:35","modified_gmt":"2020-03-16T08:54:35","slug":"la-junta-de-govern-de-la-setmana-passada-va-aprovar-el-pagament-de-la-quota-de-lany-2020-de-la-fmc","status":"publish","type":"post","link":"https:\/\/bisbalpenedes.com\/web\/2020\/03\/16\/la-junta-de-govern-de-la-setmana-passada-va-aprovar-el-pagament-de-la-quota-de-lany-2020-de-la-fmc\/","title":{"rendered":"La Junta de govern de la setmana passada va aprovar el pagament de la quota de l\u2019any 2020 de la Federaci\u00f3 de Municipis de Catalunya"},"content":{"rendered":"<p style=\"text-align: justify;\"><span style=\"color: #000000;\">La Junta de govern del 9 de mar\u00e7 ha aprovat, a petici\u00f3 d\u2019alcaldia, la quota de l\u2019any 2020 de la Federaci\u00f3 de Municipis de Catalunya (FMC) que ascendeix a 585,29\u20ac.<\/span><\/p>\n<p style=\"text-align: justify;\"><span style=\"color: #000000;\">L\u2019Ajuntament de la Bisbal del Pened\u00e8s est\u00e0 adherit a la FMC des del juny de 1993. La FMC es va fundar el 1981 i \u00e9s una associaci\u00f3 plural, formada per municipis i altres ens locals de Catalunya, constitu\u00efda per la defensa i promoci\u00f3 de l\u2019autonomia local. La FMC est\u00e0 integrada per la Federaci\u00f3 Espanyola de Municipis i Prov\u00edncies (FEMP) i participa, en el marc de l\u2019acci\u00f3 municipalista internacional, en l\u2019organitzaci\u00f3 Ciutats i Governs Locals Units (CGLU) que \u00e9s l\u2019entitat municipalista de car\u00e0cter internacional m\u00e9s representativa.<\/span><\/p>\n<hr \/>\n<p style=\"text-align: justify;\"><span style=\"color: #000000;\"><strong>CASTELLANO |<\/strong> La junta de gobierno del 9 de marzo ha aprobado, a petici\u00f3n de alcald\u00eda, la cuota del a\u00f1o 2020 de la Federaci\u00f3 de Municipis de Catalunya (FMC) que asciende a 585,29\u20ac.<\/span><\/p>\n<p style=\"text-align: justify;\"><span style=\"color: #000000;\">El Ayuntamiento de la Bisbal del Pened\u00e8s est\u00e1 adherido a la FMC desde junio del 1993. La FMC se fund\u00f3 en 1981 y es una asociaci\u00f3n plural, formada por municipios y otros entes locales de Catalunya, constituida para la defensa y promoci\u00f3n de la autonom\u00eda local. La FMC est\u00e1 integrada por la Federaci\u00f3n Espa\u00f1ola de Municipios y Provincias (FEMP) y participa, en el marco de la acci\u00f3n municipalista internacional, en la organizaci\u00f3n Ciudades y Gobiernos Locales Unidos (CGLU) que es la entidad municipalista de car\u00e1cter internacional m\u00e1s representativa.<\/span><\/p>\n<p>&nbsp;<\/p>\n","protected":false},"excerpt":{"rendered":"<p>La Junta de govern del 9 de mar\u00e7 ha aprovat, a petici\u00f3 d\u2019alcaldia, la quota de l\u2019any 2020 de la Federaci\u00f3 de Municipis de Catalunya (FMC) que ascendeix a 585,29\u20ac. &hellip; <a href=\"https:\/\/bisbalpenedes.com\/web\/2020\/03\/16\/la-junta-de-govern-de-la-setmana-passada-va-aprovar-el-pagament-de-la-quota-de-lany-2020-de-la-fmc\/\" class=\"more-link\">Read More<\/a><\/p>\n","protected":false},"author":4,"featured_media":12214,"comment_status":"closed","ping_status":"closed","sticky":false,"template":"","format":"standard","meta":[],"categories":[2057],"tags":[3571,3570,686],"_links":{"self":[{"href":"https:\/\/bisbalpenedes.com\/web\/wp-json\/wp\/v2\/posts\/12213"}],"collection":[{"href":"https:\/\/bisbalpenedes.com\/web\/wp-json\/wp\/v2\/posts"}],"about":[{"href":"https:\/\/bisbalpenedes.com\/web\/wp-json\/wp\/v2\/types\/post"}],"author":[{"embeddable":true,"href":"https:\/\/bisbalpenedes.com\/web\/wp-json\/wp\/v2\/users\/4"}],"replies":[{"embeddable":true,"href":"https:\/\/bisbalpenedes.com\/web\/wp-json\/wp\/v2\/comments?post=12213"}],"version-history":[{"count":2,"href":"https:\/\/bisbalpenedes.com\/web\/wp-json\/wp\/v2\/posts\/12213\/revisions"}],"predecessor-version":[{"id":12216,"href":"https:\/\/bisbalpenedes.com\/web\/wp-json\/wp\/v2\/posts\/12213\/revisions\/12216"}],"wp:featuredmedia":[{"embeddable":true,"href":"https:\/\/bisbalpenedes.com\/web\/wp-json\/wp\/v2\/media\/12214"}],"wp:attachment":[{"href":"https:\/\/bisbalpenedes.com\/web\/wp-json\/wp\/v2\/media?parent=12213"}],"wp:term":[{"taxonomy":"category","embeddable":true,"href":"https:\/\/bisbalpenedes.com\/web\/wp-json\/wp\/v2\/categories?post=12213"},{"taxonomy":"post_tag","embeddable":true,"href":"https:\/\/bisbalpenedes.com\/web\/wp-json\/wp\/v2\/tags?post=12213"}],"curies":[{"name":"wp","href":"https:\/\/api.w.org\/{rel}","templated":true}]}}