{"id":12210,"date":"2020-03-16T09:31:00","date_gmt":"2020-03-16T08:31:00","guid":{"rendered":"http:\/\/bisbalpenedes.com\/web\/?p=12210"},"modified":"2020-03-16T09:31:00","modified_gmt":"2020-03-16T08:31:00","slug":"el-ple-ordinari-daquest-dilluns-16-de-marc-de-2020-se-celebrara-a-porta-tancada","status":"publish","type":"post","link":"https:\/\/bisbalpenedes.com\/web\/2020\/03\/16\/el-ple-ordinari-daquest-dilluns-16-de-marc-de-2020-se-celebrara-a-porta-tancada\/","title":{"rendered":"El Ple Ordinari d&#8217;aquest dilluns 16 de mar\u00e7 de 2020 se celebrar\u00e0 a porta tancada"},"content":{"rendered":"<div style=\"text-align: justify;\"><span style=\"color: #000000;\">Avui dilluns 16 de mar\u00e7 de 2020, a les 19h, tindr\u00e0 lloc el Ple Ordinari de la Bisbal del Pened\u00e8s corresponent a aquest trimestre.<\/span><\/div>\n<div style=\"text-align: justify;\"><\/div>\n<div style=\"text-align: justify;\"><span style=\"color: #000000;\">Donada la situaci\u00f3 actual, se celebrar\u00e0 a porta tancada -sense la pres\u00e8ncia de p\u00fablic- i amb les mesures d&#8217;higiene i dist\u00e0ncies corresponents. Posteriorment compartirem el resum del Ple i podreu trobar el v\u00eddeo \u00edntegre de la sessi\u00f3 al canal de Youtube de l&#8217;Ajuntament de la Bisbal del Pened\u00e8s.<\/span><\/div>\n<div style=\"text-align: justify;\"><\/div>\n<div style=\"text-align: justify;\"><span style=\"color: #000000;\">Ordre del dia:<\/span>\u00a0<a href=\"https:\/\/l.facebook.com\/l.php?u=https%3A%2F%2Fbit.ly%2F2vZVRpL%3Ffbclid%3DIwAR2qE3-0O92_IaHRTbUF8nqHKqedkJJJd4nrkK99thyv1U1qJNV_qHtuTxw&amp;h=AT2j1P0dbsTxTF4M__Sx_YgVZINh_fczfn7el6vTIxL5rrYl8knuAYvnMzUCR13SmvDCb_3WMQDkHmDpsf_iumw0kGqA-hOzlCDBdT1yR3hR6qSEB8efBkzRTGdN797p5i8oX6131Z8QqG13S7gDKbE1yEv29Y9lnV6vAcoMe1UJi8pQJMaZnqcL3dxMIFCRs0jVhxbPubusVGtv1aRSnDQkJlmWP8MhFUqjMBOceo41x-P8RZeIqtPzbUAkXtqho8Sily3t6AleuDc8PJmXTA-JEUXxKYfLpaExT7FDFtFGjyVfndzMUdTGulNiV60TurrENsRtC-VY8nomstluZ7KJw5ELXOF-dFASj_MzsbxZ_ZrlkYnitli9TusnyxQNZhwshkokjVbs4YWapeJ9biVr4WSRQENAq-_HOzsenf6frvbVAq0MvFFubazK-JY5L6h2W-1vexZZpNsqgu3fCGYwFH4kigqfbDhPyzknH7C8hiGuVhad2knkOg85Bk7Bvsf3TmVKzfhWBYQmtoNgt1XcUlHAFQH6BVfBPXZykSzSGx9OW1bziJkoN_GacUgZoYmEvmLuqv_MV53s4PQRuSoPn0r5HxbeVUd2rpJmoA0Tc3IilFwYpbuFGEGHMgqcEePqAow\" target=\"_blank\" rel=\"noopener nofollow\" data-ft=\"{&quot;tn&quot;:&quot;-U&quot;}\" data-lynx-mode=\"async\">http:\/\/bit.ly\/2vZVRpL<\/a><\/div>\n<hr \/>\n<div class=\"text_exposed_show\">\n<div style=\"text-align: justify;\"><\/div>\n<div style=\"text-align: justify;\"><span style=\"color: #000000;\"><strong>CASTELLANO |<\/strong> Hoy lunes 16 de marzo de 2020, a las 19h, tendr\u00e1 lugar el Pleno Ordinario de la Bisbal del Pened\u00e8s correspondiente a este trimestre.<\/span><\/div>\n<div style=\"text-align: justify;\"><\/div>\n<div style=\"text-align: justify;\"><span style=\"color: #000000;\">Dada la situaci\u00f3n actual, se celebrar\u00e1 a puerta cerrada -sin la presencia de p\u00fablico- y con las medidas de higiene y distancias correspondientes.<\/span><\/div>\n<div style=\"text-align: justify;\"><span style=\"color: #000000;\">Posteriormente compartiremos el resumen del Pleno y podr\u00e9is encontrar el v\u00eddeo \u00edntegro de la sesi\u00f3n en el canal de Youtube del Ayuntamiento de la Bisbal del Pened\u00e8s.<\/span><\/div>\n<div style=\"text-align: justify;\"><\/div>\n<div style=\"text-align: justify;\"><span style=\"color: #000000;\">Orden del d\u00eda:<\/span>\u00a0<a href=\"https:\/\/bit.ly\/2vZVRpL?fbclid=IwAR2j4OCbJ3zpq02BRuu3Zkl_5lki--yaV7ZFznXxa5Mcn9WZqn-oaMFOKyI\" target=\"_blank\" rel=\"noopener nofollow\" data-ft=\"{&quot;tn&quot;:&quot;-U&quot;}\" data-lynx-mode=\"async\" data-lynx-uri=\"https:\/\/l.facebook.com\/l.php?u=https%3A%2F%2Fbit.ly%2F2vZVRpL%3Ffbclid%3DIwAR2j4OCbJ3zpq02BRuu3Zkl_5lki--yaV7ZFznXxa5Mcn9WZqn-oaMFOKyI&amp;h=AT3d1VIlBJCJ0aPsvnDHxg90YPSyv0KSjD8gT4cWIqGO0peeHQOErgtbTUh9YtY6bmv632lUz0AeYnOF6jxLS80YZCB_zWDAKr2JZwZ4ZrbWj8bTIFGGtwCaJ_Kqn6ye9JOA1bqrJUQiYosLSI9pZblcL7ConpN0PYWjHHp6NS0YCjP6VshfiqxhJpLo9kchkccvcb3I5HS21lwqrlzJDMMTMOsds3_pSPuxpFhDWaOl0vN5mupO5nZy_kVeiPXcJB27LOlloUuD9sbx12IuOGbe6zjjANQ8hh1FkFyGS5OekRwluNl4iPhIQWyIPUDXwC9fV8_p7LYkM6iIndKJMn4zGB7TbpVmqA2sQZ_o82l2mVEkWqqabyj5TM30eobixFuzfwrpqAEwwZ20Sdq3ooWNQD0u6KrbegcBf_KIBI4FdcLBgynOr1_8EOGIC7MMqF5l8dS_IOO6SyaEklrDHcRJV6YGNs_MB3_o9TgP-t8tFH0Qwn1egV9a2icvh92eTXOx35U1UqvPle50EmBbrLijiLwqoR0OOIbMN1ZUjgfoJLzPKVB3NW2F_urAWHybmzJ0fq360WxN256hoGKsB9eMnn24W2tDEhwrLFEmGZuOnUyauMfLThmaeNXbtDTLHGSn5cE\">http:\/\/bit.ly\/2vZVRpL<\/a><\/div>\n<\/div>\n","protected":false},"excerpt":{"rendered":"<p>Avui dilluns 16 de mar\u00e7 de 2020, a les 19h, tindr\u00e0 lloc el Ple Ordinari de la Bisbal del Pened\u00e8s corresponent a aquest trimestre. Donada la situaci\u00f3 actual, se celebrar\u00e0 &hellip; <a href=\"https:\/\/bisbalpenedes.com\/web\/2020\/03\/16\/el-ple-ordinari-daquest-dilluns-16-de-marc-de-2020-se-celebrara-a-porta-tancada\/\" class=\"more-link\">Read More<\/a><\/p>\n","protected":false},"author":4,"featured_media":8717,"comment_status":"closed","ping_status":"closed","sticky":false,"template":"","format":"standard","meta":[],"categories":[2250],"tags":[3550,3569,249,3568],"_links":{"self":[{"href":"https:\/\/bisbalpenedes.com\/web\/wp-json\/wp\/v2\/posts\/12210"}],"collection":[{"href":"https:\/\/bisbalpenedes.com\/web\/wp-json\/wp\/v2\/posts"}],"about":[{"href":"https:\/\/bisbalpenedes.com\/web\/wp-json\/wp\/v2\/types\/post"}],"author":[{"embeddable":true,"href":"https:\/\/bisbalpenedes.com\/web\/wp-json\/wp\/v2\/users\/4"}],"replies":[{"embeddable":true,"href":"https:\/\/bisbalpenedes.com\/web\/wp-json\/wp\/v2\/comments?post=12210"}],"version-history":[{"count":1,"href":"https:\/\/bisbalpenedes.com\/web\/wp-json\/wp\/v2\/posts\/12210\/revisions"}],"predecessor-version":[{"id":12211,"href":"https:\/\/bisbalpenedes.com\/web\/wp-json\/wp\/v2\/posts\/12210\/revisions\/12211"}],"wp:featuredmedia":[{"embeddable":true,"href":"https:\/\/bisbalpenedes.com\/web\/wp-json\/wp\/v2\/media\/8717"}],"wp:attachment":[{"href":"https:\/\/bisbalpenedes.com\/web\/wp-json\/wp\/v2\/media?parent=12210"}],"wp:term":[{"taxonomy":"category","embeddable":true,"href":"https:\/\/bisbalpenedes.com\/web\/wp-json\/wp\/v2\/categories?post=12210"},{"taxonomy":"post_tag","embeddable":true,"href":"https:\/\/bisbalpenedes.com\/web\/wp-json\/wp\/v2\/tags?post=12210"}],"curies":[{"name":"wp","href":"https:\/\/api.w.org\/{rel}","templated":true}]}}