{"id":12200,"date":"2020-03-16T09:23:03","date_gmt":"2020-03-16T08:23:03","guid":{"rendered":"http:\/\/bisbalpenedes.com\/web\/?p=12200"},"modified":"2020-04-24T22:36:19","modified_gmt":"2020-04-24T21:36:19","slug":"fins-a-nou-avis-les-vies-datencio-al-public-de-lajuntament-de-la-bisbal-del-penedes-seran-lelectronica-i-la-telefonica","status":"publish","type":"post","link":"https:\/\/bisbalpenedes.com\/web\/2020\/03\/16\/fins-a-nou-avis-les-vies-datencio-al-public-de-lajuntament-de-la-bisbal-del-penedes-seran-lelectronica-i-la-telefonica\/","title":{"rendered":"Fins a nou av\u00eds les vies d\u2019atenci\u00f3 al p\u00fablic de l&#8217;Ajuntament de la Bisbal del Pened\u00e8s seran l\u2019electr\u00f2nica i la telef\u00f2nica"},"content":{"rendered":"<p><span style=\"color: #000000;\">Fins a nou av\u00eds, les vies d\u2019atenci\u00f3 al p\u00fablic de l&#8217;Ajuntament de la Bisbal del Pened\u00e8s seran l\u2019electr\u00f2nica i la telef\u00f2nica.<\/span><br \/>\n<span style=\"color: #000000;\">Us recordem que podeu accedir a registre electr\u00f2nic les 24 hores del dia.<\/span><\/p>\n<hr \/>\n<div class=\"text_exposed_show\">\n<p><span style=\"color: #000000;\">Hasta nuevo aviso, las v\u00edas de atenci\u00f3n al p\u00fablico del Ayuntamiento de la Bisbal del Pened\u00e8s ser\u00e1n la electr\u00f3nica y la telef\u00f3nica.<\/span><br \/>\n<span style=\"color: #000000;\">Os recordamos que pod\u00e9is acceder al registro electr\u00f3nico las 24 horas del d\u00eda.<\/span><\/p>\n<\/div>\n<p><a href=\"http:\/\/bisbalpenedes.com\/web\/wp-content\/uploads\/2020\/03\/0F4EB6C0-F686-4C99-B7CD-C8F15735EEDE.jpeg\"><img loading=\"lazy\" class=\"aligncenter size-full wp-image-13137\" src=\"http:\/\/bisbalpenedes.com\/web\/wp-content\/uploads\/2020\/03\/0F4EB6C0-F686-4C99-B7CD-C8F15735EEDE.jpeg\" alt=\"0F4EB6C0-F686-4C99-B7CD-C8F15735EEDE\" width=\"768\" height=\"768\" srcset=\"https:\/\/bisbalpenedes.com\/web\/wp-content\/uploads\/2020\/03\/0F4EB6C0-F686-4C99-B7CD-C8F15735EEDE.jpeg 768w, https:\/\/bisbalpenedes.com\/web\/wp-content\/uploads\/2020\/03\/0F4EB6C0-F686-4C99-B7CD-C8F15735EEDE-300x300.jpeg 300w, https:\/\/bisbalpenedes.com\/web\/wp-content\/uploads\/2020\/03\/0F4EB6C0-F686-4C99-B7CD-C8F15735EEDE-100x100.jpeg 100w, https:\/\/bisbalpenedes.com\/web\/wp-content\/uploads\/2020\/03\/0F4EB6C0-F686-4C99-B7CD-C8F15735EEDE-600x600.jpeg 600w, https:\/\/bisbalpenedes.com\/web\/wp-content\/uploads\/2020\/03\/0F4EB6C0-F686-4C99-B7CD-C8F15735EEDE-150x150.jpeg 150w\" sizes=\"(max-width: 768px) 100vw, 768px\" \/><\/a><\/p>\n<p><a href=\"http:\/\/bisbalpenedes.com\/web\/wp-content\/uploads\/2020\/03\/D6C0B239-5055-4823-8A31-5BA3E85CAC51.jpeg\"><img loading=\"lazy\" class=\"aligncenter size-large wp-image-13136\" src=\"http:\/\/bisbalpenedes.com\/web\/wp-content\/uploads\/2020\/03\/D6C0B239-5055-4823-8A31-5BA3E85CAC51-1024x1024.jpeg\" alt=\"D6C0B239-5055-4823-8A31-5BA3E85CAC51\" width=\"630\" height=\"630\" srcset=\"https:\/\/bisbalpenedes.com\/web\/wp-content\/uploads\/2020\/03\/D6C0B239-5055-4823-8A31-5BA3E85CAC51-1024x1024.jpeg 1024w, https:\/\/bisbalpenedes.com\/web\/wp-content\/uploads\/2020\/03\/D6C0B239-5055-4823-8A31-5BA3E85CAC51-300x300.jpeg 300w, https:\/\/bisbalpenedes.com\/web\/wp-content\/uploads\/2020\/03\/D6C0B239-5055-4823-8A31-5BA3E85CAC51-100x100.jpeg 100w, https:\/\/bisbalpenedes.com\/web\/wp-content\/uploads\/2020\/03\/D6C0B239-5055-4823-8A31-5BA3E85CAC51-600x600.jpeg 600w, https:\/\/bisbalpenedes.com\/web\/wp-content\/uploads\/2020\/03\/D6C0B239-5055-4823-8A31-5BA3E85CAC51-150x150.jpeg 150w, https:\/\/bisbalpenedes.com\/web\/wp-content\/uploads\/2020\/03\/D6C0B239-5055-4823-8A31-5BA3E85CAC51-768x768.jpeg 768w, https:\/\/bisbalpenedes.com\/web\/wp-content\/uploads\/2020\/03\/D6C0B239-5055-4823-8A31-5BA3E85CAC51.jpeg 1656w\" sizes=\"(max-width: 630px) 100vw, 630px\" \/><\/a><\/p>\n","protected":false},"excerpt":{"rendered":"<p>Fins a nou av\u00eds, les vies d\u2019atenci\u00f3 al p\u00fablic de l&#8217;Ajuntament de la Bisbal del Pened\u00e8s seran l\u2019electr\u00f2nica i la telef\u00f2nica. Us recordem que podeu accedir a registre electr\u00f2nic les &hellip; <a href=\"https:\/\/bisbalpenedes.com\/web\/2020\/03\/16\/fins-a-nou-avis-les-vies-datencio-al-public-de-lajuntament-de-la-bisbal-del-penedes-seran-lelectronica-i-la-telefonica\/\" class=\"more-link\">Read More<\/a><\/p>\n","protected":false},"author":4,"featured_media":12201,"comment_status":"closed","ping_status":"closed","sticky":false,"template":"","format":"standard","meta":[],"categories":[1628,3636],"tags":[2977,3205,784,3204],"_links":{"self":[{"href":"https:\/\/bisbalpenedes.com\/web\/wp-json\/wp\/v2\/posts\/12200"}],"collection":[{"href":"https:\/\/bisbalpenedes.com\/web\/wp-json\/wp\/v2\/posts"}],"about":[{"href":"https:\/\/bisbalpenedes.com\/web\/wp-json\/wp\/v2\/types\/post"}],"author":[{"embeddable":true,"href":"https:\/\/bisbalpenedes.com\/web\/wp-json\/wp\/v2\/users\/4"}],"replies":[{"embeddable":true,"href":"https:\/\/bisbalpenedes.com\/web\/wp-json\/wp\/v2\/comments?post=12200"}],"version-history":[{"count":3,"href":"https:\/\/bisbalpenedes.com\/web\/wp-json\/wp\/v2\/posts\/12200\/revisions"}],"predecessor-version":[{"id":13139,"href":"https:\/\/bisbalpenedes.com\/web\/wp-json\/wp\/v2\/posts\/12200\/revisions\/13139"}],"wp:featuredmedia":[{"embeddable":true,"href":"https:\/\/bisbalpenedes.com\/web\/wp-json\/wp\/v2\/media\/12201"}],"wp:attachment":[{"href":"https:\/\/bisbalpenedes.com\/web\/wp-json\/wp\/v2\/media?parent=12200"}],"wp:term":[{"taxonomy":"category","embeddable":true,"href":"https:\/\/bisbalpenedes.com\/web\/wp-json\/wp\/v2\/categories?post=12200"},{"taxonomy":"post_tag","embeddable":true,"href":"https:\/\/bisbalpenedes.com\/web\/wp-json\/wp\/v2\/tags?post=12200"}],"curies":[{"name":"wp","href":"https:\/\/api.w.org\/{rel}","templated":true}]}}