{"id":12182,"date":"2020-03-15T19:17:18","date_gmt":"2020-03-15T18:17:18","guid":{"rendered":"http:\/\/bisbalpenedes.com\/web\/?p=12182"},"modified":"2020-03-30T13:51:40","modified_gmt":"2020-03-30T12:51:40","slug":"noves-mesures-de-lajuntament-de-la-bisbal-del-penedes-per-evitar-la-propagacio-del-covid-19","status":"publish","type":"post","link":"https:\/\/bisbalpenedes.com\/web\/2020\/03\/15\/noves-mesures-de-lajuntament-de-la-bisbal-del-penedes-per-evitar-la-propagacio-del-covid-19\/","title":{"rendered":"Noves mesures de l&#8217;Ajuntament de la Bisbal del Pened\u00e8s per evitar la propagaci\u00f3 del COVID-19"},"content":{"rendered":"<p><a href=\"http:\/\/bisbalpenedes.com\/web\/wp-content\/uploads\/2020\/03\/FOTOGRAFIA-REUNIO-EQUIP-GOVERN-15-03-20.jpg\"><img loading=\"lazy\" class=\"aligncenter wp-image-12183 size-large\" src=\"http:\/\/bisbalpenedes.com\/web\/wp-content\/uploads\/2020\/03\/FOTOGRAFIA-REUNIO-EQUIP-GOVERN-15-03-20-1024x724.jpg\" alt=\"FOTOGRAFIA REUNIO EQUIP GOVERN 15-03-20\" width=\"630\" height=\"445\" srcset=\"https:\/\/bisbalpenedes.com\/web\/wp-content\/uploads\/2020\/03\/FOTOGRAFIA-REUNIO-EQUIP-GOVERN-15-03-20-1024x724.jpg 1024w, https:\/\/bisbalpenedes.com\/web\/wp-content\/uploads\/2020\/03\/FOTOGRAFIA-REUNIO-EQUIP-GOVERN-15-03-20-600x424.jpg 600w, https:\/\/bisbalpenedes.com\/web\/wp-content\/uploads\/2020\/03\/FOTOGRAFIA-REUNIO-EQUIP-GOVERN-15-03-20-300x212.jpg 300w, https:\/\/bisbalpenedes.com\/web\/wp-content\/uploads\/2020\/03\/FOTOGRAFIA-REUNIO-EQUIP-GOVERN-15-03-20-768x543.jpg 768w, https:\/\/bisbalpenedes.com\/web\/wp-content\/uploads\/2020\/03\/FOTOGRAFIA-REUNIO-EQUIP-GOVERN-15-03-20.jpg 1255w\" sizes=\"(max-width: 630px) 100vw, 630px\" \/><\/a><\/p>\n<p style=\"text-align: justify;\"><span style=\"color: #000000;\">L\u2019equip de govern s\u2019ha reunit, aquest dissabte 14 de mar\u00e7, per seguir avaluant les mesures a prendre, des de l\u2019Ajuntament de la Bisbal del Pened\u00e8s, per evitar la propagaci\u00f3 del COVID-19.<\/span><\/p>\n<p style=\"text-align: justify;\"><span style=\"color: #000000;\">Aquest diumenge 15 de mar\u00e7 l\u2019alcaldessa Agn\u00e8s Ferr\u00e9 ha signat un Decret d\u2019alcaldia en qu\u00e8 es resol:<\/span><\/p>\n<p style=\"text-align: justify;\"><span style=\"color: #000000;\"><strong>PRIMER.<\/strong> Ordenar el tancament al p\u00fablic de l\u2019edifici de l\u2019Ajuntament de La Bisbal del Pened\u00e8s per a un termini de 15 dies i fins a nou av\u00eds.<\/span><\/p>\n<p style=\"text-align: justify;\"><span style=\"color: #000000;\"><strong>SEGON.<\/strong> Establir que les vies d\u2019atenci\u00f3 al p\u00fablic siguin l\u2019electr\u00f2nica i la telef\u00f2nica, aquesta \u00faltima en l\u2019horari compr\u00e8s entre les 9 i les 14 hores de dilluns a divendres, per a un termini de 15 dies i fins a nou av\u00eds.<\/span><\/p>\n<p style=\"text-align: justify;\"><span style=\"color: #000000;\"><strong>TERCER.<\/strong> Disposar que el personal de les oficines i de la llar d\u2019infants al servei d\u2019aquest Ajuntament desenvolupi les seves funcions mitjan\u00e7ant teletreball per a un termini de 15 dies i fins a nou av\u00eds, sempre que sigui possible. En cas que no es pugui fer teletreball, el personal assistir\u00e0 a les oficines municipals amb totes les mesures corresponents de dist\u00e0ncies i higiene.<\/span><\/p>\n<p style=\"text-align: justify;\"><span style=\"color: #000000;\"><strong>QUART.<\/strong> Disposar que la persona encarregada de l\u2019oficina d\u2019atenci\u00f3 al ciutad\u00e0 presti els seus serveis a l\u2019edifici de l\u2019Ajuntament de La Bisbal del Pened\u00e8s, que romandr\u00e0 tancat al p\u00fablic, per tal d\u2019atendre els tr\u00e0mits electr\u00f2nics i telef\u00f2nics, en l\u2019horari compr\u00e8s entre les 9 i les 14 hores, per a un termini de 15 dies i fins a nou av\u00eds.<\/span><\/p>\n<p style=\"text-align: justify;\"><span style=\"color: #000000;\"><strong>CINQU\u00c8.<\/strong> Disposar que el personal de la brigada d\u2019aquest Ajuntament es divideixi en dos grups, formats cadascun d\u2019ells pel 50 % dels seus membres; que el primer grup presti els seus serveis durant la setmana del 16 de mar\u00e7 de 2020; i que el segon grup presti els seus serveis durant la setmana del 23 de mar\u00e7 de 2020. Durant l\u2019horari laboral es prendran totes les mesures corresponents de dist\u00e0ncies i higiene (personal i dels vehicles).<\/span><\/p>\n<p style=\"text-align: justify;\"><span style=\"color: #000000;\"><strong>SIS\u00c8.<\/strong> Disposar que el personal del servei d\u2019informaci\u00f3 i inspecci\u00f3, de dilluns a divendres, format per tres persones, es divideixi en tres unitats d\u2019una persona cadascuna. Un agent far\u00e0 l\u2019horari de mat\u00ed que ja t\u00e9 establert, un altre far\u00e0 l\u2019horari de tarda que ja t\u00e9 establert i el tercer es quedar\u00e0 a casa. Cada setmana es canviar\u00e0 el torn, de manera que sempre romandr\u00e0 un a casa. Ajuntament de La Bisbal del Pened\u00e8s Durant l\u2019horari laboral es prendran totes les mesures corresponents de dist\u00e0ncia i higiene (personal i dels vehicles).<\/span><\/p>\n<p style=\"text-align: justify;\"><span style=\"color: #000000;\"><strong>SET\u00c8.<\/strong> El servei Bon dia es realitzar\u00e0 de la seg\u00fcent manera: les volunt\u00e0ries no acudiran a l\u2019Ajuntament, sin\u00f3 que cadascuna tindr\u00e0 unes fitxes d\u2019usuaris i realitzar\u00e0 les trucades di\u00e0ries, de dilluns a divendres, des de casa seva.<\/span><\/p>\n<p style=\"text-align: justify;\"><span style=\"color: #000000;\"><strong>VUIT\u00c8.<\/strong> El servei del Rebost solidari es repartir\u00e0 a domicili.<\/span><\/p>\n<p style=\"text-align: justify;\"><span style=\"color: #000000;\"><strong>NOV\u00c8.<\/strong> Mentre duri l\u2019estat d\u2019alerta no es realitzaran els fitxatges per empremta digital que estan establerts.<\/span><\/p>\n<p style=\"text-align: justify;\"><span style=\"color: #000000;\"><strong>DES\u00c8.<\/strong> Comunicar la present resoluci\u00f3 a tots i totes els treballadors i les treballadores al servei d\u2019aquest Ajuntament, aix\u00ed com a la resta d\u2019interessats i interessades.<\/span><\/p>\n<p style=\"text-align: justify;\"><span style=\"color: #000000;\"><strong>ONZ\u00c8.<\/strong> Publicar el contingut de la present resoluci\u00f3 a l\u2019espai web i a les xarxes socials per al seu general coneixement.<\/span><\/p>\n<p style=\"text-align: justify;\"><span style=\"color: #000000;\">Enlla\u00e7 al Decret d&#8217;Alcaldia:\u00a0<\/span><a href=\"http:\/\/bisbalpenedes.com\/web\/wp-content\/uploads\/2020\/03\/DECRET-DALCALDIA-15-03-20-MESURES-COVID-19.pdf\">DECRET D&#8217;ALCALDIA 15-03-20 MESURES COVID-19<\/a><\/p>\n<p style=\"text-align: justify;\"><span style=\"color: #000000;\">Enlla\u00e7 a les mesures preses anteriorment:<\/span><a href=\"http:\/\/bit.ly\/33f2TDp\" target=\"_blank\">\u00a0http:\/\/bit.ly\/33f2TDp<\/a><\/p>\n<hr \/>\n<p style=\"text-align: justify;\"><span style=\"color: #000000;\"><strong>CASTELLANO |<\/strong> El equipo de gobierno se ha reunido, este s\u00e1bado 14 de marzo, para seguir evaluando las medidas a tomar desde el Ayuntamniento de la Bisbal del Pened\u00e8s para evitar la propagaci\u00f3no del COVID-19.<\/span><\/p>\n<p style=\"text-align: justify;\"><span style=\"color: #000000;\">Este domingo 15 de marzo la alcaldesa Agn\u00e8s Ferr\u00e9 ha firmado un Decreto de alcald\u00eda en que resuelve:<\/span><\/p>\n<p style=\"text-align: justify;\"><span style=\"color: #000000;\"><strong>PRIMERO.<\/strong> Ordenar el cierre al p\u00fablico del edificio del Ayuntamiento de La Bisbal del Pened\u00e8s por un plazo de 15 d\u00edas y hasta nuevo aviso.<\/span><\/p>\n<p style=\"text-align: justify;\"><span style=\"color: #000000;\"><strong>SEGUNDO.<\/strong> Establecer que las v\u00edas de atenci\u00f3n al p\u00fablico sean la electr\u00f3nica y la telef\u00f3nica, esta \u00faltima en horario comprendido entre las 9 y las 14 horas de lunes a viernes, por un plazo de 15 d\u00edas y hasta nuevo aviso.<\/span><\/p>\n<p style=\"text-align: justify;\"><span style=\"color: #000000;\"><strong>TERCERO.<\/strong> Disponer que el personal de las oficinas y de la guarder\u00eda municipal de este Ayuntamiento desarrolle sus funciones mediante teletrabajo por un plazo de 15 d\u00edas y hasta nuevo aviso, siempre que sea posible. En caso que no se pueda hacer por teletrabajo, el personal asistir\u00e1 a las oficinas municipales con todas las medidas correspondientes de distancias e higiene.<\/span><\/p>\n<p style=\"text-align: justify;\"><span style=\"color: #000000;\"><strong>CUARTO. <\/strong>Disponer que la persona encargada de la oficina de atenci\u00f3n al ciudadano preste sus servicios en el edificio del Ayuntamiento de La Bisbal del Pened\u00e8s, que permanecer\u00e1 cerrado al p\u00fablico, por tal de atender los tr\u00e1mites electr\u00f3nicos y telef\u00f3nicos, en el horario comprendido entre las 9 y las 14 horas, por un plazo de 15 d\u00edas y hasta nuevo aviso.<\/span><\/p>\n<p style=\"text-align: justify;\"><span style=\"color: #000000;\"><strong>QUINTO.<\/strong> Disponer que el personal de la brigada de este Ayuntamiento se divida en dos grupos, formados cada uno de ellos por el 50% de sus miembros; que el primer grupo preste sus servicios durante la semana del 16 de marzo de 2020; y que el segundo grupo preste sus servicios durante la semana del 23 de marzo de 2020. Durante el horario laboral se tomar\u00e1n todas las medidas correspondientes a las distancias e higiene (personal y de los veh\u00edculos).<\/span><\/p>\n<p style=\"text-align: justify;\"><span style=\"color: #000000;\"><strong>SEXTO. <\/strong>Disponer que el personal del servicio de informaci\u00f3n e inspecci\u00f3n, de lunes a viernes, formado por tres personas, se divida en tres unidades de una persona cada una. Un agente har\u00e1 el horario de ma\u00f1ana que ya tiene establecido, otro har\u00e1 el horario de tarde que ya tiene establecido y un tercero se quedar\u00e1 en casa. Cada semana se cambiar\u00e1 de turno, de manera que siempre permanecer\u00e1 uno en casa. Durante el horario laboral se tomar\u00e1n todas las medidas correspondientes a la distancia e higiene (personal y de veh\u00edculos).<\/span><\/p>\n<p style=\"text-align: justify;\"><span style=\"color: #000000;\"><strong>S\u00c9PTIMO.<\/strong> El servicio Bon dia se realizar\u00e1 de la siguiente manera: las voluntarias no acudir\u00e1n al Ayuntamiento, sino que cada una tendr\u00e1 unas fichas de usuarios y realizar\u00e1 las llamadas diarias, de lunes a viernes, desde su casa.<\/span><\/p>\n<p style=\"text-align: justify;\"><span style=\"color: #000000;\"><strong>OCTAVO.<\/strong> El servicio de Rebost solidari se repartir\u00e1 a domicilio.<\/span><\/p>\n<p style=\"text-align: justify;\"><span style=\"color: #000000;\"><strong>NOVENO.<\/strong> Mientras dure el estado de alerta no se realizar\u00e1n los fichajes por huella digital que est\u00e1n establecidos.<\/span><\/p>\n<p style=\"text-align: justify;\"><span style=\"color: #000000;\"><strong>D\u00c9CIMO.<\/strong> Comunicar la presente resoluci\u00f3n a todos y todas los trabajadores y las trabajadoras al servicio de este Ayuntamiento, as\u00ed como al resto de interesados e interesadas.<\/span><\/p>\n<p style=\"text-align: justify;\"><span style=\"color: #000000;\"><strong>UND\u00c9CIMO.<\/strong> Publicar el contenido de la presente resoluci\u00f3n en el espacio web y en las redes sociales para su general conocimiento.<\/span><\/p>\n<p style=\"text-align: justify;\"><span style=\"color: #000000;\">Enlace al Decreto de Alcald\u00eda:<\/span>\u00a0<a href=\"http:\/\/bisbalpenedes.com\/web\/wp-content\/uploads\/2020\/03\/DECRET-DALCALDIA-15-03-20-MESURES-COVID-19.pdf\">DECRET D&#8217;ALCALDIA 15-03-20 MESURES COVID-19<\/a><\/p>\n<p style=\"text-align: justify;\"><span style=\"color: #000000;\">Enlace a las medidas tomadas anteriormente:<\/span>\u00a0http:\/\/bit.ly\/33f2TDp<\/p>\n<p style=\"text-align: justify;\"><a href=\"http:\/\/bisbalpenedes.com\/web\/wp-content\/uploads\/2020\/03\/DECRET-1-200315.jpg\"><img loading=\"lazy\" class=\"aligncenter size-large wp-image-12187\" src=\"http:\/\/bisbalpenedes.com\/web\/wp-content\/uploads\/2020\/03\/DECRET-1-200315-1024x1024.jpg\" alt=\"DECRET 1 -200315\" width=\"630\" height=\"630\" srcset=\"https:\/\/bisbalpenedes.com\/web\/wp-content\/uploads\/2020\/03\/DECRET-1-200315-1024x1024.jpg 1024w, https:\/\/bisbalpenedes.com\/web\/wp-content\/uploads\/2020\/03\/DECRET-1-200315-300x300.jpg 300w, https:\/\/bisbalpenedes.com\/web\/wp-content\/uploads\/2020\/03\/DECRET-1-200315-100x100.jpg 100w, https:\/\/bisbalpenedes.com\/web\/wp-content\/uploads\/2020\/03\/DECRET-1-200315-600x600.jpg 600w, https:\/\/bisbalpenedes.com\/web\/wp-content\/uploads\/2020\/03\/DECRET-1-200315-150x150.jpg 150w, https:\/\/bisbalpenedes.com\/web\/wp-content\/uploads\/2020\/03\/DECRET-1-200315-768x768.jpg 768w, https:\/\/bisbalpenedes.com\/web\/wp-content\/uploads\/2020\/03\/DECRET-1-200315.jpg 1656w\" sizes=\"(max-width: 630px) 100vw, 630px\" \/><\/a> <a href=\"http:\/\/bisbalpenedes.com\/web\/wp-content\/uploads\/2020\/03\/DECRET-2-200315.jpg\"><img loading=\"lazy\" class=\"aligncenter wp-image-12188 size-large\" src=\"http:\/\/bisbalpenedes.com\/web\/wp-content\/uploads\/2020\/03\/DECRET-2-200315-1024x1024.jpg\" alt=\"DECRET 2 -200315\" width=\"630\" height=\"630\" srcset=\"https:\/\/bisbalpenedes.com\/web\/wp-content\/uploads\/2020\/03\/DECRET-2-200315-1024x1024.jpg 1024w, https:\/\/bisbalpenedes.com\/web\/wp-content\/uploads\/2020\/03\/DECRET-2-200315-300x300.jpg 300w, https:\/\/bisbalpenedes.com\/web\/wp-content\/uploads\/2020\/03\/DECRET-2-200315-100x100.jpg 100w, https:\/\/bisbalpenedes.com\/web\/wp-content\/uploads\/2020\/03\/DECRET-2-200315-600x600.jpg 600w, https:\/\/bisbalpenedes.com\/web\/wp-content\/uploads\/2020\/03\/DECRET-2-200315-150x150.jpg 150w, https:\/\/bisbalpenedes.com\/web\/wp-content\/uploads\/2020\/03\/DECRET-2-200315-768x768.jpg 768w, https:\/\/bisbalpenedes.com\/web\/wp-content\/uploads\/2020\/03\/DECRET-2-200315.jpg 1656w\" sizes=\"(max-width: 630px) 100vw, 630px\" \/><\/a><\/p>\n<p style=\"text-align: justify;\"><a href=\"http:\/\/bisbalpenedes.com\/web\/wp-content\/uploads\/2020\/03\/DECRETO-1-200315.jpg\"><img loading=\"lazy\" class=\"aligncenter wp-image-12189 size-large\" src=\"http:\/\/bisbalpenedes.com\/web\/wp-content\/uploads\/2020\/03\/DECRETO-1-200315-1024x1024.jpg\" alt=\"DECRETO 1 -200315\" width=\"630\" height=\"630\" srcset=\"https:\/\/bisbalpenedes.com\/web\/wp-content\/uploads\/2020\/03\/DECRETO-1-200315-1024x1024.jpg 1024w, https:\/\/bisbalpenedes.com\/web\/wp-content\/uploads\/2020\/03\/DECRETO-1-200315-300x300.jpg 300w, https:\/\/bisbalpenedes.com\/web\/wp-content\/uploads\/2020\/03\/DECRETO-1-200315-100x100.jpg 100w, https:\/\/bisbalpenedes.com\/web\/wp-content\/uploads\/2020\/03\/DECRETO-1-200315-600x600.jpg 600w, https:\/\/bisbalpenedes.com\/web\/wp-content\/uploads\/2020\/03\/DECRETO-1-200315-150x150.jpg 150w, https:\/\/bisbalpenedes.com\/web\/wp-content\/uploads\/2020\/03\/DECRETO-1-200315-768x768.jpg 768w, https:\/\/bisbalpenedes.com\/web\/wp-content\/uploads\/2020\/03\/DECRETO-1-200315.jpg 1656w\" sizes=\"(max-width: 630px) 100vw, 630px\" \/><\/a> <a href=\"http:\/\/bisbalpenedes.com\/web\/wp-content\/uploads\/2020\/03\/DECRETO-2-200315.jpg\"><img loading=\"lazy\" class=\"aligncenter wp-image-12190 size-large\" src=\"http:\/\/bisbalpenedes.com\/web\/wp-content\/uploads\/2020\/03\/DECRETO-2-200315-1024x1024.jpg\" alt=\"DECRETO 2 -200315\" width=\"630\" height=\"630\" srcset=\"https:\/\/bisbalpenedes.com\/web\/wp-content\/uploads\/2020\/03\/DECRETO-2-200315-1024x1024.jpg 1024w, https:\/\/bisbalpenedes.com\/web\/wp-content\/uploads\/2020\/03\/DECRETO-2-200315-300x300.jpg 300w, https:\/\/bisbalpenedes.com\/web\/wp-content\/uploads\/2020\/03\/DECRETO-2-200315-100x100.jpg 100w, https:\/\/bisbalpenedes.com\/web\/wp-content\/uploads\/2020\/03\/DECRETO-2-200315-600x600.jpg 600w, https:\/\/bisbalpenedes.com\/web\/wp-content\/uploads\/2020\/03\/DECRETO-2-200315-150x150.jpg 150w, https:\/\/bisbalpenedes.com\/web\/wp-content\/uploads\/2020\/03\/DECRETO-2-200315-768x768.jpg 768w, https:\/\/bisbalpenedes.com\/web\/wp-content\/uploads\/2020\/03\/DECRETO-2-200315.jpg 1656w\" sizes=\"(max-width: 630px) 100vw, 630px\" \/><\/a><\/p>\n","protected":false},"excerpt":{"rendered":"<p>L\u2019equip de govern s\u2019ha reunit, aquest dissabte 14 de mar\u00e7, per seguir avaluant les mesures a prendre, des de l\u2019Ajuntament de la Bisbal del Pened\u00e8s, per evitar la propagaci\u00f3 del &hellip; <a href=\"https:\/\/bisbalpenedes.com\/web\/2020\/03\/15\/noves-mesures-de-lajuntament-de-la-bisbal-del-penedes-per-evitar-la-propagacio-del-covid-19\/\" class=\"more-link\">Read More<\/a><\/p>\n","protected":false},"author":4,"featured_media":12183,"comment_status":"closed","ping_status":"closed","sticky":false,"template":"","format":"standard","meta":[],"categories":[2057,3636,2797],"tags":[216,3550,3559,2971,82,999],"_links":{"self":[{"href":"https:\/\/bisbalpenedes.com\/web\/wp-json\/wp\/v2\/posts\/12182"}],"collection":[{"href":"https:\/\/bisbalpenedes.com\/web\/wp-json\/wp\/v2\/posts"}],"about":[{"href":"https:\/\/bisbalpenedes.com\/web\/wp-json\/wp\/v2\/types\/post"}],"author":[{"embeddable":true,"href":"https:\/\/bisbalpenedes.com\/web\/wp-json\/wp\/v2\/users\/4"}],"replies":[{"embeddable":true,"href":"https:\/\/bisbalpenedes.com\/web\/wp-json\/wp\/v2\/comments?post=12182"}],"version-history":[{"count":4,"href":"https:\/\/bisbalpenedes.com\/web\/wp-json\/wp\/v2\/posts\/12182\/revisions"}],"predecessor-version":[{"id":12212,"href":"https:\/\/bisbalpenedes.com\/web\/wp-json\/wp\/v2\/posts\/12182\/revisions\/12212"}],"wp:featuredmedia":[{"embeddable":true,"href":"https:\/\/bisbalpenedes.com\/web\/wp-json\/wp\/v2\/media\/12183"}],"wp:attachment":[{"href":"https:\/\/bisbalpenedes.com\/web\/wp-json\/wp\/v2\/media?parent=12182"}],"wp:term":[{"taxonomy":"category","embeddable":true,"href":"https:\/\/bisbalpenedes.com\/web\/wp-json\/wp\/v2\/categories?post=12182"},{"taxonomy":"post_tag","embeddable":true,"href":"https:\/\/bisbalpenedes.com\/web\/wp-json\/wp\/v2\/tags?post=12182"}],"curies":[{"name":"wp","href":"https:\/\/api.w.org\/{rel}","templated":true}]}}