{"id":12174,"date":"2020-03-13T23:40:09","date_gmt":"2020-03-13T22:40:09","guid":{"rendered":"http:\/\/bisbalpenedes.com\/web\/?p=12174"},"modified":"2020-03-30T13:51:49","modified_gmt":"2020-03-30T12:51:49","slug":"noves-mesures-del-departament-de-salut-que-entren-en-vigor-a-les-00h-del-14-de-marc","status":"publish","type":"post","link":"https:\/\/bisbalpenedes.com\/web\/2020\/03\/13\/noves-mesures-del-departament-de-salut-que-entren-en-vigor-a-les-00h-del-14-de-marc\/","title":{"rendered":"Noves mesures del Departament de Salut que entren en vigor a les 00h del 14 de mar\u00e7"},"content":{"rendered":"<div class=\"\" data-block=\"true\" data-editor=\"9vbh5\" data-offset-key=\"com6c-0-0\">\n<div class=\"_1mf _1mj\" data-offset-key=\"com6c-0-0\"><span style=\"color: #000000;\">El Departament de Salut de la Generalitat de Catalunya ha resolt adoptar diverses mesures complement\u00e0ries en el marc de l\u2019evoluci\u00f3 de la situaci\u00f3 d\u2019emerg\u00e8ncia ocasionada amb motiu del Coronavirus SARS-CoV-2.<\/span><\/div>\n<\/div>\n<div class=\"\" data-block=\"true\" data-editor=\"9vbh5\" data-offset-key=\"4e2ts-0-0\">\n<div class=\"_1mf _1mj\" data-offset-key=\"4e2ts-0-0\"><span style=\"color: #000000;\">Entraran en vigor a les 00:00h del dia 14 de mar\u00e7 de 2020.<\/span><\/div>\n<\/div>\n<div class=\"\" data-block=\"true\" data-editor=\"9vbh5\" data-offset-key=\"8uhvm-0-0\">\n<div class=\"_1mf _1mj\" data-offset-key=\"8uhvm-0-0\"><span style=\"color: #000000;\">Inclouen:<\/span><\/div>\n<\/div>\n<div class=\"\" data-block=\"true\" data-editor=\"9vbh5\" data-offset-key=\"56i8p-0-0\">\n<div class=\"_1mf _1mj\" style=\"padding-left: 30px;\" data-offset-key=\"56i8p-0-0\"><span style=\"color: #000000;\">-El tancament de bars, cafeteries, restaurants i altres establiments de restauraci\u00f3.<\/span><\/div>\n<\/div>\n<div class=\"\" style=\"padding-left: 30px;\" data-block=\"true\" data-editor=\"9vbh5\" data-offset-key=\"5hskt-0-0\">\n<div class=\"_1mf _1mj\" style=\"padding-left: 30px;\" data-offset-key=\"5hskt-0-0\"><span style=\"color: #000000;\">-La prohibici\u00f3 de totes les batudes de ca\u00e7a i de totes les accions de ca\u00e7a col\u00b7lectiva, entenent com a tals aquelles en qu\u00e8 participin dos o m\u00e9s ca\u00e7adors, en el territori de Catalunya.<\/span><\/div>\n<\/div>\n<div class=\"\" data-block=\"true\" data-editor=\"9vbh5\" data-offset-key=\"qbg4-0-0\">\n<div class=\"_1mf _1mj\" data-offset-key=\"qbg4-0-0\"><span style=\"color: #000000;\">Podeu ampliar aquesta informaci\u00f3 i con\u00e8ixer totes les noves mesures adoptades en aquest enlla\u00e7:<\/span>\u00a0<a href=\"https:\/\/www.acm.cat\/sites\/default\/files\/manual_uploads\/acm\/resolucio_salut_1789168.pdf\" target=\"_blank\">https:\/\/www.acm.cat\/sites\/default\/files\/manual_uploads\/acm\/resolucio_salut_1789168.pdf<\/a><\/div>\n<\/div>\n<div class=\"\" data-block=\"true\" data-editor=\"9vbh5\" data-offset-key=\"fhlcv-0-0\">\n<div class=\"_1mf _1mj\" data-offset-key=\"fhlcv-0-0\">\n<hr \/>\n<\/div>\n<\/div>\n<div class=\"\" data-block=\"true\" data-editor=\"9vbh5\" data-offset-key=\"5bik5-0-0\">\n<div class=\"_1mf _1mj\" data-offset-key=\"5bik5-0-0\"><b>CASTELLANO |<\/b>\u00a0El Departamento de Salut de la Generalitat de Catalunya ha resuelto adoptar varias medidas complementarias en el marco de la evoluci\u00f3n de la situaci\u00f3n de emergencia ocasionada con motivo del Coronavirus SARS-CoV-2.<\/div>\n<\/div>\n<div class=\"\" data-block=\"true\" data-editor=\"9vbh5\" data-offset-key=\"i9eu-0-0\">\n<div class=\"_1mf _1mj\" data-offset-key=\"i9eu-0-0\"><span style=\"color: #000000;\">Entrar\u00e1n en vigor a las 00:00h del d\u00eda 14 de marzo de 2020.<\/span><\/div>\n<\/div>\n<div class=\"\" data-block=\"true\" data-editor=\"9vbh5\" data-offset-key=\"b6uut-0-0\">\n<div class=\"_1mf _1mj\" data-offset-key=\"b6uut-0-0\"><span style=\"color: #000000;\">Incluyen:<\/span><\/div>\n<\/div>\n<div class=\"\" data-block=\"true\" data-editor=\"9vbh5\" data-offset-key=\"b2ub0-0-0\">\n<div class=\"_1mf _1mj\" style=\"padding-left: 30px;\" data-offset-key=\"b2ub0-0-0\"><span style=\"color: #000000;\">-El cierre de bares, cafeter\u00edas, restaurantes y otros establecimientos de restauraci\u00f3n.<\/span><\/div>\n<\/div>\n<div class=\"\" style=\"padding-left: 30px;\" data-block=\"true\" data-editor=\"9vbh5\" data-offset-key=\"baggn-0-0\">\n<div class=\"_1mf _1mj\" style=\"padding-left: 30px;\" data-offset-key=\"baggn-0-0\"><span style=\"color: #000000;\">-La prohibici\u00f3n de todas las batidas de caza y de todas las acciones de caza colectiva, entendiendo como tales aquellas en las cuales participen dos o m\u00e1s cazadores, en el territorio de Catalunya.<\/span><\/div>\n<\/div>\n<div class=\"\" data-block=\"true\" data-editor=\"9vbh5\" data-offset-key=\"5qddg-0-0\">\n<div class=\"_1mf _1mj\" data-offset-key=\"5qddg-0-0\"><span style=\"color: #000000;\">Pod\u00e9is ampliar esta informaci\u00f3n y conocer todas las nuevas medidas adoptadas en este enlace:\u00a0<\/span><a href=\"https:\/\/www.acm.cat\/sites\/default\/files\/manual_uploads\/acm\/resolucio_salut_1789168.pdf\" target=\"_blank\">https:\/\/www.acm.cat\/sites\/default\/files\/manual_uploads\/acm\/resolucio_salut_1789168.pdf<\/a><\/div>\n<\/div>\n","protected":false},"excerpt":{"rendered":"<p>El Departament de Salut de la Generalitat de Catalunya ha resolt adoptar diverses mesures complement\u00e0ries en el marc de l\u2019evoluci\u00f3 de la situaci\u00f3 d\u2019emerg\u00e8ncia ocasionada amb motiu del Coronavirus SARS-CoV-2. &hellip; <a href=\"https:\/\/bisbalpenedes.com\/web\/2020\/03\/13\/noves-mesures-del-departament-de-salut-que-entren-en-vigor-a-les-00h-del-14-de-marc\/\" class=\"more-link\">Read More<\/a><\/p>\n","protected":false},"author":4,"featured_media":12175,"comment_status":"closed","ping_status":"closed","sticky":false,"template":"","format":"standard","meta":[],"categories":[1628,3636,14],"tags":[3562,3564,3550,82,3563],"_links":{"self":[{"href":"https:\/\/bisbalpenedes.com\/web\/wp-json\/wp\/v2\/posts\/12174"}],"collection":[{"href":"https:\/\/bisbalpenedes.com\/web\/wp-json\/wp\/v2\/posts"}],"about":[{"href":"https:\/\/bisbalpenedes.com\/web\/wp-json\/wp\/v2\/types\/post"}],"author":[{"embeddable":true,"href":"https:\/\/bisbalpenedes.com\/web\/wp-json\/wp\/v2\/users\/4"}],"replies":[{"embeddable":true,"href":"https:\/\/bisbalpenedes.com\/web\/wp-json\/wp\/v2\/comments?post=12174"}],"version-history":[{"count":1,"href":"https:\/\/bisbalpenedes.com\/web\/wp-json\/wp\/v2\/posts\/12174\/revisions"}],"predecessor-version":[{"id":12176,"href":"https:\/\/bisbalpenedes.com\/web\/wp-json\/wp\/v2\/posts\/12174\/revisions\/12176"}],"wp:featuredmedia":[{"embeddable":true,"href":"https:\/\/bisbalpenedes.com\/web\/wp-json\/wp\/v2\/media\/12175"}],"wp:attachment":[{"href":"https:\/\/bisbalpenedes.com\/web\/wp-json\/wp\/v2\/media?parent=12174"}],"wp:term":[{"taxonomy":"category","embeddable":true,"href":"https:\/\/bisbalpenedes.com\/web\/wp-json\/wp\/v2\/categories?post=12174"},{"taxonomy":"post_tag","embeddable":true,"href":"https:\/\/bisbalpenedes.com\/web\/wp-json\/wp\/v2\/tags?post=12174"}],"curies":[{"name":"wp","href":"https:\/\/api.w.org\/{rel}","templated":true}]}}