{"id":12164,"date":"2020-03-12T20:35:36","date_gmt":"2020-03-12T19:35:36","guid":{"rendered":"http:\/\/bisbalpenedes.com\/web\/?p=12164"},"modified":"2020-03-30T13:51:53","modified_gmt":"2020-03-30T12:51:53","slug":"comunicat-sobre-les-mesures-preventives-preses-per-lajuntament-de-la-bisbal-del-penedes-davant-la-situacio-generada-pel-coronavirus","status":"publish","type":"post","link":"https:\/\/bisbalpenedes.com\/web\/2020\/03\/12\/comunicat-sobre-les-mesures-preventives-preses-per-lajuntament-de-la-bisbal-del-penedes-davant-la-situacio-generada-pel-coronavirus\/","title":{"rendered":"Comunicat sobre les mesures preventives preses per l&#8217;Ajuntament de la Bisbal del Pened\u00e8s davant la situaci\u00f3 generada pel Coronavirus"},"content":{"rendered":"<p><strong>\u00a0<a href=\"http:\/\/bisbalpenedes.com\/web\/wp-content\/uploads\/2020\/03\/200312-REUNIO-CORONAVIRUS-ALCALDESA-I-TINENTES-DALCALDIA.jpg\"><img loading=\"lazy\" class=\"aligncenter size-large wp-image-12165\" src=\"http:\/\/bisbalpenedes.com\/web\/wp-content\/uploads\/2020\/03\/200312-REUNIO-CORONAVIRUS-ALCALDESA-I-TINENTES-DALCALDIA-1024x768.jpg\" alt=\"200312 REUNIO CORONAVIRUS ALCALDESA I TINENTES D'ALCALDIA\" width=\"630\" height=\"473\" srcset=\"https:\/\/bisbalpenedes.com\/web\/wp-content\/uploads\/2020\/03\/200312-REUNIO-CORONAVIRUS-ALCALDESA-I-TINENTES-DALCALDIA-1024x768.jpg 1024w, https:\/\/bisbalpenedes.com\/web\/wp-content\/uploads\/2020\/03\/200312-REUNIO-CORONAVIRUS-ALCALDESA-I-TINENTES-DALCALDIA-600x450.jpg 600w, https:\/\/bisbalpenedes.com\/web\/wp-content\/uploads\/2020\/03\/200312-REUNIO-CORONAVIRUS-ALCALDESA-I-TINENTES-DALCALDIA-300x225.jpg 300w, https:\/\/bisbalpenedes.com\/web\/wp-content\/uploads\/2020\/03\/200312-REUNIO-CORONAVIRUS-ALCALDESA-I-TINENTES-DALCALDIA-768x576.jpg 768w\" sizes=\"(max-width: 630px) 100vw, 630px\" \/><\/a><\/strong><\/p>\n<p style=\"text-align: justify;\"><span style=\"color: #000000;\">Des de la Generalitat de Catalunya s\u2019ha comunicat que el pla PROCICAT d\u2019emerg\u00e8ncies associades a malalties transmissibles emergents amb potencial alt risc ha passat a fase d\u2019EMERG\u00c8NCIA 1. Per aquest motiu, l\u2019alcaldessa Agn\u00e8s Ferr\u00e9, la primera tinenta d\u2019alcaldia, Judith Vidal; i la segona tinenta d\u2019alcaldia, Leo Uceda; s\u2019han reunit aquesta tarda amb l\u2019objectiu d\u2019avaluar la situaci\u00f3 causada pel Coronavirus (Covid-19). Fins al moment no es t\u00e9 coneixement que hi hagi cap cas de Coronavirus confirmat a la Bisbal del Pened\u00e8s per\u00f2, amb l\u2019objectiu de seguir les indicacions de la Generalitat de Catalunya i treballar per evitar contagis de possibles casos, l\u2019Ajuntament de la Bisbal del Pened\u00e8s posa en marxa diverses mesures preventives que, inicialment, tindran una durada m\u00ednima de 15 dies, revisables segons l\u2019evoluci\u00f3 de la situaci\u00f3. Aquestes mesures es posaran en marxa aquest divendres 13 de mar\u00e7 de 2020 i s\u00f3n les seg\u00fcents:<\/span><\/p>\n<ul style=\"text-align: justify;\">\n<li><span style=\"color: #000000;\">Es tanquen al p\u00fablic la Llar d\u2019Infants Municipal, el Rac\u00f3 de la Gent Gran i el Centre Municipal de Cultura (CMC).<\/span><\/li>\n<li><span style=\"color: #000000;\">Queden cancel\u00b7lats els serveis i les activitats que s\u2019ofereixen de forma habitual en equipaments municipals: activitats per a la gent gran, gimn\u00e0stica, tallers de t\u00e8cniques d\u2019estudi, Escola de M\u00fasica, Escola d\u2019Idiomes, la Cova Jove o qualsevol altra activitat o taller que es realitzi en aquests equipaments.<\/span><\/li>\n<li><span style=\"color: #000000;\">No es cedir\u00e0 cap espai municipal per a celebracions familiars o festives.<\/span><\/li>\n<li><span style=\"color: #000000;\">Es cancel\u00b7len o ajornen totes les activitats, amb p\u00fablic assistent, programades o organitzades des de l\u2019Ajuntament de la Bisbal del Pened\u00e8s<\/span><\/li>\n<\/ul>\n<p style=\"text-align: justify;\"><span style=\"color: #000000;\">L\u2019Ajuntament de la Bisbal del Pened\u00e8s romandr\u00e0 obert en l\u2019horari habitual, tot i que es recomana l\u2019\u00fas de vies telem\u00e0tiques per contactar-hi.<\/span><\/p>\n<p style=\"text-align: justify;\"><span style=\"color: #000000;\">D\u2019altra banda, el Ple ordinari previst per al dilluns 16 de mar\u00e7 a les 19h se celebrar\u00e0 a porta tancada i sense la pres\u00e8ncia de p\u00fablic a la sala.<\/span><\/p>\n<p style=\"text-align: right;\"><span style=\"color: #000000;\">La Bisbal del Pened\u00e8s, 12 de mar\u00e7 de 2020<\/span><\/p>\n<p style=\"text-align: center;\"><a href=\"http:\/\/bisbalpenedes.com\/web\/wp-content\/uploads\/2020\/03\/200312-MESURES-CORONAVIRUS.jpg\"><img loading=\"lazy\" class=\"alignnone size-full wp-image-12166\" src=\"http:\/\/bisbalpenedes.com\/web\/wp-content\/uploads\/2020\/03\/200312-MESURES-CORONAVIRUS.jpg\" alt=\"200312 MESURES CORONAVIRUS\" width=\"680\" height=\"481\" srcset=\"https:\/\/bisbalpenedes.com\/web\/wp-content\/uploads\/2020\/03\/200312-MESURES-CORONAVIRUS.jpg 680w, https:\/\/bisbalpenedes.com\/web\/wp-content\/uploads\/2020\/03\/200312-MESURES-CORONAVIRUS-600x424.jpg 600w, https:\/\/bisbalpenedes.com\/web\/wp-content\/uploads\/2020\/03\/200312-MESURES-CORONAVIRUS-300x212.jpg 300w\" sizes=\"(max-width: 680px) 100vw, 680px\" \/><\/a><\/p>\n<p style=\"text-align: center;\"><a href=\"http:\/\/bisbalpenedes.com\/web\/wp-content\/uploads\/2020\/03\/061.jpg\"><img loading=\"lazy\" class=\"alignnone size-medium wp-image-12167\" src=\"http:\/\/bisbalpenedes.com\/web\/wp-content\/uploads\/2020\/03\/061-300x212.jpg\" alt=\"061\" width=\"300\" height=\"212\" srcset=\"https:\/\/bisbalpenedes.com\/web\/wp-content\/uploads\/2020\/03\/061-300x212.jpg 300w, https:\/\/bisbalpenedes.com\/web\/wp-content\/uploads\/2020\/03\/061-600x425.jpg 600w, https:\/\/bisbalpenedes.com\/web\/wp-content\/uploads\/2020\/03\/061-768x543.jpg 768w, https:\/\/bisbalpenedes.com\/web\/wp-content\/uploads\/2020\/03\/061-1024x725.jpg 1024w, https:\/\/bisbalpenedes.com\/web\/wp-content\/uploads\/2020\/03\/061.jpg 1754w\" sizes=\"(max-width: 300px) 100vw, 300px\" \/><\/a><\/p>\n<hr \/>\n<p style=\"text-align: justify;\"><a href=\"http:\/\/bisbalpenedes.com\/web\/wp-content\/uploads\/2020\/03\/200312-REUNIO-CORONAVIRUS-ALCALDESA-I-TINENTES-DALCALDIA.jpg\"><img loading=\"lazy\" class=\"aligncenter size-large wp-image-12165\" src=\"http:\/\/bisbalpenedes.com\/web\/wp-content\/uploads\/2020\/03\/200312-REUNIO-CORONAVIRUS-ALCALDESA-I-TINENTES-DALCALDIA-1024x768.jpg\" alt=\"200312 REUNIO CORONAVIRUS ALCALDESA I TINENTES D'ALCALDIA\" width=\"630\" height=\"473\" srcset=\"https:\/\/bisbalpenedes.com\/web\/wp-content\/uploads\/2020\/03\/200312-REUNIO-CORONAVIRUS-ALCALDESA-I-TINENTES-DALCALDIA-1024x768.jpg 1024w, https:\/\/bisbalpenedes.com\/web\/wp-content\/uploads\/2020\/03\/200312-REUNIO-CORONAVIRUS-ALCALDESA-I-TINENTES-DALCALDIA-600x450.jpg 600w, https:\/\/bisbalpenedes.com\/web\/wp-content\/uploads\/2020\/03\/200312-REUNIO-CORONAVIRUS-ALCALDESA-I-TINENTES-DALCALDIA-300x225.jpg 300w, https:\/\/bisbalpenedes.com\/web\/wp-content\/uploads\/2020\/03\/200312-REUNIO-CORONAVIRUS-ALCALDESA-I-TINENTES-DALCALDIA-768x576.jpg 768w\" sizes=\"(max-width: 630px) 100vw, 630px\" \/><\/a><\/p>\n<p style=\"text-align: justify;\"><span style=\"color: #000000;\"><strong>CASTELLANO |<\/strong> Desde la Generalitat de Catalunya se ha comunicado que el plan PROCICAT de emergencias asociadas a enfermedades transmisibles emergentes con potencial alto riesgo ha pasado a fase de EMERGENCIA 1. Por este motivo, la alcaldesa Agn\u00e8s Ferr\u00e9; la primera tenienta de alcald\u00eda, Judith Vidal; y la segunda tenienta de alcald\u00eda, Leo Uceda; se han reunido esta tarde con el objetivo de evaluar la situaci\u00f3n causada por el Coronavirus (Covid-19). Hasta el momento no se tiene conocimiento de que haya\u00a0 ning\u00fan caso de Coronavirus confirmado en la Bisbal del Pened\u00e8s pero, con el objetivo de seguir las indicaciones de la Generalitat de Catalunya y trabajar para evitar contagios de posibles casos, el Ayuntamiento de la Bisbal del Pened\u00e8s pone en marcha varias mesuras preventivas que, inicialmente, tendr\u00e1n una duraci\u00f3n m\u00ednima de 15 d\u00edas, revisables seg\u00fan la evoluci\u00f3n de la situaci\u00f3n. Estas medidas se pondr\u00e1n en marcha este viernes 13 de marzo de 2020 y son las siguientes:<\/span><\/p>\n<ul style=\"text-align: justify;\">\n<li><span style=\"color: #000000;\">Se cierran al p\u00fablico la Llar d\u2019Infants Municipal, el Rac\u00f3 de la Gent Gran y el Centre Municipal de Cultura (CMC).<\/span><\/li>\n<li><span style=\"color: #000000;\">Quedan cancelados los servicios y actividades que se ofrecen de forma habitual en equipamientos municipales: actividades para la gente mayor, gimnasia, talleres de t\u00e9cnicas de estudio, Escuela de M\u00fasica, Escuela de Idiomas, la Cova Jove o cualquier otra actividad que se realice en estos equipamientos.<\/span><\/li>\n<li><span style=\"color: #000000;\">No se ceder\u00e1 ning\u00fan espacio municipal para celebraciones familiares o festivas.<\/span><\/li>\n<li><span style=\"color: #000000;\">Se cancelan o aplazan todas las actividades, con p\u00fablico asistente, programadas u organizadas desde el Ayuntamiento de la Bisbal del Pened\u00e8s.<\/span><\/li>\n<\/ul>\n<p style=\"text-align: justify;\"><span style=\"color: #000000;\">El Ayuntamiento de la Bisbal del Pened\u00e8s permanecer\u00e1 abierto en el horario habitual, aunque se recomienda el uso de v\u00edas telem\u00e1ticas para contactar.<\/span><\/p>\n<p style=\"text-align: justify;\"><span style=\"color: #000000;\">Por otro lado, el Pleno ordinario previsto para el lunes 16 de marzo a las 19h se celebrar\u00e1 a puerta cerrada y sin la presencia de p\u00fablico en la sala.<\/span><\/p>\n<p style=\"padding-left: 30px; text-align: right;\"><span style=\"color: #000000;\">La Bisbal del Pened\u00e8s, 12 de marzo de 2020<\/span><\/p>\n<p><a href=\"http:\/\/bisbalpenedes.com\/web\/wp-content\/uploads\/2020\/03\/200312-MESURES-CORONAVIRUS.jpg\"><img loading=\"lazy\" class=\"aligncenter size-full wp-image-12166\" src=\"http:\/\/bisbalpenedes.com\/web\/wp-content\/uploads\/2020\/03\/200312-MESURES-CORONAVIRUS.jpg\" alt=\"200312 MESURES CORONAVIRUS\" width=\"680\" height=\"481\" srcset=\"https:\/\/bisbalpenedes.com\/web\/wp-content\/uploads\/2020\/03\/200312-MESURES-CORONAVIRUS.jpg 680w, https:\/\/bisbalpenedes.com\/web\/wp-content\/uploads\/2020\/03\/200312-MESURES-CORONAVIRUS-600x424.jpg 600w, https:\/\/bisbalpenedes.com\/web\/wp-content\/uploads\/2020\/03\/200312-MESURES-CORONAVIRUS-300x212.jpg 300w\" sizes=\"(max-width: 680px) 100vw, 680px\" \/><\/a><\/p>\n<p style=\"text-align: center;\"><a href=\"http:\/\/bisbalpenedes.com\/web\/wp-content\/uploads\/2020\/03\/061.jpg\"><img loading=\"lazy\" class=\"alignnone size-medium wp-image-12167\" src=\"http:\/\/bisbalpenedes.com\/web\/wp-content\/uploads\/2020\/03\/061-300x212.jpg\" alt=\"061\" width=\"300\" height=\"212\" srcset=\"https:\/\/bisbalpenedes.com\/web\/wp-content\/uploads\/2020\/03\/061-300x212.jpg 300w, https:\/\/bisbalpenedes.com\/web\/wp-content\/uploads\/2020\/03\/061-600x425.jpg 600w, https:\/\/bisbalpenedes.com\/web\/wp-content\/uploads\/2020\/03\/061-768x543.jpg 768w, https:\/\/bisbalpenedes.com\/web\/wp-content\/uploads\/2020\/03\/061-1024x725.jpg 1024w, https:\/\/bisbalpenedes.com\/web\/wp-content\/uploads\/2020\/03\/061.jpg 1754w\" sizes=\"(max-width: 300px) 100vw, 300px\" \/><\/a><\/p>\n","protected":false},"excerpt":{"rendered":"<p>\u00a0 Des de la Generalitat de Catalunya s\u2019ha comunicat que el pla PROCICAT d\u2019emerg\u00e8ncies associades a malalties transmissibles emergents amb potencial alt risc ha passat a fase d\u2019EMERG\u00c8NCIA 1. Per &hellip; <a href=\"https:\/\/bisbalpenedes.com\/web\/2020\/03\/12\/comunicat-sobre-les-mesures-preventives-preses-per-lajuntament-de-la-bisbal-del-penedes-davant-la-situacio-generada-pel-coronavirus\/\" class=\"more-link\">Read More<\/a><\/p>\n","protected":false},"author":4,"featured_media":12165,"comment_status":"closed","ping_status":"closed","sticky":false,"template":"","format":"standard","meta":[],"categories":[1628,3636,2797],"tags":[2051,129,1605,3550,3559,82,3560,3553],"_links":{"self":[{"href":"https:\/\/bisbalpenedes.com\/web\/wp-json\/wp\/v2\/posts\/12164"}],"collection":[{"href":"https:\/\/bisbalpenedes.com\/web\/wp-json\/wp\/v2\/posts"}],"about":[{"href":"https:\/\/bisbalpenedes.com\/web\/wp-json\/wp\/v2\/types\/post"}],"author":[{"embeddable":true,"href":"https:\/\/bisbalpenedes.com\/web\/wp-json\/wp\/v2\/users\/4"}],"replies":[{"embeddable":true,"href":"https:\/\/bisbalpenedes.com\/web\/wp-json\/wp\/v2\/comments?post=12164"}],"version-history":[{"count":2,"href":"https:\/\/bisbalpenedes.com\/web\/wp-json\/wp\/v2\/posts\/12164\/revisions"}],"predecessor-version":[{"id":12169,"href":"https:\/\/bisbalpenedes.com\/web\/wp-json\/wp\/v2\/posts\/12164\/revisions\/12169"}],"wp:featuredmedia":[{"embeddable":true,"href":"https:\/\/bisbalpenedes.com\/web\/wp-json\/wp\/v2\/media\/12165"}],"wp:attachment":[{"href":"https:\/\/bisbalpenedes.com\/web\/wp-json\/wp\/v2\/media?parent=12164"}],"wp:term":[{"taxonomy":"category","embeddable":true,"href":"https:\/\/bisbalpenedes.com\/web\/wp-json\/wp\/v2\/categories?post=12164"},{"taxonomy":"post_tag","embeddable":true,"href":"https:\/\/bisbalpenedes.com\/web\/wp-json\/wp\/v2\/tags?post=12164"}],"curies":[{"name":"wp","href":"https:\/\/api.w.org\/{rel}","templated":true}]}}