{"id":12149,"date":"2020-03-11T15:55:52","date_gmt":"2020-03-11T14:55:52","guid":{"rendered":"http:\/\/bisbalpenedes.com\/web\/?p=12149"},"modified":"2020-03-16T09:17:07","modified_gmt":"2020-03-16T08:17:07","slug":"el-proper-dilluns-16-de-marc-de-2020-a-les-19h-tindra-lloc-el-ple-ordinari-daquest-trimestre","status":"publish","type":"post","link":"https:\/\/bisbalpenedes.com\/web\/2020\/03\/11\/el-proper-dilluns-16-de-marc-de-2020-a-les-19h-tindra-lloc-el-ple-ordinari-daquest-trimestre\/","title":{"rendered":"El proper dilluns 16 de mar\u00e7 de 2020 a les 19h tindr\u00e0 lloc el Ple Ordinari de l&#8217;Ajuntament de la Bisbal del Pened\u00e8s"},"content":{"rendered":"<p style=\"text-align: justify;\"><span style=\"color: #000000;\">El proper dilluns 16 de mar\u00e7 de 2020, a les 19h, tindr\u00e0 lloc el Ple Ordinari de l&#8217;Ajuntament de la Bisbal del Pened\u00e8s corresponent a aquest trimestre, amb el seg\u00fcent ordre del dia:<\/span><\/p>\n<p style=\"text-align: justify;\"><span style=\"color: #000000;\"><strong>Part resolutiva:<\/strong><\/span><\/p>\n<p style=\"text-align: justify;\"><span style=\"color: #000000;\">01.-Aprovaci\u00f3 de l&#8217;acta del ple extraordinari de data 12-12-2019<\/span><\/p>\n<p style=\"text-align: justify;\"><span style=\"color: #000000;\">02.-Aprovaci\u00f3 del ple ordinari anterior de data 16-12-2019<\/span><\/p>\n<p style=\"text-align: justify;\"><span style=\"color: #000000;\">03.-Aprovaci\u00f3 de l&#8217;acta del ple extraordinari de data 25-02-2020<\/span><\/p>\n<p style=\"text-align: justify;\"><span style=\"color: #000000;\">04.-Expedient 405\/2020. Modificaci\u00f3 de cr\u00e8dit.<\/span><\/p>\n<p style=\"text-align: justify;\"><span style=\"color: #000000;\">05.-Expedient 499\/2020. Aprovaci\u00f3 o Modificaci\u00f3 d&#8217;Ordenan\u00e7a Fiscal Reguladora.<\/span><\/p>\n<p style=\"text-align: justify;\"><span style=\"color: #000000;\">06.-Expedient 1099\/2018. Ratificar acord JGL de desestimaci\u00f3 d&#8217;al\u00b7legacions.<\/span><\/p>\n<p style=\"text-align: justify;\"><span style=\"color: #000000;\"><strong>Activitat de control:<\/strong><\/span><\/p>\n<p style=\"text-align: justify;\"><span style=\"color: #000000;\">07.-Exp. 0166\/2020. Execuci\u00f3 trimestral del pressupost 4t trimestre 2019.<\/span><\/p>\n<p style=\"text-align: justify;\"><span style=\"color: #000000;\">08.-Exp. 193\/2020. Donar compte informe intervenci\u00f3 sobre compliment del c\u00e0lcul i la remissi\u00f3 del per\u00edode mitj\u00e0 de pagament 4t trimestre 2019.<\/span><\/p>\n<p style=\"text-align: justify;\"><span style=\"color: #000000;\">09.-Exp. 1612\/2019. Donar compte compliment en mat\u00e8ria de morositat.<\/span><\/p>\n<p style=\"text-align: justify;\"><span style=\"color: #000000;\">10.-Donar compte dels Decrets d&#8217;Alcaldia.<\/span><\/p>\n<p style=\"text-align: justify;\"><span style=\"color: #000000;\">11.-Donar compte Acords de la Junta de Govern Local.\u00a0<\/span><\/p>\n<p style=\"text-align: justify;\"><span style=\"color: #000000;\"><strong>Precs i preguntes.<\/strong><\/span><\/p>\n<p style=\"text-align: justify;\"><span style=\"color: #000080;\">Donada la situaci\u00f3 actual, se celebrar\u00e0 a porta tancada -sense la pres\u00e8ncia de p\u00fablic- i amb les mesures d&#8217;higiene i dist\u00e0ncies corresponents. Posteriorment compartirem el resum del Ple i podreu trobar el v\u00eddeo \u00edntegre de la sessi\u00f3 al canal de Youtube de l&#8217;Ajuntament de la Bisbal del Pened\u00e8s.<\/span><\/p>\n<hr \/>\n<p style=\"text-align: justify;\"><span style=\"color: #000000;\">Segons el<\/span>\u00a0<a href=\"https:\/\/bisbalpenedes.com\/web\/2017\/06\/22\/el-ple-ordinari-del-passat-19-de-juny-va-aprovar-el-primer-rom-de-lajuntament-de-la-bisbal-del-penedes\/\">ROM<\/a>\u00a0<span style=\"color: #000000;\">aprovat al Ple de l\u2019Ajuntament de la Bisbal el passat 19 de juny de 2017, la ciutadania pot participar en els Plens Ordinaris. Tot seguit us detallem el funcionament d\u2019aquest sup\u00f2sit:<\/span><\/p>\n<p style=\"text-align: justify;\"><span style=\"color: #000000;\">Totes les persones tenen dret a intervenir en les sessions ordin\u00e0ries del Ple en el punt de l\u2019ordre del dia de \u2018Precs i preguntes\u2019, d\u2019acord amb les prescripcions seg\u00fcents:<\/span><\/p>\n<ul style=\"text-align: justify;\">\n<li><span style=\"color: #000000;\">El prec o pregunta s\u2019haur\u00e0 de sol\u00b7licitar a l\u2019Alcaldia:<\/span>\n<ul>\n<li><span style=\"color: #000000;\">per escrit i entrar-lo\/a al Registre General com a m\u00e0xim 24 hores abans del Ple Ordinari<\/span><\/li>\n<li><span style=\"color: #000000;\">Per Twitter a @BisbalPenedes com a m\u00e0xim 24h abans del Ple Ordinari, complint el protocol d\u2019\u00fas de les xarxes socials i emprant l\u2019etiqueta #PleBisbalPened\u00e8s, seguit del prec o pregunta<\/span><\/li>\n<\/ul>\n<\/li>\n<li><span style=\"color: #000000;\">L\u2019assumpte objecte del prec o pregunta haur\u00e0 de ser de compet\u00e8ncia municipal sobre l\u2019acci\u00f3 de govern o estar directament relacionat amb els punts inclosos a l\u2019ordre del dia<\/span><\/li>\n<li><span style=\"color: #000000;\">Cada ciutad\u00e0\/ana\u00a0 pot formular un\u00a0 prec i una pregunta en un mateix Ple. La longitud m\u00e0xima de cada piulada \u00e9s de 140 car\u00e0cters i no es pot continuar la pregunta en un segon \u2018tweet\u2019.<\/span><\/li>\n<li><span style=\"color: #000000;\">L\u2019alcaldia podr\u00e0 no respondre si \u00e9s un assumpte sobre el qual l\u2019Ajuntament no t\u00e9 compet\u00e8ncies o si ja s\u2019ha presentat la mateixa pregunta en una altra sessi\u00f3 plen\u00e0ria en els \u00faltims 6 mesos.<\/span><\/li>\n<li><span style=\"color: #000000;\">L\u2019alcaldia comunicar\u00e0, acabat el termini m\u00e0xim de presentaci\u00f3 de preguntes, a qui vagin dirigides les preguntes o peticions sol\u00b7licitades perqu\u00e8 les pugui respondre<\/span><\/li>\n<li><span style=\"color: #000000;\">L\u2019Alcaldia llegir\u00e0 la pregunta en veu alta<\/span><\/li>\n<li><span style=\"color: #000000;\">L\u2019alcaldia o a qui va adre\u00e7ada la pregunta, la respondr\u00e0 en la mateixa sessi\u00f3 del Ple<\/span><\/li>\n<li><span style=\"color: #000000;\">El p\u00fablic assistent a les sessions no podr\u00e0 efectuar manifestacions de grat o desgrat. Tampoc es podran proferir comentaris que afectin el normal desenvolupament de la sessi\u00f3.<\/span><\/li>\n<\/ul>\n<hr \/>\n<p style=\"text-align: justify;\"><span style=\"color: #000000;\"><strong>CASTELLANO |<\/strong> El pr\u00f3ximo lunes 16 de marzo de 2020, a las 19h, tendr\u00e1 lugar el Pleno Ordinario del Ayuntamiento de la Bisbal del Pened\u00e8s correspondiente a este trimestre, con el siguiente orden del d\u00eda:<\/span><\/p>\n<p style=\"text-align: justify;\"><span style=\"color: #000000;\"><strong>Parte resolutiva:<\/strong><\/span><\/p>\n<p style=\"text-align: justify;\"><span style=\"color: #000000;\">01.-Aprobaci\u00f3n del acta del pleno extraordinario de fecha 12-12-2019<\/span><\/p>\n<p style=\"text-align: justify;\"><span style=\"color: #000000;\">02.-Aprobaci\u00f3n del pleno ordinario anterior de fecha 16-12-2019<\/span><\/p>\n<p style=\"text-align: justify;\"><span style=\"color: #000000;\">03.-Aprobaci\u00f3n del acta del pleno extraordinario de fecha 25-02-2020<\/span><\/p>\n<p style=\"text-align: justify;\"><span style=\"color: #000000;\">04.-Expediente 405\/2020. Modificaci\u00f3n de cr\u00e9dito.<\/span><\/p>\n<p style=\"text-align: justify;\"><span style=\"color: #000000;\">05.-Expediente 499\/2020. Aprobaci\u00f3n o Modificaci\u00f3n de Ordenanza Fiscal Reguladora.<\/span><\/p>\n<p style=\"text-align: justify;\"><span style=\"color: #000000;\">06.-Expediente 1099\/2018. Ratificar acuerdo JGL de desestimaci\u00f3n de alegaciones.<\/span><\/p>\n<p style=\"text-align: justify;\"><span style=\"color: #000000;\"><strong>Actividad de control:<\/strong><\/span><\/p>\n<p style=\"text-align: justify;\"><span style=\"color: #000000;\">07.-Exp. 0166\/2020. Ejecuci\u00f3n trimestral del presupuesto 4\u00ba trimestre 2019.<\/span><\/p>\n<p style=\"text-align: justify;\"><span style=\"color: #000000;\">08.-Exp. 193\/2020. Dar cuenta informe intervenci\u00f3n sobre cumplimiento del c\u00e1lculo y la remisi\u00f3n del periodo medio de pago 4\u00ba trimestre 2019.<\/span><\/p>\n<p style=\"text-align: justify;\"><span style=\"color: #000000;\">09.-Exp. 1612\/2019. Dar cuenta cumplimiento en materia de morosidad.<\/span><\/p>\n<p style=\"text-align: justify;\"><span style=\"color: #000000;\">10.-Dar cuenta de los Decretos de Alcald\u00eda.<\/span><\/p>\n<p style=\"text-align: justify;\"><span style=\"color: #000000;\">11.-Dar cuenta Acuerdos de la Junta de Gobierno Local.<\/span><\/p>\n<p style=\"text-align: justify;\"><span style=\"color: #000000;\"><strong>Ruegos y preguntas.<\/strong><\/span><\/p>\n<p style=\"text-align: justify;\"><span style=\"color: #000080;\">Dada la situaci\u00f3n actual, se celebrar\u00e1 a puerta cerrada -sin la presencia de p\u00fablico- y con las medidas de higiene y distancias correspondientes.<\/span><br \/>\n<span style=\"color: #000080;\">Posteriormente compartiremos el resumen del Pleno y podr\u00e9is encontrar el v\u00eddeo \u00edntegro de la sesi\u00f3n en el canal de Youtube del Ayuntamiento de la Bisbal del Pened\u00e8s.<\/span><\/p>\n<hr \/>\n<p style=\"text-align: justify;\"><span style=\"color: #000000;\"><strong>CASTELLANO |<\/strong> Seg\u00fan el<\/span>\u00a0<a href=\"https:\/\/bisbalpenedes.com\/web\/2017\/06\/22\/el-ple-ordinari-del-passat-19-de-juny-va-aprovar-el-primer-rom-de-lajuntament-de-la-bisbal-del-penedes\/\">ROM<\/a>\u00a0<span style=\"color: #000000;\">aprobado en el Pleno del Ayuntamiento de la Bisbal del Pened\u00e8s el pasado 19 de junio del 2017, la ciudadan\u00eda puede participar en los Plenos Ordinarios. A continuaci\u00f3n os detallamos el funcionamiento de este supuesto:<\/span><\/p>\n<p style=\"text-align: justify;\"><span style=\"color: #000000;\">Todas las personas tienen derecho a intervenir en las sesiones ordinarias del Pleno en el punto de la orden del d\u00eda de \u2018Ruegos y preguntas\u2019, de acuerdo con las prescripciones siguientes:<\/span><\/p>\n<ul>\n<li style=\"text-align: justify;\"><span style=\"color: #000000;\">El ruego o pregunta deber\u00e1 solicitarse a Alcald\u00eda:<\/span>\n<ul>\n<li><span style=\"color: #000000;\">Por escrito y entrarlo\/la por escrito como m\u00e1ximo 24 horas antes del Pleno Ordinario<\/span><\/li>\n<li><span style=\"color: #000000;\">Por Twitter en @BisbalPenedes como m\u00e1ximo 24h antes del Pleno Ordinario, cumpliendo el protocolo de uso de las redes sociales con el formato #PleBisbalPened\u00e8s, seguido del ruego o pregunta.<\/span><\/li>\n<\/ul>\n<\/li>\n<li style=\"text-align: justify;\"><span style=\"color: #000000;\">El asunto objeto del ruego o pregunta deber\u00e1 ser de competencia municipal sobre la acci\u00f3n de gobierno o estar directamente relacionado con los puntos incluidos en el orden del d\u00eda<\/span><\/li>\n<li style=\"text-align: justify;\"><span style=\"color: #000000;\">Cada ciudadano\/na puede formular un ruego y una pregunta en un mismo Pleno. La longitud m\u00e1xima de cada tweet es de 140 caracteres y no se puede continuar la pregunta con un segundo \u2018tweet.<\/span><\/li>\n<li style=\"text-align: justify;\"><span style=\"color: #000000;\">Alcald\u00eda podr\u00e1 no responder si es un asunto sobre el cual el Ayuntamiento no tiene competencias o si ya se ha presentado la misma pregunta en otra sesi\u00f3n plenaria de los \u00faltimos 6 meses.<\/span><\/li>\n<li style=\"text-align: justify;\"><span style=\"color: #000000;\">Alcald\u00eda comunicar\u00e1, terminado el plazo m\u00e1ximo de presentaci\u00f3n de preguntas, a quien vayan dirigidas las preguntas o peticiones solicitadas para que las pueda responder<\/span><\/li>\n<li style=\"text-align: justify;\"><span style=\"color: #000000;\">Alcald\u00eda leer\u00e1 la pregunta en voz alta<\/span><\/li>\n<li style=\"text-align: justify;\"><span style=\"color: #000000;\">Alcald\u00eda o a quien vaya dirigida la pregunta, la responder\u00e1 en la misma sesi\u00f3n del Pleno<\/span><\/li>\n<li style=\"text-align: justify;\"><span style=\"color: #000000;\">El p\u00fablico asistente a las sesiones no podr\u00e1 efectuar manifestaciones de agrado o desagrado. Tampoco se podr\u00e1n proferir comentarios que afecten el normal desarrollo de la sesi\u00f3n.<\/span><\/li>\n<\/ul>\n<p>&nbsp;<\/p>\n<p>&nbsp;<\/p>\n","protected":false},"excerpt":{"rendered":"<p>El proper dilluns 16 de mar\u00e7 de 2020, a les 19h, tindr\u00e0 lloc el Ple Ordinari de l&#8217;Ajuntament de la Bisbal del Pened\u00e8s corresponent a aquest trimestre, amb el seg\u00fcent &hellip; <a href=\"https:\/\/bisbalpenedes.com\/web\/2020\/03\/11\/el-proper-dilluns-16-de-marc-de-2020-a-les-19h-tindra-lloc-el-ple-ordinari-daquest-trimestre\/\" class=\"more-link\">Read More<\/a><\/p>\n","protected":false},"author":4,"featured_media":8717,"comment_status":"closed","ping_status":"closed","sticky":false,"template":"","format":"standard","meta":[],"categories":[2250],"tags":[139,249],"_links":{"self":[{"href":"https:\/\/bisbalpenedes.com\/web\/wp-json\/wp\/v2\/posts\/12149"}],"collection":[{"href":"https:\/\/bisbalpenedes.com\/web\/wp-json\/wp\/v2\/posts"}],"about":[{"href":"https:\/\/bisbalpenedes.com\/web\/wp-json\/wp\/v2\/types\/post"}],"author":[{"embeddable":true,"href":"https:\/\/bisbalpenedes.com\/web\/wp-json\/wp\/v2\/users\/4"}],"replies":[{"embeddable":true,"href":"https:\/\/bisbalpenedes.com\/web\/wp-json\/wp\/v2\/comments?post=12149"}],"version-history":[{"count":4,"href":"https:\/\/bisbalpenedes.com\/web\/wp-json\/wp\/v2\/posts\/12149\/revisions"}],"predecessor-version":[{"id":12195,"href":"https:\/\/bisbalpenedes.com\/web\/wp-json\/wp\/v2\/posts\/12149\/revisions\/12195"}],"wp:featuredmedia":[{"embeddable":true,"href":"https:\/\/bisbalpenedes.com\/web\/wp-json\/wp\/v2\/media\/8717"}],"wp:attachment":[{"href":"https:\/\/bisbalpenedes.com\/web\/wp-json\/wp\/v2\/media?parent=12149"}],"wp:term":[{"taxonomy":"category","embeddable":true,"href":"https:\/\/bisbalpenedes.com\/web\/wp-json\/wp\/v2\/categories?post=12149"},{"taxonomy":"post_tag","embeddable":true,"href":"https:\/\/bisbalpenedes.com\/web\/wp-json\/wp\/v2\/tags?post=12149"}],"curies":[{"name":"wp","href":"https:\/\/api.w.org\/{rel}","templated":true}]}}