{"id":12146,"date":"2020-03-11T13:09:11","date_gmt":"2020-03-11T12:09:11","guid":{"rendered":"http:\/\/bisbalpenedes.com\/web\/?p=12146"},"modified":"2020-03-11T13:09:11","modified_gmt":"2020-03-11T12:09:11","slug":"la-junta-de-govern-ha-aprovat-el-padro-fiscal-de-la-taxa-de-recollida-descombraries-2020","status":"publish","type":"post","link":"https:\/\/bisbalpenedes.com\/web\/2020\/03\/11\/la-junta-de-govern-ha-aprovat-el-padro-fiscal-de-la-taxa-de-recollida-descombraries-2020\/","title":{"rendered":"La Junta de govern ha aprovat el padr\u00f3 fiscal de la taxa de recollida d&#8217;escombraries 2020"},"content":{"rendered":"<p style=\"text-align: justify;\"><span style=\"color: #000000;\">La Junta de govern, a petici\u00f3 de la Regidoria de Residus, ha aprovat el padr\u00f3 fiscal per al 2020, relatiu a la taxa de recollida d\u2019escombraries. Ascendeix a 392.980\u20ac.<\/span><\/p>\n<hr \/>\n<p style=\"text-align: justify;\"><span style=\"color: #000000;\">La Junta de gobierno, a petici\u00f3n de la Concejal\u00eda de Residuos, ha aprobado el padr\u00f3n fiscal para el 2020, relativo a la tasa de recogida de basura. Asciende a 392.980\u20ac.<\/span><\/p>\n","protected":false},"excerpt":{"rendered":"<p>La Junta de govern, a petici\u00f3 de la Regidoria de Residus, ha aprovat el padr\u00f3 fiscal per al 2020, relatiu a la taxa de recollida d\u2019escombraries. Ascendeix a 392.980\u20ac. La &hellip; <a href=\"https:\/\/bisbalpenedes.com\/web\/2020\/03\/11\/la-junta-de-govern-ha-aprovat-el-padro-fiscal-de-la-taxa-de-recollida-descombraries-2020\/\" class=\"more-link\">Read More<\/a><\/p>\n","protected":false},"author":4,"featured_media":175,"comment_status":"closed","ping_status":"closed","sticky":false,"template":"","format":"standard","meta":[],"categories":[3215],"tags":[1131,1479,3457,207,1182],"_links":{"self":[{"href":"https:\/\/bisbalpenedes.com\/web\/wp-json\/wp\/v2\/posts\/12146"}],"collection":[{"href":"https:\/\/bisbalpenedes.com\/web\/wp-json\/wp\/v2\/posts"}],"about":[{"href":"https:\/\/bisbalpenedes.com\/web\/wp-json\/wp\/v2\/types\/post"}],"author":[{"embeddable":true,"href":"https:\/\/bisbalpenedes.com\/web\/wp-json\/wp\/v2\/users\/4"}],"replies":[{"embeddable":true,"href":"https:\/\/bisbalpenedes.com\/web\/wp-json\/wp\/v2\/comments?post=12146"}],"version-history":[{"count":1,"href":"https:\/\/bisbalpenedes.com\/web\/wp-json\/wp\/v2\/posts\/12146\/revisions"}],"predecessor-version":[{"id":12147,"href":"https:\/\/bisbalpenedes.com\/web\/wp-json\/wp\/v2\/posts\/12146\/revisions\/12147"}],"wp:featuredmedia":[{"embeddable":true,"href":"https:\/\/bisbalpenedes.com\/web\/wp-json\/wp\/v2\/media\/175"}],"wp:attachment":[{"href":"https:\/\/bisbalpenedes.com\/web\/wp-json\/wp\/v2\/media?parent=12146"}],"wp:term":[{"taxonomy":"category","embeddable":true,"href":"https:\/\/bisbalpenedes.com\/web\/wp-json\/wp\/v2\/categories?post=12146"},{"taxonomy":"post_tag","embeddable":true,"href":"https:\/\/bisbalpenedes.com\/web\/wp-json\/wp\/v2\/tags?post=12146"}],"curies":[{"name":"wp","href":"https:\/\/api.w.org\/{rel}","templated":true}]}}