{"id":12140,"date":"2020-03-11T11:08:45","date_gmt":"2020-03-11T10:08:45","guid":{"rendered":"http:\/\/bisbalpenedes.com\/web\/?p=12140"},"modified":"2020-03-11T11:08:45","modified_gmt":"2020-03-11T10:08:45","slug":"el-dilluns-16-de-marc-comencen-les-inscripcions-per-a-un-nou-curs-de-premonitors-es-de-lleure","status":"publish","type":"post","link":"https:\/\/bisbalpenedes.com\/web\/2020\/03\/11\/el-dilluns-16-de-marc-comencen-les-inscripcions-per-a-un-nou-curs-de-premonitors-es-de-lleure\/","title":{"rendered":"El dilluns 16 de mar\u00e7 comencen les inscripcions per a un nou curs de premonitors-es de lleure"},"content":{"rendered":"<p data-adtags-visited=\"true\"><span style=\"color: #000000;\">El proper dilluns s&#8217;obren les inscripcions per als cursos de premonitors\/es d&#8217;educaci\u00f3 en el lleure de Jove Baix Pened\u00e8s (Consell Comarcal del Baix Pened\u00e8s). Enguany es faran a Cunit (Espai Jove) i a Banyeres del Pened\u00e8s (Centre C\u00edvic Ernest Lluch) durant la Setmana Santa (del dilluns 6 al dijous 9 d&#8217;abril).<\/span><\/p>\n<p data-adtags-visited=\"true\"><span style=\"color: #000000;\"><strong>Les inscripcions comencen el 16 de mar\u00e7<\/strong> als Punts d&#8217;Informaci\u00f3 Juvenil de la Comarca &#8211; a la Bisbal del Pened\u00e8s es poden fer a\u00a0 la planta baixa del CMC, a la Cova Jove*. Les places s\u00f3n limitades.<\/span><\/p>\n<hr \/>\n<p data-adtags-visited=\"true\"><span style=\"color: #000000;\"><strong>CASTELLANO |<\/strong> El pr\u00f3ximo lunes se abren las inscripciones para los cursos de premonitores\/as de educaci\u00f3n en el tiempo libre de Jove Baix Pened\u00e8s (Consell Comarcal del Baix Pened\u00e8s). Este a\u00f1o se har\u00e1n en Cunit (Espai Jove) y en Banyeres del Pened\u00e8s (Centre C\u00edvic Ernest Lluch) durante la Semana Santa (del lunes 6 al jueves 9 de abril).<\/span><\/p>\n<p data-adtags-visited=\"true\"><span style=\"color: #000000;\"><strong>Las inscripciones empiezan el 16 de marzo<\/strong> en los Puntos de Informaci\u00f3n Juvenil de la Comarca &#8211; en la Bisbal del Pened\u00e8s se pueden hacer en la planta baja del CMC, en la Cova Jove*. Las plazas son limitadas.<\/span><\/p>\n<p data-adtags-visited=\"true\">\n<hr \/>\n<p data-adtags-visited=\"true\">*Horari de la Cova Jove: Dilluns, dimecres i divendres de 16:00h a 19:30h<\/p>\n<p data-adtags-visited=\"true\">*Horario de la Cova Jove: Lunes, mi\u00e9rcoles y viernes de 16:00h a 19:30h<\/p>\n<p data-adtags-visited=\"true\"><a href=\"http:\/\/bisbalpenedes.com\/web\/wp-content\/uploads\/2020\/03\/curs-premonis-2020-sn-calafell_page-0001.jpg\"><img loading=\"lazy\" class=\"aligncenter size-full wp-image-12142\" src=\"http:\/\/bisbalpenedes.com\/web\/wp-content\/uploads\/2020\/03\/curs-premonis-2020-sn-calafell_page-0001.jpg\" alt=\"curs-premonis-2020-sn-calafell_page-0001\" width=\"665\" height=\"941\" srcset=\"https:\/\/bisbalpenedes.com\/web\/wp-content\/uploads\/2020\/03\/curs-premonis-2020-sn-calafell_page-0001.jpg 665w, https:\/\/bisbalpenedes.com\/web\/wp-content\/uploads\/2020\/03\/curs-premonis-2020-sn-calafell_page-0001-600x849.jpg 600w, https:\/\/bisbalpenedes.com\/web\/wp-content\/uploads\/2020\/03\/curs-premonis-2020-sn-calafell_page-0001-212x300.jpg 212w\" sizes=\"(max-width: 665px) 100vw, 665px\" \/><\/a><\/p>\n<p data-adtags-visited=\"true\">\n","protected":false},"excerpt":{"rendered":"<p>El proper dilluns s&#8217;obren les inscripcions per als cursos de premonitors\/es d&#8217;educaci\u00f3 en el lleure de Jove Baix Pened\u00e8s (Consell Comarcal del Baix Pened\u00e8s). Enguany es faran a Cunit (Espai &hellip; <a href=\"https:\/\/bisbalpenedes.com\/web\/2020\/03\/11\/el-dilluns-16-de-marc-comencen-les-inscripcions-per-a-un-nou-curs-de-premonitors-es-de-lleure\/\" class=\"more-link\">Read More<\/a><\/p>\n","protected":false},"author":4,"featured_media":12142,"comment_status":"closed","ping_status":"closed","sticky":false,"template":"","format":"standard","meta":[],"categories":[1486],"tags":[62,2820,210,816,3555,3554],"_links":{"self":[{"href":"https:\/\/bisbalpenedes.com\/web\/wp-json\/wp\/v2\/posts\/12140"}],"collection":[{"href":"https:\/\/bisbalpenedes.com\/web\/wp-json\/wp\/v2\/posts"}],"about":[{"href":"https:\/\/bisbalpenedes.com\/web\/wp-json\/wp\/v2\/types\/post"}],"author":[{"embeddable":true,"href":"https:\/\/bisbalpenedes.com\/web\/wp-json\/wp\/v2\/users\/4"}],"replies":[{"embeddable":true,"href":"https:\/\/bisbalpenedes.com\/web\/wp-json\/wp\/v2\/comments?post=12140"}],"version-history":[{"count":1,"href":"https:\/\/bisbalpenedes.com\/web\/wp-json\/wp\/v2\/posts\/12140\/revisions"}],"predecessor-version":[{"id":12143,"href":"https:\/\/bisbalpenedes.com\/web\/wp-json\/wp\/v2\/posts\/12140\/revisions\/12143"}],"wp:featuredmedia":[{"embeddable":true,"href":"https:\/\/bisbalpenedes.com\/web\/wp-json\/wp\/v2\/media\/12142"}],"wp:attachment":[{"href":"https:\/\/bisbalpenedes.com\/web\/wp-json\/wp\/v2\/media?parent=12140"}],"wp:term":[{"taxonomy":"category","embeddable":true,"href":"https:\/\/bisbalpenedes.com\/web\/wp-json\/wp\/v2\/categories?post=12140"},{"taxonomy":"post_tag","embeddable":true,"href":"https:\/\/bisbalpenedes.com\/web\/wp-json\/wp\/v2\/tags?post=12140"}],"curies":[{"name":"wp","href":"https:\/\/api.w.org\/{rel}","templated":true}]}}