{"id":12133,"date":"2020-03-11T10:49:04","date_gmt":"2020-03-11T09:49:04","guid":{"rendered":"http:\/\/bisbalpenedes.com\/web\/?p=12133"},"modified":"2020-03-11T10:49:04","modified_gmt":"2020-03-11T09:49:04","slug":"obertes-les-inscripcions-per-al-curs-subvencionat-de-condicionament-fisic-en-grup-amb-suport-musical-adrecat-a-persones-aturades","status":"publish","type":"post","link":"https:\/\/bisbalpenedes.com\/web\/2020\/03\/11\/obertes-les-inscripcions-per-al-curs-subvencionat-de-condicionament-fisic-en-grup-amb-suport-musical-adrecat-a-persones-aturades\/","title":{"rendered":"Obertes les inscripcions per al curs subvencionat de &#8216;Condicionament f\u00edsic en grup amb suport musical&#8217; adre\u00e7at a persones aturades"},"content":{"rendered":"<p><a href=\"http:\/\/bisbalpenedes.com\/web\/wp-content\/uploads\/2020\/03\/CURS-ESPORTCOMARCA.jpg\"><img loading=\"lazy\" class=\"alignnone size-full wp-image-12134\" src=\"http:\/\/bisbalpenedes.com\/web\/wp-content\/uploads\/2020\/03\/CURS-ESPORTCOMARCA.jpg\" alt=\"CURS-ESPORTCOMARCA\" width=\"456\" height=\"456\" srcset=\"https:\/\/bisbalpenedes.com\/web\/wp-content\/uploads\/2020\/03\/CURS-ESPORTCOMARCA.jpg 456w, https:\/\/bisbalpenedes.com\/web\/wp-content\/uploads\/2020\/03\/CURS-ESPORTCOMARCA-300x300.jpg 300w, https:\/\/bisbalpenedes.com\/web\/wp-content\/uploads\/2020\/03\/CURS-ESPORTCOMARCA-100x100.jpg 100w, https:\/\/bisbalpenedes.com\/web\/wp-content\/uploads\/2020\/03\/CURS-ESPORTCOMARCA-150x150.jpg 150w\" sizes=\"(max-width: 456px) 100vw, 456px\" \/><\/a><\/p>\n<p><span style=\"color: #000000;\">Curs subvencionat per a\u00a0persones aturades.<\/span><\/p>\n<ul>\n<li><span style=\"color: #000000;\">Condicionament f\u00edsic en grup amb suport musical.<\/span><\/li>\n<li><span style=\"color: #000000;\">Inici: 24 de mar\u00e7 de 2020<\/span><\/li>\n<li><span style=\"color: #000000;\">Finalitzaci\u00f3: juliol de 2020<\/span><\/li>\n<li><span style=\"color: #000000;\">Horari: de dilluns a divendres, de 9 a 15h<\/span><\/li>\n<li><span style=\"color: #000000;\">Instal\u00b7lacions: Gimn\u00e0s Record (El Vendrell)<\/span><\/li>\n<li><span style=\"color: #000000;\">Preinscripcions i informaci\u00f3:<\/span>\u00a0<a href=\"https:\/\/espaiserviesport.cat\/preinscripcions\/?fbclid=IwAR2Y1Y05AYZF2l05mGdvQYWwrJEHrlu5MZV1T56-8Z-3NuWkKyDzjTgQX3I\" target=\"_blank\" rel=\"noopener nofollow\" data-ft=\"{&quot;tn&quot;:&quot;-U&quot;}\" data-lynx-mode=\"async\" data-lynx-uri=\"https:\/\/l.facebook.com\/l.php?u=https%3A%2F%2Fespaiserviesport.cat%2Fpreinscripcions%2F%3Ffbclid%3DIwAR2Y1Y05AYZF2l05mGdvQYWwrJEHrlu5MZV1T56-8Z-3NuWkKyDzjTgQX3I&amp;h=AT00S-l2hfQKUNaCZZ3gcHkXLpofxxi_u3XTxmgwM5XbYHaJ8dqp28EK4fxQfU2xBabloezJg4821CXKs4APkiTldPk0Qzo2ynME4ugxeLwApj2LfLHNBNWoPADx36RpDMAUm5wLAKEJU74YIrnkwVGTRm3uNAhhjLYMnb2BafNiNN1MXN7zVl-ZcmUBzhLi5mi-OTUCfwJ1nJhXECZRkp9bn9hwEG5hstSq-RZDvBshKvExyEm3-sRXRerfhBxZ2cyex2V5UybvAgyI1_Uydklh-NwboREcyO-R1Lh87hP-QDPYLZPdtF0hVLlWCH_hnULN_i4gJ4HGa86UHF131gMB7YJnQpZ2YTkA77iziQpkZVcZjLSHor9yg4Bm33BsQp8d4etZZhBmp0j8OuZVwvnvNQ8IYErzTWuS3PYCfAAgFuIWbXqKfXCzuWf90-keOi3BmUdoUBXALDm3Sdooi_9pi6r69AB8TXxRw9DP5cvH6w4S1wd46Nh40cQuBFAqOZqQPZgZlFtb9HiG46Jiu2q_L0WfXE2-RVg2MMw4zEaCLz3MZ-wTXzXTZ8gpS7nH1pFX9t7g11PhXEdAX07UJlW7KBvRCVVFwz3jjnX75BvALFwy29XuUxtyrd26AeFy_70tLtA\">https:\/\/espaiserviesport.cat\/preinscripcions\/<\/a><\/li>\n<\/ul>\n<hr \/>\n<p><span style=\"color: #000000;\"><b>CASTELLANO |\u00a0<\/b>Curso subvencionado para personas\u00a0que est\u00e1n en el paro.<\/span><\/p>\n<ul>\n<li><span style=\"color: #000000;\">Acondicionamiento f\u00edsico en grupo con soporte musical.<\/span><\/li>\n<li><span style=\"color: #000000;\">Inicio: 24 de marzo de 2020<\/span><\/li>\n<li><span style=\"color: #000000;\">Finalizaci\u00f3n: julio de 2020<\/span><\/li>\n<li><span style=\"color: #000000;\">Horario: de lunes a viernes, de 9 a 15h<\/span><\/li>\n<li><span style=\"color: #000000;\">Instalaciones: Gimn\u00e0s Record (El Vendrell)<\/span><\/li>\n<li><span style=\"color: #000000;\">Preinscripciones e informaci\u00f3n:<\/span><br \/>\n<a href=\"https:\/\/espaiserviesport.cat\/preinscripcions\/?fbclid=IwAR0RMSSr_o7uBrXFey6MB8qpt1gIEcCiWiPZ3Ku4bIY2LxZPi-nJHZ_-grc\" target=\"_blank\" rel=\"noopener nofollow\" data-ft=\"{&quot;tn&quot;:&quot;-U&quot;}\" data-lynx-mode=\"async\" data-lynx-uri=\"https:\/\/l.facebook.com\/l.php?u=https%3A%2F%2Fespaiserviesport.cat%2Fpreinscripcions%2F%3Ffbclid%3DIwAR0RMSSr_o7uBrXFey6MB8qpt1gIEcCiWiPZ3Ku4bIY2LxZPi-nJHZ_-grc&amp;h=AT3FDhlS4thhujYhyIs3lITPoqZSOurdqQb-30plNLjhBmrM-VkjZnCq_TuA_-XsfNj1uJIIjljH8QMPzPTeyGBsmOsbh6Rf4A_OHsggIGM4uggn-yEiCWKqioyuStw7SQt_BOlpjhVAoby3jdxP1qgIymk4wB3CR-1nyuT3TQDbLZNBkDkcF9v_5MdORCLaadBKIqmLA7CbdlkDX4Pdrw3GRdCq2IwmOiEDUxhFNxId4Mqqen2zfiJLR70erwPfUqePZiRVasbGQ4rHclmtl5s5ExGcMQ8fSLtjMBZPZC8ZMLMJy9zM3G-CuDnET8MHzwlxMiCnvwxZEsN56mxoyzT1yXCFfX_SiNH6GqDmaY-hpvE16kfwpPTwrgYYjZTe2rj1IJwTVZH0xxW5mJXc_O3rW-QCoGw0SvPLFHY-wxOefjk2cnKMizcBqtTlDI6Q94PL4ocF6J2j1yzAd02JopNlqbeLfMx236wPqdnloLCrD3FaYmm6zsMzCj38bVEEAay6I8ZVi4tK_LaEdOdJMt7JwJxsiecS_yBY3duFxOJoCeNzL66WY3lz41EuJ8SL67f32aWH9-s96ta1141345uaUSt0FNbVDqyEGvF74ASR91drZzQBdveVJ2bEXnD2MoYIYD4\">https:\/\/espaiserviesport.cat\/preinscripcions\/<\/a><\/li>\n<\/ul>\n","protected":false},"excerpt":{"rendered":"<p>Curs subvencionat per a\u00a0persones aturades. Condicionament f\u00edsic en grup amb suport musical. Inici: 24 de mar\u00e7 de 2020 Finalitzaci\u00f3: juliol de 2020 Horari: de dilluns a divendres, de 9 a &hellip; <a href=\"https:\/\/bisbalpenedes.com\/web\/2020\/03\/11\/obertes-les-inscripcions-per-al-curs-subvencionat-de-condicionament-fisic-en-grup-amb-suport-musical-adrecat-a-persones-aturades\/\" class=\"more-link\">Read More<\/a><\/p>\n","protected":false},"author":4,"featured_media":12134,"comment_status":"closed","ping_status":"closed","sticky":false,"template":"","format":"standard","meta":[],"categories":[19,9],"tags":[262,3549,62,1992,263],"_links":{"self":[{"href":"https:\/\/bisbalpenedes.com\/web\/wp-json\/wp\/v2\/posts\/12133"}],"collection":[{"href":"https:\/\/bisbalpenedes.com\/web\/wp-json\/wp\/v2\/posts"}],"about":[{"href":"https:\/\/bisbalpenedes.com\/web\/wp-json\/wp\/v2\/types\/post"}],"author":[{"embeddable":true,"href":"https:\/\/bisbalpenedes.com\/web\/wp-json\/wp\/v2\/users\/4"}],"replies":[{"embeddable":true,"href":"https:\/\/bisbalpenedes.com\/web\/wp-json\/wp\/v2\/comments?post=12133"}],"version-history":[{"count":1,"href":"https:\/\/bisbalpenedes.com\/web\/wp-json\/wp\/v2\/posts\/12133\/revisions"}],"predecessor-version":[{"id":12135,"href":"https:\/\/bisbalpenedes.com\/web\/wp-json\/wp\/v2\/posts\/12133\/revisions\/12135"}],"wp:featuredmedia":[{"embeddable":true,"href":"https:\/\/bisbalpenedes.com\/web\/wp-json\/wp\/v2\/media\/12134"}],"wp:attachment":[{"href":"https:\/\/bisbalpenedes.com\/web\/wp-json\/wp\/v2\/media?parent=12133"}],"wp:term":[{"taxonomy":"category","embeddable":true,"href":"https:\/\/bisbalpenedes.com\/web\/wp-json\/wp\/v2\/categories?post=12133"},{"taxonomy":"post_tag","embeddable":true,"href":"https:\/\/bisbalpenedes.com\/web\/wp-json\/wp\/v2\/tags?post=12133"}],"curies":[{"name":"wp","href":"https:\/\/api.w.org\/{rel}","templated":true}]}}