{"id":12121,"date":"2020-03-10T08:57:11","date_gmt":"2020-03-10T07:57:11","guid":{"rendered":"http:\/\/bisbalpenedes.com\/web\/?p=12121"},"modified":"2020-03-10T08:57:11","modified_gmt":"2020-03-10T07:57:11","slug":"el-bisbalenc-albert-calvo-ha-rebut-la-medalla-de-bronze-al-merit-esportiu","status":"publish","type":"post","link":"https:\/\/bisbalpenedes.com\/web\/2020\/03\/10\/el-bisbalenc-albert-calvo-ha-rebut-la-medalla-de-bronze-al-merit-esportiu\/","title":{"rendered":"El bisbalenc Albert Calvo ha rebut la medalla de bronze al m\u00e8rit esportiu"},"content":{"rendered":"<p style=\"text-align: center;\"><a href=\"http:\/\/bisbalpenedes.com\/web\/wp-content\/uploads\/2020\/03\/medalla-merit-esportiu.jpg\"><img loading=\"lazy\" class=\"alignnone size-medium wp-image-12123\" src=\"http:\/\/bisbalpenedes.com\/web\/wp-content\/uploads\/2020\/03\/medalla-merit-esportiu-300x300.jpg\" alt=\"medalla merit esportiu\" width=\"300\" height=\"300\" srcset=\"https:\/\/bisbalpenedes.com\/web\/wp-content\/uploads\/2020\/03\/medalla-merit-esportiu-300x300.jpg 300w, https:\/\/bisbalpenedes.com\/web\/wp-content\/uploads\/2020\/03\/medalla-merit-esportiu-100x100.jpg 100w, https:\/\/bisbalpenedes.com\/web\/wp-content\/uploads\/2020\/03\/medalla-merit-esportiu-600x600.jpg 600w, https:\/\/bisbalpenedes.com\/web\/wp-content\/uploads\/2020\/03\/medalla-merit-esportiu-150x150.jpg 150w, https:\/\/bisbalpenedes.com\/web\/wp-content\/uploads\/2020\/03\/medalla-merit-esportiu-768x768.jpg 768w, https:\/\/bisbalpenedes.com\/web\/wp-content\/uploads\/2020\/03\/medalla-merit-esportiu.jpg 960w\" sizes=\"(max-width: 300px) 100vw, 300px\" \/><\/a><\/p>\n<p style=\"text-align: justify;\"><span style=\"color: #000000;\">El bisbalenc Albert Calvo, mestre de taekwondo del Club Ol\u00edmpic El Vendrell, ha estat guardonat per la Federaci\u00f3 Espanyola de Taekwondo amb la medalla de bronze al m\u00e8rit esportiu. Ha rebut el guard\u00f3 de mans del president de la Federaci\u00f3 Catalana de Taekwondo, Antonio Toledo.<\/span><\/p>\n<p style=\"text-align: justify;\"><span style=\"color: #000000;\">Des de l\u2019Ajuntament de la Bisbal del Pened\u00e8s li donem l\u2019enhorabona per aquest reconeixement. Moltes felicitats!<\/span><\/p>\n<hr \/>\n<p style=\"text-align: justify;\"><span style=\"color: #000000;\">El bisbalense Albert Calvo, maestro de taekwondo del Club Ol\u00edmpic El Vendrell, ha sido galardonado por la Federaci\u00f3n Espa\u00f1ola de Taekwondo con la medalla de bronce al m\u00e9rito deportivo. Ha recibido el galard\u00f3n de manos del presidente de la Federaci\u00f3n Catalana de Taekwondo, Antonio Toledo.<\/span><\/p>\n<p style=\"text-align: justify;\"><span style=\"color: #000000;\">Desde el Ayuntamiento de la Bisbal del Pened\u00e8s le damos la enhorabuena por este reconocimiento. \u00a1Muchas felicidades!<\/span><\/p>\n<p style=\"text-align: justify;\">\n","protected":false},"excerpt":{"rendered":"<p>El bisbalenc Albert Calvo, mestre de taekwondo del Club Ol\u00edmpic El Vendrell, ha estat guardonat per la Federaci\u00f3 Espanyola de Taekwondo amb la medalla de bronze al m\u00e8rit esportiu. Ha &hellip; <a href=\"https:\/\/bisbalpenedes.com\/web\/2020\/03\/10\/el-bisbalenc-albert-calvo-ha-rebut-la-medalla-de-bronze-al-merit-esportiu\/\" class=\"more-link\">Read More<\/a><\/p>\n","protected":false},"author":4,"featured_media":12123,"comment_status":"closed","ping_status":"closed","sticky":false,"template":"","format":"standard","meta":[],"categories":[2370,19],"tags":[1429,3544,3545,1428],"_links":{"self":[{"href":"https:\/\/bisbalpenedes.com\/web\/wp-json\/wp\/v2\/posts\/12121"}],"collection":[{"href":"https:\/\/bisbalpenedes.com\/web\/wp-json\/wp\/v2\/posts"}],"about":[{"href":"https:\/\/bisbalpenedes.com\/web\/wp-json\/wp\/v2\/types\/post"}],"author":[{"embeddable":true,"href":"https:\/\/bisbalpenedes.com\/web\/wp-json\/wp\/v2\/users\/4"}],"replies":[{"embeddable":true,"href":"https:\/\/bisbalpenedes.com\/web\/wp-json\/wp\/v2\/comments?post=12121"}],"version-history":[{"count":1,"href":"https:\/\/bisbalpenedes.com\/web\/wp-json\/wp\/v2\/posts\/12121\/revisions"}],"predecessor-version":[{"id":12124,"href":"https:\/\/bisbalpenedes.com\/web\/wp-json\/wp\/v2\/posts\/12121\/revisions\/12124"}],"wp:featuredmedia":[{"embeddable":true,"href":"https:\/\/bisbalpenedes.com\/web\/wp-json\/wp\/v2\/media\/12123"}],"wp:attachment":[{"href":"https:\/\/bisbalpenedes.com\/web\/wp-json\/wp\/v2\/media?parent=12121"}],"wp:term":[{"taxonomy":"category","embeddable":true,"href":"https:\/\/bisbalpenedes.com\/web\/wp-json\/wp\/v2\/categories?post=12121"},{"taxonomy":"post_tag","embeddable":true,"href":"https:\/\/bisbalpenedes.com\/web\/wp-json\/wp\/v2\/tags?post=12121"}],"curies":[{"name":"wp","href":"https:\/\/api.w.org\/{rel}","templated":true}]}}