{"id":12117,"date":"2020-03-09T13:17:01","date_gmt":"2020-03-09T12:17:01","guid":{"rendered":"http:\/\/bisbalpenedes.com\/web\/?p=12117"},"modified":"2020-03-30T13:52:39","modified_gmt":"2020-03-30T12:52:39","slug":"el-divendres-13-de-marc-el-raco-de-la-gent-gran-acollira-diversos-actes-en-el-marc-del-dia-de-les-dones","status":"publish","type":"post","link":"https:\/\/bisbalpenedes.com\/web\/2020\/03\/09\/el-divendres-13-de-marc-el-raco-de-la-gent-gran-acollira-diversos-actes-en-el-marc-del-dia-de-les-dones\/","title":{"rendered":"CANCEL\u00b7LAT -El divendres 13 de mar\u00e7 el Rac\u00f3 de la Gent Gran acollir\u00e0 diversos actes en el marc del Dia de les Dones"},"content":{"rendered":"<h1 style=\"text-align: justify;\"><span style=\"color: #ff0000;\"><strong>Aquest acte ha quedat cancel\u00b7lat com a mesura preventiva davant l&#8217;evoluci\u00f3 del Coronavirus <\/strong><\/span><\/h1>\n<hr \/>\n<h1 style=\"text-align: justify;\"><span style=\"color: #ff0000;\"><strong>Este acto ha quedado cancelado como medida preventiva ante la evoluci\u00f3n del Coronavirus<\/strong><\/span><\/h1>\n<p><a href=\"http:\/\/bisbalpenedes.com\/web\/wp-content\/uploads\/2020\/03\/CANCELLATS.jpg\"><img loading=\"lazy\" class=\"alignnone wp-image-12157 size-full\" src=\"http:\/\/bisbalpenedes.com\/web\/wp-content\/uploads\/2020\/03\/CANCELLATS.jpg\" alt=\"CANCELLATS\" width=\"960\" height=\"956\" srcset=\"https:\/\/bisbalpenedes.com\/web\/wp-content\/uploads\/2020\/03\/CANCELLATS.jpg 960w, https:\/\/bisbalpenedes.com\/web\/wp-content\/uploads\/2020\/03\/CANCELLATS-300x300.jpg 300w, https:\/\/bisbalpenedes.com\/web\/wp-content\/uploads\/2020\/03\/CANCELLATS-100x100.jpg 100w, https:\/\/bisbalpenedes.com\/web\/wp-content\/uploads\/2020\/03\/CANCELLATS-600x598.jpg 600w, https:\/\/bisbalpenedes.com\/web\/wp-content\/uploads\/2020\/03\/CANCELLATS-150x150.jpg 150w, https:\/\/bisbalpenedes.com\/web\/wp-content\/uploads\/2020\/03\/CANCELLATS-768x765.jpg 768w\" sizes=\"(max-width: 960px) 100vw, 960px\" \/><\/a><\/p>\n<p style=\"text-align: justify;\">\n","protected":false},"excerpt":{"rendered":"<p>Aquest acte ha quedat cancel\u00b7lat com a mesura preventiva davant l&#8217;evoluci\u00f3 del Coronavirus Este acto ha quedado cancelado como medida preventiva ante la evoluci\u00f3n del Coronavirus<\/p>\n","protected":false},"author":4,"featured_media":12157,"comment_status":"closed","ping_status":"closed","sticky":false,"template":"","format":"standard","meta":[],"categories":[975,3636,13,20,3088],"tags":[1624,950,3543,842,305,1376],"_links":{"self":[{"href":"https:\/\/bisbalpenedes.com\/web\/wp-json\/wp\/v2\/posts\/12117"}],"collection":[{"href":"https:\/\/bisbalpenedes.com\/web\/wp-json\/wp\/v2\/posts"}],"about":[{"href":"https:\/\/bisbalpenedes.com\/web\/wp-json\/wp\/v2\/types\/post"}],"author":[{"embeddable":true,"href":"https:\/\/bisbalpenedes.com\/web\/wp-json\/wp\/v2\/users\/4"}],"replies":[{"embeddable":true,"href":"https:\/\/bisbalpenedes.com\/web\/wp-json\/wp\/v2\/comments?post=12117"}],"version-history":[{"count":5,"href":"https:\/\/bisbalpenedes.com\/web\/wp-json\/wp\/v2\/posts\/12117\/revisions"}],"predecessor-version":[{"id":12158,"href":"https:\/\/bisbalpenedes.com\/web\/wp-json\/wp\/v2\/posts\/12117\/revisions\/12158"}],"wp:featuredmedia":[{"embeddable":true,"href":"https:\/\/bisbalpenedes.com\/web\/wp-json\/wp\/v2\/media\/12157"}],"wp:attachment":[{"href":"https:\/\/bisbalpenedes.com\/web\/wp-json\/wp\/v2\/media?parent=12117"}],"wp:term":[{"taxonomy":"category","embeddable":true,"href":"https:\/\/bisbalpenedes.com\/web\/wp-json\/wp\/v2\/categories?post=12117"},{"taxonomy":"post_tag","embeddable":true,"href":"https:\/\/bisbalpenedes.com\/web\/wp-json\/wp\/v2\/tags?post=12117"}],"curies":[{"name":"wp","href":"https:\/\/api.w.org\/{rel}","templated":true}]}}