{"id":12108,"date":"2020-03-08T20:26:37","date_gmt":"2020-03-08T19:26:37","guid":{"rendered":"http:\/\/bisbalpenedes.com\/web\/?p=12108"},"modified":"2020-03-08T20:33:08","modified_gmt":"2020-03-08T19:33:08","slug":"la-regidora-de-cultura-ha-assistit-a-lhomenatge-i-inauguracio-de-la-placa-lola-diaz-i-pijoan-de-santa-oliva","status":"publish","type":"post","link":"https:\/\/bisbalpenedes.com\/web\/2020\/03\/08\/la-regidora-de-cultura-ha-assistit-a-lhomenatge-i-inauguracio-de-la-placa-lola-diaz-i-pijoan-de-santa-oliva\/","title":{"rendered":"La regidora de Cultura ha assistit a l&#8217;homenatge i inauguraci\u00f3 de la pla\u00e7a Lola D\u00edaz i Pijoan de Santa Oliva"},"content":{"rendered":"<p class=\"p1\" style=\"text-align: justify;\"><span class=\"s1\"><a href=\"http:\/\/bisbalpenedes.com\/web\/wp-content\/uploads\/2020\/03\/F8138154-8083-40AC-8A7A-6FEDA8EE8131.jpeg\"><img loading=\"lazy\" class=\"aligncenter size-large wp-image-12114\" src=\"http:\/\/bisbalpenedes.com\/web\/wp-content\/uploads\/2020\/03\/F8138154-8083-40AC-8A7A-6FEDA8EE8131-1024x737.jpeg\" alt=\"F8138154-8083-40AC-8A7A-6FEDA8EE8131\" width=\"630\" height=\"453\" srcset=\"https:\/\/bisbalpenedes.com\/web\/wp-content\/uploads\/2020\/03\/F8138154-8083-40AC-8A7A-6FEDA8EE8131-1024x737.jpeg 1024w, https:\/\/bisbalpenedes.com\/web\/wp-content\/uploads\/2020\/03\/F8138154-8083-40AC-8A7A-6FEDA8EE8131-600x432.jpeg 600w, https:\/\/bisbalpenedes.com\/web\/wp-content\/uploads\/2020\/03\/F8138154-8083-40AC-8A7A-6FEDA8EE8131-300x216.jpeg 300w, https:\/\/bisbalpenedes.com\/web\/wp-content\/uploads\/2020\/03\/F8138154-8083-40AC-8A7A-6FEDA8EE8131-768x553.jpeg 768w, https:\/\/bisbalpenedes.com\/web\/wp-content\/uploads\/2020\/03\/F8138154-8083-40AC-8A7A-6FEDA8EE8131.jpeg 1536w\" sizes=\"(max-width: 630px) 100vw, 630px\" \/><\/a><br \/>\nLa regidora de Cultura, Judith Vidal, ha assistit avui diumenge 8 de mar\u00e7, Dia Internacional de les Dones, a l&#8217;homenatge i inauguraci\u00f3 de la pla\u00e7a Lola D\u00edaz i Pijoan de Santa Oliva.<\/span><\/p>\n<p class=\"p2\" style=\"text-align: justify;\"><span class=\"s2\">La Lola D\u00edaz Pijoan, alcaldessa d&#8217;Honor de Santa Oliva, va ser mestra i historiadora. Va lluitar per la igualtat d&#8217;homes i dones i per divulgar la cultura i patrimoni del municipi. <\/span><\/p>\n<p class=\"p2\" style=\"text-align: justify;\"><span class=\"s2\">D\u00edaz va lluitar per l&#8217;educaci\u00f3 i la llibertat de tots, independentment del g\u00e8nere, convertint-se en un referent del feminisme a la comarca durant el franquisme i a l&#8217;inici de la democr\u00e0cia.<\/span><\/p>\n<p class=\"p2\" style=\"text-align: justify;\"><span class=\"s2\">L&#8217;acte d&#8217;homenatge i inauguraci\u00f3 de la pla\u00e7a ha comptat amb les intervencions de l&#8217;alcalde de Santa Oliva, Josep Carreras, i la regidora de Cultura, M\u00f2nica Mayor. La placa amb el nom de la pla\u00e7a ha estat confeccionada per la ceramista local Roser Oter.<\/span><\/p>\n<p class=\"p2\" style=\"text-align: justify;\"><span class=\"s2\">La Lola D\u00edaz va morir el passat m\u00e9s d&#8217;octubre. La regidora Judith Vidal ha explicat que &#8220;va ser un referent del feminisme, la cultura i la investigaci\u00f3 local&#8221; i, a m\u00e9s, &#8220;era tamb\u00e9 coneguda i molt estimada a la Bisbal, on tenia una part de la seva fam\u00edlia&#8221;.<\/span><\/p>\n<p class=\"p2\" style=\"text-align: justify;\"><a href=\"http:\/\/bisbalpenedes.com\/web\/wp-content\/uploads\/2020\/03\/5308CFD3-D53D-4A01-97B2-8F770E1D301E.jpeg\"><img loading=\"lazy\" class=\"aligncenter size-large wp-image-12111\" src=\"http:\/\/bisbalpenedes.com\/web\/wp-content\/uploads\/2020\/03\/5308CFD3-D53D-4A01-97B2-8F770E1D301E-1024x768.jpeg\" alt=\"5308CFD3-D53D-4A01-97B2-8F770E1D301E\" width=\"630\" height=\"473\" srcset=\"https:\/\/bisbalpenedes.com\/web\/wp-content\/uploads\/2020\/03\/5308CFD3-D53D-4A01-97B2-8F770E1D301E-1024x768.jpeg 1024w, https:\/\/bisbalpenedes.com\/web\/wp-content\/uploads\/2020\/03\/5308CFD3-D53D-4A01-97B2-8F770E1D301E-600x450.jpeg 600w, https:\/\/bisbalpenedes.com\/web\/wp-content\/uploads\/2020\/03\/5308CFD3-D53D-4A01-97B2-8F770E1D301E-300x225.jpeg 300w, https:\/\/bisbalpenedes.com\/web\/wp-content\/uploads\/2020\/03\/5308CFD3-D53D-4A01-97B2-8F770E1D301E-768x576.jpeg 768w, https:\/\/bisbalpenedes.com\/web\/wp-content\/uploads\/2020\/03\/5308CFD3-D53D-4A01-97B2-8F770E1D301E.jpeg 2048w\" sizes=\"(max-width: 630px) 100vw, 630px\" \/><br \/>\n<\/a><a href=\"http:\/\/bisbalpenedes.com\/web\/wp-content\/uploads\/2020\/03\/AF722A17-38DC-4023-96AE-7D2377190855.jpeg\"><img loading=\"lazy\" class=\"aligncenter size-large wp-image-12112\" src=\"http:\/\/bisbalpenedes.com\/web\/wp-content\/uploads\/2020\/03\/AF722A17-38DC-4023-96AE-7D2377190855-768x1024.jpeg\" alt=\"AF722A17-38DC-4023-96AE-7D2377190855\" width=\"630\" height=\"840\" srcset=\"https:\/\/bisbalpenedes.com\/web\/wp-content\/uploads\/2020\/03\/AF722A17-38DC-4023-96AE-7D2377190855-768x1024.jpeg 768w, https:\/\/bisbalpenedes.com\/web\/wp-content\/uploads\/2020\/03\/AF722A17-38DC-4023-96AE-7D2377190855-600x800.jpeg 600w, https:\/\/bisbalpenedes.com\/web\/wp-content\/uploads\/2020\/03\/AF722A17-38DC-4023-96AE-7D2377190855-225x300.jpeg 225w, https:\/\/bisbalpenedes.com\/web\/wp-content\/uploads\/2020\/03\/AF722A17-38DC-4023-96AE-7D2377190855.jpeg 1536w\" sizes=\"(max-width: 630px) 100vw, 630px\" \/><\/a><\/p>\n<hr \/>\n<p class=\"p2\" style=\"text-align: justify;\"><span class=\"s2\"><strong>CASTELLANO<\/strong> | La regidora de Cultura, Judith Vidal, ha asistido hoy domingo 8 de marzo, D\u00eda Internacional de la Mujer, al homenaje e inauguraci\u00f3n de la plaza Lola D\u00edaz Pijoan de Santa Oliva.<\/span><\/p>\n<p class=\"p2\" style=\"text-align: justify;\"><span class=\"s2\">Lola D\u00edaz Pijoan, alcaldesa de Honor de Santa Oliva, fue maestra e historiadora. Luch\u00f3 por la igualdad de hombres y mujeres y para divulgar la cultura y patrimonio del municipio.<\/span><\/p>\n<p class=\"p2\" style=\"text-align: justify;\"><span class=\"s2\">D\u00edaz luch\u00f3 por la educaci\u00f3n y la libertad de todos, independientemente del g\u00e9nero, convirti\u00e9ndose en un referente del feminismo en la comarca durante el franquismo y el inicio de la democracia.<\/span><\/p>\n<p class=\"p2\" style=\"text-align: justify;\"><span class=\"s2\">El acto de homenaje e inauguraci\u00f3n de la plaza ha contado con las intervenciones del alcalde de Santa Oliva, Josep Carreras, y la regidora de Cultura, M\u00f2nica Mayor. La placa con el nombre ha sido confeccionada por la ceramista local Roser Oter.<\/span><\/p>\n<p class=\"p2\"><span class=\"s2\">Lola D\u00edaz muri\u00f3 el pasado mes de octubre. La regidora Judith Vidal ha explicado que &#8220;fue un referente del feminismo, la cultura y la investigaci\u00f3n local&#8221; y, adem\u00e1s, &#8220;era tambi\u00e9n conocida y muy querida en la Bisbal, donde ten\u00eda una parte de su familia&#8221;.<\/span><\/p>\n","protected":false},"excerpt":{"rendered":"<p>La regidora de Cultura, Judith Vidal, ha assistit avui diumenge 8 de mar\u00e7, Dia Internacional de les Dones, a l&#8217;homenatge i inauguraci\u00f3 de la pla\u00e7a Lola D\u00edaz i Pijoan de &hellip; <a href=\"https:\/\/bisbalpenedes.com\/web\/2020\/03\/08\/la-regidora-de-cultura-ha-assistit-a-lhomenatge-i-inauguracio-de-la-placa-lola-diaz-i-pijoan-de-santa-oliva\/\" class=\"more-link\">Read More<\/a><\/p>\n","protected":false},"author":4,"featured_media":12114,"comment_status":"closed","ping_status":"closed","sticky":false,"template":"","format":"standard","meta":[],"categories":[8],"tags":[3542,3540,3541,2142],"_links":{"self":[{"href":"https:\/\/bisbalpenedes.com\/web\/wp-json\/wp\/v2\/posts\/12108"}],"collection":[{"href":"https:\/\/bisbalpenedes.com\/web\/wp-json\/wp\/v2\/posts"}],"about":[{"href":"https:\/\/bisbalpenedes.com\/web\/wp-json\/wp\/v2\/types\/post"}],"author":[{"embeddable":true,"href":"https:\/\/bisbalpenedes.com\/web\/wp-json\/wp\/v2\/users\/4"}],"replies":[{"embeddable":true,"href":"https:\/\/bisbalpenedes.com\/web\/wp-json\/wp\/v2\/comments?post=12108"}],"version-history":[{"count":4,"href":"https:\/\/bisbalpenedes.com\/web\/wp-json\/wp\/v2\/posts\/12108\/revisions"}],"predecessor-version":[{"id":12116,"href":"https:\/\/bisbalpenedes.com\/web\/wp-json\/wp\/v2\/posts\/12108\/revisions\/12116"}],"wp:featuredmedia":[{"embeddable":true,"href":"https:\/\/bisbalpenedes.com\/web\/wp-json\/wp\/v2\/media\/12114"}],"wp:attachment":[{"href":"https:\/\/bisbalpenedes.com\/web\/wp-json\/wp\/v2\/media?parent=12108"}],"wp:term":[{"taxonomy":"category","embeddable":true,"href":"https:\/\/bisbalpenedes.com\/web\/wp-json\/wp\/v2\/categories?post=12108"},{"taxonomy":"post_tag","embeddable":true,"href":"https:\/\/bisbalpenedes.com\/web\/wp-json\/wp\/v2\/tags?post=12108"}],"curies":[{"name":"wp","href":"https:\/\/api.w.org\/{rel}","templated":true}]}}