{"id":12057,"date":"2020-03-02T13:43:15","date_gmt":"2020-03-02T12:43:15","guid":{"rendered":"http:\/\/bisbalpenedes.com\/web\/?p=12057"},"modified":"2020-03-02T13:47:37","modified_gmt":"2020-03-02T12:47:37","slug":"jornades-de-portes-obertes-i-preinscripcions-a-lescola-ull-de-vent","status":"publish","type":"post","link":"https:\/\/bisbalpenedes.com\/web\/2020\/03\/02\/jornades-de-portes-obertes-i-preinscripcions-a-lescola-ull-de-vent\/","title":{"rendered":"Jornades de portes obertes i preinscripcions a l&#8217;Escola Ull de Vent"},"content":{"rendered":"<p style=\"text-align: justify;\"><span style=\"color: #000000;\">La Regidoria d\u2019Ensenyament, a petici\u00f3 de l\u2019Escola Ull de Vent, us informa que del 23 de mar\u00e7 a l\u20191 d\u2019abril es podr\u00e0 realitzar la preinscripci\u00f3 per als ensenyaments obligatoris de l\u2019escola de la Bisbal.<\/span><\/p>\n<p style=\"text-align: justify;\"><span style=\"color: #000000;\">La preinscripci\u00f3 escolar \u00e9s el procediment en qu\u00e8 s\u2019assigna una pla\u00e7a a cadascun dels alumnes que s\u2019escolaritzen per primera vegada en un centre educatiu o que volen canviar de centre.<\/span><\/p>\n<p style=\"text-align: justify;\"><span style=\"color: #000000;\">Abans, durant la setmana del 17 al 20 de mar\u00e7, de 15:00h a 16:30h, es faran les Jornades de Portes Obertes perqu\u00e8 les fam\u00edlies que aix\u00ed ho vulguin puguin con\u00e8ixer el dia a dia de l\u2019escola, visitar-la i exposar les seves preguntes i els seus dubtes. Aquelles persones que no puguin assistir a les jornades de portes obertes, poden contactar amb l\u2019escola per intentar buscar una altra data o horari:<\/span><\/p>\n<p style=\"text-align: justify;\"><span style=\"color: #000000;\">Correu electr\u00f2nic:<\/span> <a href=\"mailto:e3000597@xtec.cat\">e3000597@xtec.cat<\/a><\/p>\n<p style=\"text-align: justify;\"><span style=\"color: #000000;\">Tel\u00e8fon: 977688352<\/span><\/p>\n<p style=\"text-align: justify;\"><span style=\"color: #000000;\">Web:<\/span> <a href=\"https:\/\/agora.xtec.cat\/ceipulldevent\/\">https:\/\/agora.xtec.cat\/ceipulldevent\/<\/a><\/p>\n<p style=\"text-align: justify;\"><span style=\"color: #000000;\">Perfil de Twitter:<\/span> <a href=\"http:\/\/www.twitter.com\/escolaulldevent\">www.twitter.com\/escolaulldevent<\/a><\/p>\n<hr \/>\n<p style=\"text-align: justify;\"><span style=\"color: #000000;\"><strong>CASTELLANO |<\/strong> La Concejal\u00eda de Educaci\u00f3n, a petici\u00f3n de la Escola Ull de Vent, os informa que del 23 de marzo al 1 de abril se podr\u00e1 realizar la preinscripci\u00f3n para las ense\u00f1anzas obligatorias de la escuela de la Bisbal.<\/span><\/p>\n<p style=\"text-align: justify;\"><span style=\"color: #000000;\">La preinscripci\u00f3n escolar es un procedimiento en el cual se asigna una plaza a cada uno de los alumnos que se escolarizan por primera vez en un centro educativo o que quieren cambiar de centro.<\/span><\/p>\n<p style=\"text-align: justify;\"><span style=\"color: #000000;\">Antes, durante la semana del 17 al 20 de marzo, de 15:00h a 16:30h, se har\u00e1n las Jornadas de Puertas abiertas para que las familias que as\u00ed lo deseen puedan conocer el d\u00eda a d\u00eda de la escuela, visitarla y exponer sus preguntas y sus dudas. Aquellas personas que no puedan asistir a las jornadas de puertas abiertas, pueden contactar con la escuela para intentar buscar otra fecha u horario:<\/span><\/p>\n<p style=\"text-align: justify;\"><span style=\"color: #000000;\">Correo electr\u00f3nico:<\/span> <a href=\"mailto:e3000597@xtec.cat\">e3000597@xtec.cat<\/a><\/p>\n<p style=\"text-align: justify;\"><span style=\"color: #000000;\">Tel\u00e9fono: 977688352<\/span><\/p>\n<p style=\"text-align: justify;\"><span style=\"color: #000000;\">Web:<\/span> <a href=\"https:\/\/agora.xtec.cat\/ceipulldevent\/\">https:\/\/agora.xtec.cat\/ceipulldevent\/<\/a><\/p>\n<p style=\"text-align: justify;\"><span style=\"color: #000000;\">Perfil de Twitter:<\/span> <a href=\"http:\/\/www.twitter.com\/escolaulldevent\">www.twitter.com\/escolaulldevent<\/a><\/p>\n<p style=\"text-align: justify;\"><a href=\"http:\/\/bisbalpenedes.com\/web\/wp-content\/uploads\/2020\/03\/TRIPTIC-PORTES-OBERTES-ESCOLA_page-0001.jpg\"><img loading=\"lazy\" class=\"alignnone size-large wp-image-12058\" src=\"http:\/\/bisbalpenedes.com\/web\/wp-content\/uploads\/2020\/03\/TRIPTIC-PORTES-OBERTES-ESCOLA_page-0001-1024x791.jpg\" alt=\"TRIPTIC PORTES OBERTES ESCOLA_page-0001\" width=\"630\" height=\"487\" srcset=\"https:\/\/bisbalpenedes.com\/web\/wp-content\/uploads\/2020\/03\/TRIPTIC-PORTES-OBERTES-ESCOLA_page-0001-1024x791.jpg 1024w, https:\/\/bisbalpenedes.com\/web\/wp-content\/uploads\/2020\/03\/TRIPTIC-PORTES-OBERTES-ESCOLA_page-0001-600x464.jpg 600w, https:\/\/bisbalpenedes.com\/web\/wp-content\/uploads\/2020\/03\/TRIPTIC-PORTES-OBERTES-ESCOLA_page-0001-300x232.jpg 300w, https:\/\/bisbalpenedes.com\/web\/wp-content\/uploads\/2020\/03\/TRIPTIC-PORTES-OBERTES-ESCOLA_page-0001-768x593.jpg 768w, https:\/\/bisbalpenedes.com\/web\/wp-content\/uploads\/2020\/03\/TRIPTIC-PORTES-OBERTES-ESCOLA_page-0001.jpg 1650w\" sizes=\"(max-width: 630px) 100vw, 630px\" \/><\/a> <a href=\"http:\/\/bisbalpenedes.com\/web\/wp-content\/uploads\/2020\/03\/TRIPTIC-PORTES-OBERTES-ESCOLA_page-0002.jpg\"><img loading=\"lazy\" class=\"alignnone wp-image-12059 size-large\" src=\"http:\/\/bisbalpenedes.com\/web\/wp-content\/uploads\/2020\/03\/TRIPTIC-PORTES-OBERTES-ESCOLA_page-0002-1024x791.jpg\" alt=\"TRIPTIC PORTES OBERTES ESCOLA_page-0002\" width=\"630\" height=\"487\" srcset=\"https:\/\/bisbalpenedes.com\/web\/wp-content\/uploads\/2020\/03\/TRIPTIC-PORTES-OBERTES-ESCOLA_page-0002-1024x791.jpg 1024w, https:\/\/bisbalpenedes.com\/web\/wp-content\/uploads\/2020\/03\/TRIPTIC-PORTES-OBERTES-ESCOLA_page-0002-600x464.jpg 600w, https:\/\/bisbalpenedes.com\/web\/wp-content\/uploads\/2020\/03\/TRIPTIC-PORTES-OBERTES-ESCOLA_page-0002-300x232.jpg 300w, https:\/\/bisbalpenedes.com\/web\/wp-content\/uploads\/2020\/03\/TRIPTIC-PORTES-OBERTES-ESCOLA_page-0002-768x593.jpg 768w, https:\/\/bisbalpenedes.com\/web\/wp-content\/uploads\/2020\/03\/TRIPTIC-PORTES-OBERTES-ESCOLA_page-0002.jpg 1650w\" sizes=\"(max-width: 630px) 100vw, 630px\" \/><\/a><\/p>\n<p>&nbsp;<\/p>\n","protected":false},"excerpt":{"rendered":"<p>La Regidoria d\u2019Ensenyament, a petici\u00f3 de l\u2019Escola Ull de Vent, us informa que del 23 de mar\u00e7 a l\u20191 d\u2019abril es podr\u00e0 realitzar la preinscripci\u00f3 per als ensenyaments obligatoris de &hellip; <a href=\"https:\/\/bisbalpenedes.com\/web\/2020\/03\/02\/jornades-de-portes-obertes-i-preinscripcions-a-lescola-ull-de-vent\/\" class=\"more-link\">Read More<\/a><\/p>\n","protected":false},"author":4,"featured_media":12059,"comment_status":"closed","ping_status":"closed","sticky":false,"template":"","format":"standard","meta":[],"categories":[2397],"tags":[337,1540,1413],"_links":{"self":[{"href":"https:\/\/bisbalpenedes.com\/web\/wp-json\/wp\/v2\/posts\/12057"}],"collection":[{"href":"https:\/\/bisbalpenedes.com\/web\/wp-json\/wp\/v2\/posts"}],"about":[{"href":"https:\/\/bisbalpenedes.com\/web\/wp-json\/wp\/v2\/types\/post"}],"author":[{"embeddable":true,"href":"https:\/\/bisbalpenedes.com\/web\/wp-json\/wp\/v2\/users\/4"}],"replies":[{"embeddable":true,"href":"https:\/\/bisbalpenedes.com\/web\/wp-json\/wp\/v2\/comments?post=12057"}],"version-history":[{"count":3,"href":"https:\/\/bisbalpenedes.com\/web\/wp-json\/wp\/v2\/posts\/12057\/revisions"}],"predecessor-version":[{"id":12062,"href":"https:\/\/bisbalpenedes.com\/web\/wp-json\/wp\/v2\/posts\/12057\/revisions\/12062"}],"wp:featuredmedia":[{"embeddable":true,"href":"https:\/\/bisbalpenedes.com\/web\/wp-json\/wp\/v2\/media\/12059"}],"wp:attachment":[{"href":"https:\/\/bisbalpenedes.com\/web\/wp-json\/wp\/v2\/media?parent=12057"}],"wp:term":[{"taxonomy":"category","embeddable":true,"href":"https:\/\/bisbalpenedes.com\/web\/wp-json\/wp\/v2\/categories?post=12057"},{"taxonomy":"post_tag","embeddable":true,"href":"https:\/\/bisbalpenedes.com\/web\/wp-json\/wp\/v2\/tags?post=12057"}],"curies":[{"name":"wp","href":"https:\/\/api.w.org\/{rel}","templated":true}]}}