{"id":12048,"date":"2020-02-28T10:54:45","date_gmt":"2020-02-28T09:54:45","guid":{"rendered":"http:\/\/bisbalpenedes.com\/web\/?p=12048"},"modified":"2020-02-28T10:58:20","modified_gmt":"2020-02-28T09:58:20","slug":"la-federacio-empresarial-del-gran-penedes-continua-apostant-pel-projecte-integrals","status":"publish","type":"post","link":"https:\/\/bisbalpenedes.com\/web\/2020\/02\/28\/la-federacio-empresarial-del-gran-penedes-continua-apostant-pel-projecte-integrals\/","title":{"rendered":"La Federaci\u00f3 Empresarial del Gran Pened\u00e8s continua apostant pel projecte Integra\u2019ls"},"content":{"rendered":"<p>&nbsp;<\/p>\n<figure id=\"attachment_12049\" aria-describedby=\"caption-attachment-12049\" style=\"width: 630px\" class=\"wp-caption aligncenter\"><a style=\"color: #000000;\" href=\"http:\/\/bisbalpenedes.com\/web\/wp-content\/uploads\/2020\/02\/REUNIO-FEGP-200225-1.jpg\"><img loading=\"lazy\" class=\"wp-image-12049 size-large\" src=\"http:\/\/bisbalpenedes.com\/web\/wp-content\/uploads\/2020\/02\/REUNIO-FEGP-200225-1-1024x683.jpg\" alt=\"REUNIO FEGP 200225 - 1\" width=\"630\" height=\"420\" srcset=\"https:\/\/bisbalpenedes.com\/web\/wp-content\/uploads\/2020\/02\/REUNIO-FEGP-200225-1-1024x683.jpg 1024w, https:\/\/bisbalpenedes.com\/web\/wp-content\/uploads\/2020\/02\/REUNIO-FEGP-200225-1-600x400.jpg 600w, https:\/\/bisbalpenedes.com\/web\/wp-content\/uploads\/2020\/02\/REUNIO-FEGP-200225-1-300x200.jpg 300w, https:\/\/bisbalpenedes.com\/web\/wp-content\/uploads\/2020\/02\/REUNIO-FEGP-200225-1-768x512.jpg 768w\" sizes=\"(max-width: 630px) 100vw, 630px\" \/><\/a><figcaption id=\"caption-attachment-12049\" class=\"wp-caption-text\">D&#8217;esquerra a dreta: Josep Gilabert, Cap de producci\u00f3 de la Fundaci\u00f3 Privada Santa Teresa; Pilar Joc\u00e9, directora de zona d&#8217;Adecco; Susana Mu\u00f1iz, directora de la delegaci\u00f3 del Vendrell d&#8217;Adecco; Arantzazu Longares, t\u00e8cnica d&#8217;Ocupaci\u00f3 de l&#8217;Ajuntament de la Bisbal del Pened\u00e8s; Agn\u00e8s Ferr\u00e9, alcaldessa de la Bisbal del Pened\u00e8s; Neus Lloveras, presidenta de la FEGP; Rosa Jorba, directora general de la FEGP; Jos\u00e9 Carlos Eiriz, director de la Fundaci\u00f3 Privada Santa Teresa.<\/figcaption><\/figure>\n<p style=\"text-align: justify;\"><span style=\"color: #000000;\">La seu vilanovina de la Federaci\u00f3 Empresarial del Gran Pened\u00e8s (FEGP) ha acollit, aquest dimarts 25 de febrer, una reuni\u00f3 entre les entitats impulsores del projecte de formaci\u00f3 i ocupaci\u00f3 laboral <em>Integra\u2019ls<\/em>. Durant la trobada, la FEGP ha refermat el seu comprom\u00eds amb el projecte.<\/span><\/p>\n<p style=\"text-align: justify;\"><span style=\"color: #000000;\">El passat mes d\u2019octubre, Neus Lloveras va ser designada com a nova presidenta de la FEGP i va constituir la nova junta de l\u2019entitat. Com que la Federaci\u00f3 \u00e9s una de les impulsores d\u2019<em>Integra\u2019ls<\/em>, aquest dimarts s\u2019ha celebrat una reuni\u00f3 entre les parts implicades en el projecte \u2013 FEGP, Fundaci\u00f3 Santa Teresa, Adecco i Ajuntament de la Bisbal del Pened\u00e8s \u2013 amb el prop\u00f2sit d\u2019aprofundir en el seu funcionament, avaluar l\u2019escenari actual i comen\u00e7ar a treballar en noves iniciatives de l\u2019\u00e0mbit de la formaci\u00f3 i de l\u2019ocupaci\u00f3 de persones en risc d\u2019exclusi\u00f3. Tant la nova presidenta de la FEGP, Neus Lloveras, com la directora general, Rosa Jorba, han coincidit en continuar apostant pel projecte, com s\u2019havia fet des de la tardor de 2018, per facilitar la formaci\u00f3 i l\u2019ocupaci\u00f3 de persones amb dificultats.<\/span><\/p>\n<p style=\"text-align: justify;\"><span style=\"color: #000000;\">El projecte <em>Integra\u2019ls<\/em> es va presentar la tardor de 2018 amb el prop\u00f2sit que els empresaris dels pol\u00edgons industrials de la Bisbal del Pened\u00e8s definissin llocs de treball perqu\u00e8 persones amb dificultats f\u00edsiques, intel\u00b7lectuals, mentals o socials fossin formades, de forma espec\u00edfica, perqu\u00e8 poguessin treballar als pol\u00edgons industrials del municipi. En un primer moment, el programa va ser impulsat des de la FEGP, la Fundaci\u00f3 Santa Teresa i l\u2019Ajuntament de la Bisbal del Pened\u00e8s i, recentment, s\u2019hi ha incorporat l\u2019empresa de treball temporal Adecco. A m\u00e9s, durant\u00a0 el primer any de vida, el projecte ha comptat amb la col\u00b7laboraci\u00f3 de la Cambra de Comer\u00e7 de Tarragona.<\/span><\/p>\n<p style=\"text-align: justify;\"><span style=\"color: #000000;\">Fins a l\u2019actualitat, el projecte<em> Integra\u2019ls<\/em> ha at\u00e8s 57\u00a0 persones, de les quals 17 han estat inserides de forma directa al mercat laboral. El 41,18% de les insercions han estat de persones derivades de serveis socials, el 29,41% de persones amb discapacitat i el 29,41% restant de persones provinents d\u2019altres serveis (Servei d\u2019Ocupaci\u00f3 de Catalunya, Just\u00edcia o el programa de Garantia Juvenil, entre altres).<\/span><\/p>\n<p style=\"text-align: justify;\"><span style=\"color: #000000;\">L\u2019alcaldessa de la Bisbal del Pened\u00e8s, Agn\u00e8s Ferr\u00e9, s\u2019ha mostrat molt satisfeta de poder continuar comptant amb la Federaci\u00f3 Empresarial del Gran Pened\u00e8s en el projecte, ja que \u201ces tracta d\u2019una entitat molt vinculada a les empreses del territori que ens pot aportar una visi\u00f3 especialitzada i molt de valor\u201d. Ferr\u00e9 ha explicat que els agents implicats en el projecte es tornaran a reunir, properament, per continuar engegant accions formatives i ocupacionals adre\u00e7ades als col\u00b7lectius i les persones que tenen m\u00e9s dificultats per trobar feina.<\/span><\/p>\n<hr \/>\n<p style=\"text-align: justify;\"><span style=\"color: #000000;\"><strong>CASTELLANO |<\/strong> La sede de Vilanova i la Geltr\u00fa de la Federaci\u00f3 Empresarial del Gran Pened\u00e8s (FEGP) ha acogido, este martes 25 de febrero, una reuni\u00f3n entre las entidades impulsoras del proyecto de formaci\u00f3n y ocupaci\u00f3n laboral <em>Integra\u2019ls<\/em>. Durante el encuentro, la FEGP ha afianzado su compromiso con el proyecto.<\/span><\/p>\n<p style=\"text-align: justify;\"><span style=\"color: #000000;\">El pasado mes de octubre, Neus Lloveras fue designada presidenta de la FEGP y constituy\u00f3 la nueva junta de la entidad. Teniendo en cuenta que la Federaci\u00f3 es una de las impulsoras de <em>Integra\u2019ls<\/em>, este martes se ha celebrado una reuni\u00f3n entre las partes implicadas en el proyecto -FEGP, Fundaci\u00f3 Santa Teresa, Adecco y Ayuntamiento de la Bisbal del Pened\u00e8s \u2013 Con el prop\u00f3sito de profundizar en su funcionamiento, evaluar el escenario actual y empezar a trabajar en nuevas iniciativas del \u00e1mbito de la formaci\u00f3n y de la ocupaci\u00f3n de personas en riesgo de exclusi\u00f3n. Tanto l a nueva presidenta de la FEGP, Neus Lloveras, como la directora general, Rosa Jorba, han coincidido en continuar apostando por el proyecto, como se ven\u00eda haciendo desde el oto\u00f1o de 2018, para facilitar la formaci\u00f3n y la ocupaci\u00f3n de personas con dificultades.<\/span><\/p>\n<p style=\"text-align: justify;\"><span style=\"color: #000000;\">El proyecto<em> Integra\u2019ls<\/em> se present\u00f3 en oto\u00f1o de 2018 con el prop\u00f3sito que los empresarios de los pol\u00edgonos industriales de la Bisbal del Pened\u00e8s definiesen puestos de trabajo para que personas con dificultades f\u00edsicas, intelectuales, mentales o sociales fuesen formadas, de forma espec\u00edfica, para que pudiesen trabajar en los pol\u00edgonos industriales del municipio. En un primer momento, el programa se impuls\u00f3 desde la FEGP, la Fundaci\u00f3 Santa Teresa y el Ayuntamiento de la Bisbal del Pened\u00e8s y, recientemente, se ha incorporado la empresa de trabajo temporal Adecco. Adem\u00e1s, durante el primer a\u00f1o de vida, el proyecto ha contado con la colaboraci\u00f3n de la C\u00e1mara de Comercio de Tarragona.<\/span><\/p>\n<p style=\"text-align: justify;\"><span style=\"color: #000000;\">Hasta la actualidad, el proyecto <em>Integra\u2019ls<\/em> ha atendido a 57 personas, de las cuales 17 han sido insertadas de forma directa en el mercado laboral. El 41,18% de las inserciones han sido de personas derivadas de servicios sociales, el 29,41% de personas con discapacidad y el 29,41% restante de personas provinientes de otros servicios (Servei d\u2019Ocupaci\u00f3 de Catalunya, Justicia o el programa de Garant\u00eda Juvenil, entre otros).<\/span><\/p>\n<p style=\"text-align: justify;\"><span style=\"color: #000000;\">La alcaldesa de la Bisbal del Pened\u00e8s, Agn\u00e8s Ferr\u00e9, se ha mostrado muy satisfecha de poder continuar contando con la Federaci\u00f3 Empresarial del Gran Pened\u00e8s en el proyecto, ya que \u201cse trata de una entidad muy vinculada a las empresas del territorio que nos puede aportar una visi\u00f3n especializada y mucho valor\u201d. Ferr\u00e9 ha explicado que los agentes implicados en el proyecto se volver\u00e1n a reunir, pr\u00f3ximamente, para continuar llevando a cabo acciones formativas y ocupacionales dirigidas a los colectivos y a las personas que tienen m\u00e1s dificultades para encontrar trabajo.<\/span><\/p>\n<p>&nbsp;<\/p>\n","protected":false},"excerpt":{"rendered":"<p>&nbsp; La seu vilanovina de la Federaci\u00f3 Empresarial del Gran Pened\u00e8s (FEGP) ha acollit, aquest dimarts 25 de febrer, una reuni\u00f3 entre les entitats impulsores del projecte de formaci\u00f3 i &hellip; <a href=\"https:\/\/bisbalpenedes.com\/web\/2020\/02\/28\/la-federacio-empresarial-del-gran-penedes-continua-apostant-pel-projecte-integrals\/\" class=\"more-link\">Read More<\/a><\/p>\n","protected":false},"author":4,"featured_media":12049,"comment_status":"closed","ping_status":"closed","sticky":false,"template":"","format":"standard","meta":[],"categories":[9],"tags":[3532,1327,1861,2616,10,2892,2623,3449],"_links":{"self":[{"href":"https:\/\/bisbalpenedes.com\/web\/wp-json\/wp\/v2\/posts\/12048"}],"collection":[{"href":"https:\/\/bisbalpenedes.com\/web\/wp-json\/wp\/v2\/posts"}],"about":[{"href":"https:\/\/bisbalpenedes.com\/web\/wp-json\/wp\/v2\/types\/post"}],"author":[{"embeddable":true,"href":"https:\/\/bisbalpenedes.com\/web\/wp-json\/wp\/v2\/users\/4"}],"replies":[{"embeddable":true,"href":"https:\/\/bisbalpenedes.com\/web\/wp-json\/wp\/v2\/comments?post=12048"}],"version-history":[{"count":4,"href":"https:\/\/bisbalpenedes.com\/web\/wp-json\/wp\/v2\/posts\/12048\/revisions"}],"predecessor-version":[{"id":12053,"href":"https:\/\/bisbalpenedes.com\/web\/wp-json\/wp\/v2\/posts\/12048\/revisions\/12053"}],"wp:featuredmedia":[{"embeddable":true,"href":"https:\/\/bisbalpenedes.com\/web\/wp-json\/wp\/v2\/media\/12049"}],"wp:attachment":[{"href":"https:\/\/bisbalpenedes.com\/web\/wp-json\/wp\/v2\/media?parent=12048"}],"wp:term":[{"taxonomy":"category","embeddable":true,"href":"https:\/\/bisbalpenedes.com\/web\/wp-json\/wp\/v2\/categories?post=12048"},{"taxonomy":"post_tag","embeddable":true,"href":"https:\/\/bisbalpenedes.com\/web\/wp-json\/wp\/v2\/tags?post=12048"}],"curies":[{"name":"wp","href":"https:\/\/api.w.org\/{rel}","templated":true}]}}