{"id":12043,"date":"2020-02-27T18:14:04","date_gmt":"2020-02-27T17:14:04","guid":{"rendered":"http:\/\/bisbalpenedes.com\/web\/?p=12043"},"modified":"2020-02-27T18:34:07","modified_gmt":"2020-02-27T17:34:07","slug":"saprova-el-pagament-de-la-quota-de-la-recollida-selectiva-porta-a-porta-de-lassociacio-de-municipis-catalans","status":"publish","type":"post","link":"https:\/\/bisbalpenedes.com\/web\/2020\/02\/27\/saprova-el-pagament-de-la-quota-de-la-recollida-selectiva-porta-a-porta-de-lassociacio-de-municipis-catalans\/","title":{"rendered":"S\u2019aprova el pagament de la quota de la Recollida Selectiva Porta a Porta de l\u2019Associaci\u00f3 de Municipis Catalans"},"content":{"rendered":"<p style=\"text-align: justify;\"><span style=\"color: #000000;\">La Junta de Govern local del 24 de febrer ha aprovat, a petici\u00f3 de la Regidoria de Gesti\u00f3 de Residus, el pagament de la quota 2020 per a la Recollida Selectiva Porta aPorta a l\u2019Associaci\u00f3 de Municipis Catalans. L\u2019import ascendeix a 229\u20ac.<\/span><\/p>\n<p style=\"text-align: justify;\"><span style=\"color: #000000;\">L\u2019Ajuntament de la Bisbal del Pened\u00e8s est\u00e0 adherit a l\u2019Associaci\u00f3 de Municipis Catalans per a la Recollida Selectiva Porta\u00a0a Porta des de l\u2019any 2014 amb la finalitat de comptar amb informaci\u00f3 actualitzada sobre serveis, experi\u00e8ncies, normatives i, en definitiva, tot all\u00f2 que envolta el model de recollida selectiva porta a porta, que en l\u2019actualitat \u00e9s el model de recollida que hi ha instaurat al nucli de la Bisbal del Pened\u00e8s.<\/span><\/p>\n<hr \/>\n<p style=\"text-align: justify;\"><span style=\"color: #000000;\"><strong>CASTELLANO |\u00a0<\/strong><\/span><span style=\"color: #000000;\">La Junta de Gobierno local del 24 de febrero ha aprobado, a petici\u00f3n de la Concejal\u00eda de Gesti\u00f3n de Residuos, el pago de la cuota 2020 para la Recogida Selectiva Puerta a Puerta a la Associaci\u00f3 de Municipis Catalans. El importe asciende a 229\u20ac.<\/span><\/p>\n<p style=\"text-align: justify;\"><span style=\"color: #000000;\">El Ayuntamiento de la Bisbal del Pened\u00e8s est\u00e1 adherido a la Associaci\u00f3 de Municipis Catalans per a la Recollida Selectiva Porta desde el a\u00f1o 2014 con la finalidad de contar con informaci\u00f3n actualizada sobre servicios, experiencias, normativas y, en definitiva, todo aquello que rodea el modelo de recogida selectiva puerta a puerta, que en la actualidad es el modelo de recogida que est\u00e1 instaurado en el n\u00facleo de la Bisbal del Pened\u00e8s.<\/span><\/p>\n","protected":false},"excerpt":{"rendered":"<p>La Junta de Govern local del 24 de febrer ha aprovat, a petici\u00f3 de la Regidoria de Gesti\u00f3 de Residus, el pagament de la quota 2020 per a la Recollida &hellip; <a href=\"https:\/\/bisbalpenedes.com\/web\/2020\/02\/27\/saprova-el-pagament-de-la-quota-de-la-recollida-selectiva-porta-a-porta-de-lassociacio-de-municipis-catalans\/\" class=\"more-link\">Read More<\/a><\/p>\n","protected":false},"author":4,"featured_media":12044,"comment_status":"closed","ping_status":"closed","sticky":false,"template":"","format":"standard","meta":[],"categories":[3215],"tags":[3531,1479,686,1730],"_links":{"self":[{"href":"https:\/\/bisbalpenedes.com\/web\/wp-json\/wp\/v2\/posts\/12043"}],"collection":[{"href":"https:\/\/bisbalpenedes.com\/web\/wp-json\/wp\/v2\/posts"}],"about":[{"href":"https:\/\/bisbalpenedes.com\/web\/wp-json\/wp\/v2\/types\/post"}],"author":[{"embeddable":true,"href":"https:\/\/bisbalpenedes.com\/web\/wp-json\/wp\/v2\/users\/4"}],"replies":[{"embeddable":true,"href":"https:\/\/bisbalpenedes.com\/web\/wp-json\/wp\/v2\/comments?post=12043"}],"version-history":[{"count":3,"href":"https:\/\/bisbalpenedes.com\/web\/wp-json\/wp\/v2\/posts\/12043\/revisions"}],"predecessor-version":[{"id":12047,"href":"https:\/\/bisbalpenedes.com\/web\/wp-json\/wp\/v2\/posts\/12043\/revisions\/12047"}],"wp:featuredmedia":[{"embeddable":true,"href":"https:\/\/bisbalpenedes.com\/web\/wp-json\/wp\/v2\/media\/12044"}],"wp:attachment":[{"href":"https:\/\/bisbalpenedes.com\/web\/wp-json\/wp\/v2\/media?parent=12043"}],"wp:term":[{"taxonomy":"category","embeddable":true,"href":"https:\/\/bisbalpenedes.com\/web\/wp-json\/wp\/v2\/categories?post=12043"},{"taxonomy":"post_tag","embeddable":true,"href":"https:\/\/bisbalpenedes.com\/web\/wp-json\/wp\/v2\/tags?post=12043"}],"curies":[{"name":"wp","href":"https:\/\/api.w.org\/{rel}","templated":true}]}}