{"id":12037,"date":"2020-02-27T17:29:47","date_gmt":"2020-02-27T16:29:47","guid":{"rendered":"http:\/\/bisbalpenedes.com\/web\/?p=12037"},"modified":"2020-02-27T17:54:29","modified_gmt":"2020-02-27T16:54:29","slug":"el-10-de-marc-tindra-lloc-la-1a-fira-de-locupacio-i-lemprenedoria-del-baix-penedes","status":"publish","type":"post","link":"https:\/\/bisbalpenedes.com\/web\/2020\/02\/27\/el-10-de-marc-tindra-lloc-la-1a-fira-de-locupacio-i-lemprenedoria-del-baix-penedes\/","title":{"rendered":"El 10 de mar\u00e7 tindr\u00e0 lloc la 1a Fira de l&#8217;Ocupaci\u00f3 i l&#8217;Emprenedoria del Baix Pened\u00e8s"},"content":{"rendered":"<p style=\"text-align: justify;\"><span style=\"color: #000000;\">L&#8217;Hotel Nuba de Coma-Ruga (El Vendrell) acollir\u00e0, el proper dimarts 10 de mar\u00e7, la 1a fira de l&#8217;Ocupaci\u00f3 i l&#8217;Emprenedoria, organitzada per la Xarxa d&#8217;Ocupaci\u00f3 del Baix Pened\u00e8s i la Cambra de Tarragona. La fira persegueix l&#8217;objectiu de connectar empreses i persones que es troben a la recerca de feina, donant l&#8217;oportunitat d&#8217;inscriure&#8217;s a diverses ofertes de feina en un mateix dia. Hi participaran m\u00e9s de 25 empreses i s&#8217;oferiran m\u00e9s de 400 ofertes de feina, a m\u00e9s de tallers i xerrades. Tamb\u00e9 s&#8217;hi oferir\u00e0 orientaci\u00f3 per a emprenedors\/es.<\/span><\/p>\n<p style=\"text-align: justify;\"><span style=\"color: #000000;\">Les inscripcions s&#8217;han de fer a<\/span> <a href=\"https:\/\/www.cambratgn.com\/jornades\/formacio\/173-fira-de-l-ocupacio-al-baix-penedes\" target=\"_blank\">https:\/\/www.cambratgn.com\/jornades\/formacio\/173-fira-de-l-ocupacio-al-baix-penedes<\/a><\/p>\n<hr \/>\n<p style=\"text-align: justify;\"><span style=\"color: #000000;\"><strong>CASTELLANO |<\/strong> El Hotel Nuba de Coma-Ruga (El Vendrell) acoger\u00e1, el pr\u00f3ximo martes 10 de marzo, la 1a feria de la Ocupaci\u00f3n y el Emprendimiento, organizada por la Xarxa d&#8217;Ocupaci\u00f3 del Baix Pened\u00e8s y la C\u00e1mara de Tarragona. La feria persigue el objetivo de conectar empresas y personas que se encuentran en una etapa de b\u00fasqueda de trabajo, dando la oportunidad de inscribirse a distintas ofertas de trabajo en un mismo d\u00eda. Participar\u00e1n m\u00e1s de 25 empresas y se ofrecer\u00e1n m\u00e1s de 400 ofertas de trabajo, adem\u00e1s de talleres y charlas. Tambi\u00e9n se ofrecer\u00e1 orientaci\u00f3n para emprendedores\/as.<\/span><\/p>\n<p style=\"text-align: justify;\"><span style=\"color: #000000;\">Las inscripciones se tienen que hacer en<\/span> <a href=\"https:\/\/www.cambratgn.com\/jornades\/formacio\/173-fira-de-l-ocupacio-al-baix-penedes\" target=\"_blank\">https:\/\/www.cambratgn.com\/jornades\/formacio\/173-fira-de-l-ocupacio-al-baix-penedes<\/a><\/p>\n<p style=\"text-align: center;\"><a href=\"http:\/\/bisbalpenedes.com\/web\/wp-content\/uploads\/2020\/02\/cartell-fira-ocupacio-Baix-Penedes_def.jpg\"><img loading=\"lazy\" class=\"alignnone size-large wp-image-12038\" src=\"http:\/\/bisbalpenedes.com\/web\/wp-content\/uploads\/2020\/02\/cartell-fira-ocupacio-Baix-Penedes_def-724x1024.jpg\" alt=\"cartell fira ocupacio Baix Penedes_def\" width=\"630\" height=\"891\" srcset=\"https:\/\/bisbalpenedes.com\/web\/wp-content\/uploads\/2020\/02\/cartell-fira-ocupacio-Baix-Penedes_def-724x1024.jpg 724w, https:\/\/bisbalpenedes.com\/web\/wp-content\/uploads\/2020\/02\/cartell-fira-ocupacio-Baix-Penedes_def-600x849.jpg 600w, https:\/\/bisbalpenedes.com\/web\/wp-content\/uploads\/2020\/02\/cartell-fira-ocupacio-Baix-Penedes_def-212x300.jpg 212w, https:\/\/bisbalpenedes.com\/web\/wp-content\/uploads\/2020\/02\/cartell-fira-ocupacio-Baix-Penedes_def-768x1086.jpg 768w, https:\/\/bisbalpenedes.com\/web\/wp-content\/uploads\/2020\/02\/cartell-fira-ocupacio-Baix-Penedes_def-scaled.jpg 1810w\" sizes=\"(max-width: 630px) 100vw, 630px\" \/><\/a><\/p>\n","protected":false},"excerpt":{"rendered":"<p>L&#8217;Hotel Nuba de Coma-Ruga (El Vendrell) acollir\u00e0, el proper dimarts 10 de mar\u00e7, la 1a fira de l&#8217;Ocupaci\u00f3 i l&#8217;Emprenedoria, organitzada per la Xarxa d&#8217;Ocupaci\u00f3 del Baix Pened\u00e8s i la &hellip; <a href=\"https:\/\/bisbalpenedes.com\/web\/2020\/02\/27\/el-10-de-marc-tindra-lloc-la-1a-fira-de-locupacio-i-lemprenedoria-del-baix-penedes\/\" class=\"more-link\">Read More<\/a><\/p>\n","protected":false},"author":4,"featured_media":12038,"comment_status":"closed","ping_status":"closed","sticky":false,"template":"","format":"standard","meta":[],"categories":[9],"tags":[459,1251,41,2890,3530,43,2878],"_links":{"self":[{"href":"https:\/\/bisbalpenedes.com\/web\/wp-json\/wp\/v2\/posts\/12037"}],"collection":[{"href":"https:\/\/bisbalpenedes.com\/web\/wp-json\/wp\/v2\/posts"}],"about":[{"href":"https:\/\/bisbalpenedes.com\/web\/wp-json\/wp\/v2\/types\/post"}],"author":[{"embeddable":true,"href":"https:\/\/bisbalpenedes.com\/web\/wp-json\/wp\/v2\/users\/4"}],"replies":[{"embeddable":true,"href":"https:\/\/bisbalpenedes.com\/web\/wp-json\/wp\/v2\/comments?post=12037"}],"version-history":[{"count":4,"href":"https:\/\/bisbalpenedes.com\/web\/wp-json\/wp\/v2\/posts\/12037\/revisions"}],"predecessor-version":[{"id":12042,"href":"https:\/\/bisbalpenedes.com\/web\/wp-json\/wp\/v2\/posts\/12037\/revisions\/12042"}],"wp:featuredmedia":[{"embeddable":true,"href":"https:\/\/bisbalpenedes.com\/web\/wp-json\/wp\/v2\/media\/12038"}],"wp:attachment":[{"href":"https:\/\/bisbalpenedes.com\/web\/wp-json\/wp\/v2\/media?parent=12037"}],"wp:term":[{"taxonomy":"category","embeddable":true,"href":"https:\/\/bisbalpenedes.com\/web\/wp-json\/wp\/v2\/categories?post=12037"},{"taxonomy":"post_tag","embeddable":true,"href":"https:\/\/bisbalpenedes.com\/web\/wp-json\/wp\/v2\/tags?post=12037"}],"curies":[{"name":"wp","href":"https:\/\/api.w.org\/{rel}","templated":true}]}}