{"id":12033,"date":"2020-02-27T14:16:32","date_gmt":"2020-02-27T13:16:32","guid":{"rendered":"http:\/\/bisbalpenedes.com\/web\/?p=12033"},"modified":"2020-02-27T14:21:54","modified_gmt":"2020-02-27T13:21:54","slug":"el-servei-de-bar-del-local-social-de-can-gordei-tornara-a-obrir-aquest-diumenge-1-de-marc","status":"publish","type":"post","link":"https:\/\/bisbalpenedes.com\/web\/2020\/02\/27\/el-servei-de-bar-del-local-social-de-can-gordei-tornara-a-obrir-aquest-diumenge-1-de-marc\/","title":{"rendered":"El servei de bar del local social de Can Gordei tornar\u00e0 a obrir aquest diumenge 1 de mar\u00e7"},"content":{"rendered":"<p style=\"text-align: justify;\"><span style=\"color: #000000;\">La Junta de govern ha aprovat l\u2019adjudicaci\u00f3 definitiva del servei de bar del local social de Can Gordei a la Sra. Susana Mora aquest dilluns i, l\u2019endem\u00e0 dimarts 25 de febrer, s\u2019ha signat el contracte per un termini de 2 anys amb possibilitat de pr\u00f2rroga de 2 anys m\u00e9s.<\/span><\/p>\n<p style=\"text-align: justify;\"><span style=\"color: #000000;\">El servei de bar obrir\u00e0 el diumenge 1 de mar\u00e7 i l\u2019horari ser\u00e0 el seg\u00fcent:<\/span><\/p>\n<ul style=\"text-align: justify;\">\n<li style=\"padding-left: 30px;\"><span style=\"color: #000000;\">Dilluns: tancat<\/span><\/li>\n<li style=\"padding-left: 30px;\"><span style=\"color: #000000;\">Dimarts, dimecres i dijous: de 9:00h a 21:00h<\/span><\/li>\n<li style=\"padding-left: 30px;\"><span style=\"color: #000000;\">Divendres, dissabte i diumenge: de 9:00h a 22:00h<\/span><\/li>\n<\/ul>\n<p style=\"text-align: justify;\"><span style=\"color: #000000;\">El passat mes de novembre es va aprovar inicialment, mitjan\u00e7ant Junta de govern, el procediment per a la concessi\u00f3 d\u2019\u00fas privatiu del b\u00e9 de domini p\u00fablic \u201clocal social de Can Gordei\u201d per destinar-lo a bar i a botiga. L\u2019inici d\u2019aquest procediment implicava sotmetre a informaci\u00f3 p\u00fablica (fins al 19 de desembre) el plec de prescripcions t\u00e8cniques que serveix de base per a la concessi\u00f3 i el plec de cl\u00e0usules administratives particulars. Com que no es van presentar al\u00b7legacions, passat el termini es va aprovar definitivament el plec de prescripcions t\u00e8cniques, donant un termini de 15 dies (del 31 de desembre de 2019 al 14 de gener de 2020) per presentar propostes als interessats, d\u2019acord amb les esmentades prescripcions t\u00e8cniques i administratives. Durant aquest termini, van presentar-se un total de quatre propostes que van ser puntuades per la mesa de contractaci\u00f3, el passat 15 de gener, segons el plec de cl\u00e0usules. El 10 de febrer es va adjudicar, provisionalment, a qui va obtenir m\u00e9s puntuaci\u00f3 i el 24 de febrer es va adjudicar, definitivament, el servei de bar del local social de Can Gordei a la Sra. Susana Mora amb un c\u00e0non mensual de 350\u20ac.<\/span><\/p>\n<p style=\"text-align: justify;\"><span style=\"color: #000000;\"><strong>\u00a0<\/strong><\/span><\/p>\n<hr \/>\n<p style=\"text-align: justify;\"><span style=\"color: #000000;\"><strong>CASTELLANO |\u00a0<\/strong>La Junta de gobierno ha aprobado la adjudicaci\u00f3n definitiva del servicio de bar del local social de Can Gordei a la Sra. Susana Mora este lunes y, al d\u00eda siguiente, martes 25 de febrero, se ha firmado el contrato por un plazo de 2 a\u00f1os con posibilidad de pr\u00f3rroga de 2 a\u00f1os m\u00e1s.<\/span><\/p>\n<p style=\"text-align: justify;\"><span style=\"color: #000000;\">El servicio de bar abrir\u00e1 el domingo 1 de marzo y el horario ser\u00e1 el siguiente:<\/span><\/p>\n<ul style=\"text-align: justify;\">\n<li><span style=\"color: #000000;\">\u00a0\u00a0\u00a0\u00a0\u00a0\u00a0\u00a0 Lunes: cerrado<\/span><\/li>\n<li><span style=\"color: #000000;\">\u00a0\u00a0\u00a0\u00a0\u00a0\u00a0\u00a0 Martes, mi\u00e9rcoles y jueves: de 9:00h a 21:00h<\/span><\/li>\n<li><span style=\"color: #000000;\">\u00a0\u00a0\u00a0\u00a0\u00a0\u00a0\u00a0 Viernes, s\u00e1bado y domingo: de 9:00h a 22:00h<\/span><\/li>\n<\/ul>\n<p style=\"text-align: justify;\"><span style=\"color: #000000;\">El pasado mes de noviembre se aprob\u00f3 inicialmente, mediante Junta de gobierno, el procedimiento para la concesi\u00f3n de uso privativo del bien de dominio p\u00fablico \u201clocal social de Can Gordei\u201d para destinarlo a bar y a tienda. El inicio de este procedimiento implicaba someter a informaci\u00f3n p\u00fablica (hasta el 19 de diciembre) el pliego de prescripciones t\u00e9cnicas que sirve de base para la concesi\u00f3n y el pliego de cl\u00e1usulas administrativas particulares. Como no se presentaron alegaciones, pasado el plazo se aprob\u00f3 definitivamente el pliego de prescripciones t\u00e9cnicas, dando un plazo de 15 d\u00edas (del 31 de diciembre de 2019 al 14 de enero de 2020) para presentar propuestas a los interesados, de acuerdo con las citadas prescripciones t\u00e9cnicas y administrativas. Durante este plazo, se presentaron un total de cuatro propuestas que fueron puntuadas por la mesa de contrataci\u00f3n, el pasado 15 de enero, seg\u00fan el pliego de cl\u00e1usulas. El 10 de febrero se adjudic\u00f3, provisionalmente, a qui\u00e9n obtuvo m\u00e1s puntuaci\u00f3n y el 24 de febrero se adjudic\u00f3, definitivamente, el servicio de bar del local social de Can Gordei a\u00a0 la Sra. Susana Mora con un c\u00e1non mensual de 350\u20ac.<\/span><\/p>\n<p>&nbsp;<\/p>\n<p>&nbsp;<\/p>\n<p>&nbsp;<\/p>\n","protected":false},"excerpt":{"rendered":"<p>La Junta de govern ha aprovat l\u2019adjudicaci\u00f3 definitiva del servei de bar del local social de Can Gordei a la Sra. Susana Mora aquest dilluns i, l\u2019endem\u00e0 dimarts 25 de &hellip; <a href=\"https:\/\/bisbalpenedes.com\/web\/2020\/02\/27\/el-servei-de-bar-del-local-social-de-can-gordei-tornara-a-obrir-aquest-diumenge-1-de-marc\/\" class=\"more-link\">Read More<\/a><\/p>\n","protected":false},"author":4,"featured_media":4841,"comment_status":"closed","ping_status":"closed","sticky":false,"template":"","format":"standard","meta":[],"categories":[2057],"tags":[2528,1358,3528,198,247,283],"_links":{"self":[{"href":"https:\/\/bisbalpenedes.com\/web\/wp-json\/wp\/v2\/posts\/12033"}],"collection":[{"href":"https:\/\/bisbalpenedes.com\/web\/wp-json\/wp\/v2\/posts"}],"about":[{"href":"https:\/\/bisbalpenedes.com\/web\/wp-json\/wp\/v2\/types\/post"}],"author":[{"embeddable":true,"href":"https:\/\/bisbalpenedes.com\/web\/wp-json\/wp\/v2\/users\/4"}],"replies":[{"embeddable":true,"href":"https:\/\/bisbalpenedes.com\/web\/wp-json\/wp\/v2\/comments?post=12033"}],"version-history":[{"count":1,"href":"https:\/\/bisbalpenedes.com\/web\/wp-json\/wp\/v2\/posts\/12033\/revisions"}],"predecessor-version":[{"id":12034,"href":"https:\/\/bisbalpenedes.com\/web\/wp-json\/wp\/v2\/posts\/12033\/revisions\/12034"}],"wp:featuredmedia":[{"embeddable":true,"href":"https:\/\/bisbalpenedes.com\/web\/wp-json\/wp\/v2\/media\/4841"}],"wp:attachment":[{"href":"https:\/\/bisbalpenedes.com\/web\/wp-json\/wp\/v2\/media?parent=12033"}],"wp:term":[{"taxonomy":"category","embeddable":true,"href":"https:\/\/bisbalpenedes.com\/web\/wp-json\/wp\/v2\/categories?post=12033"},{"taxonomy":"post_tag","embeddable":true,"href":"https:\/\/bisbalpenedes.com\/web\/wp-json\/wp\/v2\/tags?post=12033"}],"curies":[{"name":"wp","href":"https:\/\/api.w.org\/{rel}","templated":true}]}}