{"id":12031,"date":"2020-02-27T11:48:16","date_gmt":"2020-02-27T10:48:16","guid":{"rendered":"http:\/\/bisbalpenedes.com\/web\/?p=12031"},"modified":"2020-02-27T11:48:16","modified_gmt":"2020-02-27T10:48:16","slug":"la-junta-de-govern-del-24-de-febrer-de-2020-ha-aprovat-la-convocatoria-del-concurs-literari-de-sant-jordi-2020","status":"publish","type":"post","link":"https:\/\/bisbalpenedes.com\/web\/2020\/02\/27\/la-junta-de-govern-del-24-de-febrer-de-2020-ha-aprovat-la-convocatoria-del-concurs-literari-de-sant-jordi-2020\/","title":{"rendered":"La Junta de govern del 24 de febrer de 2020 ha aprovat la convocat\u00f2ria del concurs literari de Sant Jordi 2020"},"content":{"rendered":"<figure id=\"attachment_9392\" aria-describedby=\"caption-attachment-9392\" style=\"width: 630px\" class=\"wp-caption aligncenter\"><a href=\"http:\/\/bisbalpenedes.com\/web\/wp-content\/uploads\/2019\/04\/SANT-JORDI-2019-CONCURS-LITERARI-ADULTS.jpg\"><img loading=\"lazy\" class=\"wp-image-9392 size-large\" src=\"http:\/\/bisbalpenedes.com\/web\/wp-content\/uploads\/2019\/04\/SANT-JORDI-2019-CONCURS-LITERARI-ADULTS-1024x768.jpg\" alt=\"Imatge d'arxiu. Entrega de premis del Concurs Literari de l'any 2019.\" width=\"630\" height=\"473\" srcset=\"https:\/\/bisbalpenedes.com\/web\/wp-content\/uploads\/2019\/04\/SANT-JORDI-2019-CONCURS-LITERARI-ADULTS-1024x768.jpg 1024w, https:\/\/bisbalpenedes.com\/web\/wp-content\/uploads\/2019\/04\/SANT-JORDI-2019-CONCURS-LITERARI-ADULTS-600x450.jpg 600w, https:\/\/bisbalpenedes.com\/web\/wp-content\/uploads\/2019\/04\/SANT-JORDI-2019-CONCURS-LITERARI-ADULTS-300x225.jpg 300w, https:\/\/bisbalpenedes.com\/web\/wp-content\/uploads\/2019\/04\/SANT-JORDI-2019-CONCURS-LITERARI-ADULTS-768x576.jpg 768w\" sizes=\"(max-width: 630px) 100vw, 630px\" \/><\/a><figcaption id=\"caption-attachment-9392\" class=\"wp-caption-text\">Foto de l&#8217;entrega de premis del Concurs Literari de l&#8217;any 2019.<\/figcaption><\/figure>\n<p style=\"text-align: justify;\"><span style=\"color: #000000;\">La Junta de govern del 24 de febrer de 2020 ha aprovat la convocat\u00f2ria del concurs literari de Sant Jordi 2020. Una vegada es publiquin les bases al BOP, es podran presentar treballs fins al 9 d\u2019abril de 2020. Des de l\u2019Ajuntament anunciarem l\u2019inici del termini per presentar obres.<\/span><\/p>\n<p style=\"text-align: justify;\"><span style=\"color: #000000;\">L\u2019Ajuntament de la Bisbal del Pened\u00e8s organitza el concurs literari des de l\u2019any 2016. Aquest concurs se celebra cada 23 d\u2019abril, Diada de Sant Jordi, mitjan\u00e7ant un acte de lliurament de premis. L\u2019objectiu del concurs \u00e9s promoure la creaci\u00f3 liter\u00e0ria i celebrar la festivitat de Sant Jordi.<\/span><\/p>\n<p style=\"text-align: justify;\"><span style=\"color: #000000;\">El concurs compta amb dues modalitats: poesia i prosa<\/span><\/p>\n<p style=\"text-align: justify;\"><span style=\"color: #000000;\">El tema dels treballs \u00e9s lliure i es poden presentar tant en catal\u00e0 com en castell\u00e0. \u00a0<\/span><\/p>\n<p style=\"text-align: justify;\"><span style=\"color: #000000;\">Quant a l\u2019extensi\u00f3 de les obres, aquesta tindr\u00e0, com a m\u00e0xim, 100 versos en el cas de la modalitat de poesia i 6 folis DIN A-4 (a una cara) en el cas de la modalitat de prosa. En tot cas, les obres han de ser originals i in\u00e8dites.<\/span><\/p>\n<p style=\"text-align: justify;\"><span style=\"color: #000000;\"><u>Requisits per participar:<\/u><\/span><\/p>\n<p style=\"text-align: justify;\"><span style=\"color: #000000;\">El concurs est\u00e0 obert a qualsevol persona f\u00edsica major d\u2019edat. Els\/les menors de 18 anys hi poden participar amb l\u2019autoritzaci\u00f3 atorgada pel seu pare, mare o tutor legal.<\/span><\/p>\n<p style=\"text-align: justify;\"><span style=\"color: #000000;\">Cada participant pot presentar fins a dues propostes.<\/span><\/p>\n<p style=\"text-align: justify;\"><span style=\"color: #000000;\"><u>Lliurament dels premis:<\/u><\/span><\/p>\n<p style=\"text-align: justify;\"><span style=\"color: #000000;\">Seran lliurats en un acte p\u00fablic que tindr\u00e0 lloc el dia 23 d\u2019abril de 2020 al Centre Municipal de Cultura (CMC).<\/span><\/p>\n<p style=\"text-align: justify;\"><span style=\"color: #000000;\"><u>Quantia dels premis<\/u>:<\/span><\/p>\n<p style=\"padding-left: 30px; text-align: justify;\"><span style=\"color: #000000;\">&#8211; Primer premi: 200\u20ac, lot de llibres i diploma commemoratiu.<\/span><\/p>\n<p style=\"padding-left: 30px; text-align: justify;\"><span style=\"color: #000000;\">&#8211; Segon premi: 150\u20ac, lot de llibres i diploma commemoratiu.<\/span><\/p>\n<p style=\"padding-left: 30px; text-align: justify;\"><span style=\"color: #000000;\">&#8211; Tercer premi: 10\u20ac, lot de llibres i diploma commemoratiu.<\/span><\/p>\n<p style=\"padding-left: 30px; text-align: justify;\"><span style=\"color: #000000;\">&#8211; Premi especial sobre tem\u00e0tica bisbalenca: 200\u20ac i diploma commemoratiu.<\/span><\/p>\n<p style=\"padding-left: 30px; text-align: justify;\"><span style=\"color: #000000;\">&#8211; Menci\u00f3 especial del jurat: 100\u20ac i diploma commemoratiu.<\/span><\/p>\n<p style=\"text-align: justify;\"><span style=\"color: #000000;\">Els premis estan sotmesos a les retencions fiscals establertes. Per obtenir el premi, el guardonat haur\u00e0 d\u2019assistir a l\u2019acte de lliurament fixat per l\u2019Ajuntament.<\/span><\/p>\n<p style=\"text-align: justify;\"><span style=\"color: #000000;\"><u>Forma de presentaci\u00f3 de les sol\u00b7licituds i obres:<\/u><\/span><\/p>\n<p style=\"text-align: justify;\"><span style=\"color: #000000;\">Les obres s\u2019han de presentar per duplicat dins d\u2019un sobre identificat amb un pseud\u00f2nim, que ha de coincidir amb el pseud\u00f2nim de l\u2019obra. Dins d\u2019aquest, s\u2019ha d\u2019incloure un altre sobre amb la documentaci\u00f3 seg\u00fcent:<\/span><\/p>\n<p style=\"padding-left: 30px; text-align: justify;\"><span style=\"color: #000000;\">&#8211; Sol\u00b7licitud de participaci\u00f3 en el concurs segons el model normalitzat, on han de constar les dades identificatives del participant (nom i cognoms, n\u00famero de DNI, adre\u00e7a, tel\u00e8fon i correu electr\u00f2nic).<\/span><\/p>\n<p style=\"padding-left: 30px; text-align: justify;\"><span style=\"color: #000000;\">&#8211; Fotoc\u00f2pia del DNI.<\/span><\/p>\n<p style=\"padding-left: 30px; text-align: justify;\"><span style=\"color: #000000;\">&#8211; Declaraci\u00f3 responsable de no trobar-se en cap de les situacions de l\u2019article 13 de la \u00a0Llei 38\/2003, de 17 de novembre, general de subvencions.<\/span><\/p>\n<p style=\"padding-left: 30px; text-align: justify;\"><span style=\"color: #000000;\">&#8211; Autoritzaci\u00f3 d\u2019obtenci\u00f3 de dades perqu\u00e8 l\u2019Ajuntament de La Bisbal del Pened\u00e8s pugui comprovar que es troba al corrent de pagament de les seves obligacions tribut\u00e0ries i amb la Seguretat Social.<\/span><\/p>\n<p style=\"text-align: justify;\"><span style=\"color: #000000;\">S\u2019han de presentar al Registre d\u2019entrada de l\u2019Ajuntament o a trav\u00e9s de qualsevol dels mitjans assenyalats a l\u2019article 16.4 de la Llei 39\/2015, d\u20191 d\u2019octubre, del procediment administratiu com\u00fa de les administracions p\u00fabliques.<\/span><\/p>\n<p style=\"text-align: justify;\"><span style=\"color: #000000;\"><u>Termini de presentaci\u00f3 de les sol\u00b7licituds i obres:<\/u><\/span><\/p>\n<p style=\"text-align: justify;\"><span style=\"color: #000000;\">Des de la publicaci\u00f3 d\u2019aquesta convocat\u00f2ria al BOP i fins al dia 9 d\u2019abril de 2020.<\/span><\/p>\n<p style=\"text-align: justify;\"><span style=\"color: #000000;\"><u>\u00d2rgans competents per a la instrucci\u00f3 i resoluci\u00f3 del procediment<\/u><\/span><\/p>\n<p style=\"text-align: justify;\"><span style=\"color: #000000;\">L\u2019\u00f2rgan competent \u00e9s la Regidoria de Cultura.<\/span><\/p>\n<p style=\"text-align: justify;\"><span style=\"color: #000000;\">L\u2019\u00f2rgan responsable de la proposta de concessi\u00f3 \u00e9s un jurat format per persones relacionades amb el m\u00f3n de la cultura. La seva composici\u00f3 \u00e9s la seg\u00fcent:<\/span><\/p>\n<p style=\"padding-left: 30px; text-align: justify;\"><span style=\"color: #000000;\">&#8211; Representant de l\u2019escola Ull de Vent.<\/span><\/p>\n<p style=\"padding-left: 30px; text-align: justify;\"><span style=\"color: #000000;\">&#8211; Representant de l\u2019institut Coster de la Torre.<\/span><\/p>\n<p style=\"padding-left: 30px; text-align: justify;\"><span style=\"color: #000000;\">&#8211; Representant del col\u00b7lectiu joves bisbalencs.<\/span><\/p>\n<p style=\"padding-left: 30px; text-align: justify;\"><span style=\"color: #000000;\">&#8211; Representant de l\u2019\u00e0mbit de la cultura al Pened\u00e8s.<\/span><\/p>\n<p style=\"text-align: justify;\"><span style=\"color: #000000;\">El jurat estar\u00e0 facultat per declarar desert qualsevol dels premis i per resoldre qualsevol conting\u00e8ncia no prevista en aquestes bases o en la convocat\u00f2ria. El veredicte del jurat ser\u00e0 inapel\u00b7lable, sens perjudici dels recursos i accions que qualsevol participant o persona estimi adient en defensa del seu inter\u00e8s.<\/span><\/p>\n<p style=\"text-align: justify;\"><span style=\"color: #000000;\">L\u2019\u00f2rgan competent per resoldre la concessi\u00f3 d\u2019aquests premis \u00e9s la Junta de Govern Local.<\/span><\/p>\n<p style=\"text-align: justify;\"><span style=\"color: #000000;\"><u>Criteris de valoraci\u00f3 de les sol\u00b7licituds<\/u><\/span><\/p>\n<p style=\"text-align: justify;\"><span style=\"color: #000000;\">Els criteris d\u2019atorgament dels premis tenen en compte:<\/span><\/p>\n<p style=\"padding-left: 30px; text-align: justify;\"><span style=\"color: #000000;\">&#8211; L\u2019originalitat en la tem\u00e0tica<\/span><\/p>\n<p style=\"padding-left: 30px; text-align: justify;\"><span style=\"color: #000000;\">&#8211; L\u2019estructura del text<\/span><\/p>\n<p style=\"padding-left: 30px; text-align: justify;\"><span style=\"color: #000000;\">&#8211; La qualitat en la redacci\u00f3 de les obres<\/span><\/p>\n<p style=\"padding-left: 30px; text-align: justify;\"><span style=\"color: #000000;\">&#8211; La correcci\u00f3 ling\u00fc\u00edstica<\/span><\/p>\n<p style=\"text-align: justify;\"><span style=\"color: #000000;\">La ponderaci\u00f3 d\u2019aquests criteris ser\u00e0 de l\u20191 al 10 per a cadascun d\u2019ells, essent 40 la valoraci\u00f3 m\u00e0xima de cada treball.\u00a0\u00a0<\/span><\/p>\n<p style=\"text-align: justify;\"><span style=\"color: #000000;\"><u>Termini de resoluci\u00f3 i notificaci\u00f3<\/u><\/span><\/p>\n<p style=\"text-align: justify;\"><span style=\"color: #000000;\">S\u2019examinaran conjuntament, en un sol procediment, totes les obres presentades dins del termini establert, i es resoldr\u00e0 en un \u00fanic acte administratiu.<\/span><\/p>\n<p style=\"text-align: justify;\"><span style=\"color: #000000;\">El veredicte del jurat es far\u00e0 p\u00fablic el mateix dia del lliurament de premis.<\/span><\/p>\n<p style=\"text-align: justify;\"><span style=\"color: #000000;\">Un cop acordada la concessi\u00f3 dels premis, aquesta ser\u00e0 notificada als interessats en un termini m\u00e0xim de 10 dies des de la data d\u2019aprovaci\u00f3 de la resoluci\u00f3. \u00a0<\/span><\/p>\n<p style=\"text-align: justify;\"><span style=\"color: #000000;\"><u>Acceptaci\u00f3 dels premis<\/u><\/span><\/p>\n<p style=\"text-align: justify;\"><span style=\"color: #000000;\">Els\/les beneficiaris\/\u00e0ries, una vegada se\u2019ls hagi comunicat l\u2019acord de concessi\u00f3, han d\u2019acceptar el premi. Aquesta acceptaci\u00f3 s\u2019ha de fer de forma expressa en el termini d\u2019un mes a partir de la recepci\u00f3 de l\u2019indicat acord.<\/span><\/p>\n<p style=\"text-align: justify;\"><span style=\"color: #000000;\">El termini de presentaci\u00f3 d\u2019aquests documents ser\u00e0 d\u2019un mes a partir de la notificaci\u00f3 de l\u2019acord de concessi\u00f3. La no presentaci\u00f3 de la documentaci\u00f3 dins del termini establert s\u2019ent\u00e9n com una ren\u00fancia al premi.\u00a0<\/span><\/p>\n<p style=\"text-align: justify;\"><span style=\"color: #000000;\"><u>Propietat intel\u00b7lectual<\/u><\/span><\/p>\n<p style=\"text-align: justify;\"><span style=\"color: #000000;\">Les obres premiades passaran a ser propietat de l\u2019Ajuntament de La Bisbal del Pened\u00e8s, que n\u2019adquirir\u00e0 els drets de difusi\u00f3 a trav\u00e9s del butllet\u00ed municipal o la p\u00e0gina web, entre d\u2019altres.<\/span><\/p>\n<p style=\"text-align: justify;\"><span style=\"color: #000000;\">El concursant ser\u00e0 responsable de qualsevol reclamaci\u00f3 relativa a la propietat intel\u00b7lectual, industrial o comercial dels materials utilitzats i indemnitzar\u00e0 l\u2019Ajuntament de la Bisbal del Pened\u00e8s pels danys que es puguin derivar de la interposici\u00f3 de reclamacions.<\/span><\/p>\n<p style=\"text-align: justify;\"><span style=\"color: #000000;\"><u>Recollida de les obres no premiades<\/u><\/span><\/p>\n<p style=\"text-align: justify;\"><span style=\"color: #000000;\">Les obres no premiades podran ser recollides a l\u2019Ajuntament de La Bisbal del Pened\u00e8s fins al 30 de juny de 2020.<\/span><\/p>\n<hr \/>\n<p style=\"text-align: justify;\"><span style=\"color: #000000;\"><strong>CASTELLANO |<\/strong> La Junta de gobierno del 24 de febrero de 2020 ha aprobado la convocatoria del concurso literario de Sant Jordi 2020. Una vez se publiquen las bases en el BOP, se podr\u00e1n presentar trabajos hasta el 9 de abril de 2020. Desde el Ayuntamiento anunciaremos el inicio del plazo para presentar obras.<\/span><\/p>\n<p style=\"text-align: justify;\"><span style=\"color: #000000;\">El Ayuntamiento de la Bisbal del Pened\u00e8s organiza el concurso literario desde el a\u00f1o 2016. Este concurso se celebra cada 23 de abril, Diada de Sant Jordi, mediante un acto de entrega de premios. El objetivo del concurso es promover la creaci\u00f3n literaria y celebrar la festividad de Sant Jordi.<\/span><\/p>\n<p style=\"text-align: justify;\"><span style=\"color: #000000;\">El concurso cuenta con dos modalidades: poes\u00eda y prosa.<\/span><\/p>\n<p style=\"text-align: justify;\"><span style=\"color: #000000;\">El tema de los trabajos es libre y se pueden presentar tanto en catal\u00e1n como en castellano.<\/span><\/p>\n<p style=\"text-align: justify;\"><span style=\"color: #000000;\">En cuanto a la extensi\u00f3n de las obras, esta tendr\u00e1, como m\u00e1ximo, 100 versos en el caso de la modalidad de poes\u00eda y 6 folios DIN A-4 (a una cara) en el caso de la modalidad de prosa. En todo caso, las obras deben ser originales e in\u00e9ditas.<\/span><\/p>\n<p style=\"text-align: justify;\"><span style=\"color: #000000;\"><u>Requisitos para participar:<\/u><\/span><\/p>\n<p style=\"text-align: justify;\"><span style=\"color: #000000;\">El concurso est\u00e1 abierto a cualquier persona f\u00edsica mayor de edad. Los\/las menores de 18 a\u00f1os pueden participar con la autorizaci\u00f3n otorgada por su padre, madre o tutor legal.<br \/>\n<\/span><br \/>\n<span style=\"color: #000000;\"> Cada participante puede presentar hasta dos propuestas.<\/span><\/p>\n<p style=\"text-align: justify;\"><span style=\"color: #000000;\"><u>Entrega de premios:<\/u><\/span><\/p>\n<p style=\"text-align: justify;\"><span style=\"color: #000000;\">Ser\u00e1n entregados en un acto p\u00fablico que tendr\u00e1 lugar el d\u00eda 23 de abril del 2020 en el Centre Municipal de Cultura (CMC).<\/span><\/p>\n<p style=\"text-align: justify;\"><span style=\"text-decoration: underline;\"><span style=\"color: #000000; text-decoration: underline;\">Cuant\u00eda de los premios:<\/span><\/span><\/p>\n<p style=\"padding-left: 30px; text-align: justify;\"><span style=\"color: #000000;\">-Primer premio: 200\u20ac, lote de libros y diploma conmemorativo.<\/span><\/p>\n<p style=\"padding-left: 30px; text-align: justify;\"><span style=\"color: #000000;\">-Segundo premio: 150\u20ac, lote de libros y diploma conmemorativo.<\/span><\/p>\n<p style=\"padding-left: 30px; text-align: justify;\"><span style=\"color: #000000;\">-Tercer premio: 100\u20ac, lote de libros y diploma conmemorativo.<\/span><\/p>\n<p style=\"padding-left: 30px; text-align: justify;\"><span style=\"color: #000000;\">-Premio especial sobre tema bisbalense: 200\u20ac y diploma conmemorativo.<\/span><\/p>\n<p style=\"padding-left: 30px; text-align: justify;\"><span style=\"color: #000000;\">-Menci\u00f3n especial del jurado: 100\u20ac y diploma conmemorativo.<\/span><\/p>\n<p style=\"text-align: justify;\"><span style=\"color: #000000;\">Los premios estar\u00e1n sometidos a las retenciones fiscales establecidas. Para obtener el premio, el galardonado deber\u00e1 asistir al acto de entrega fijado por el Ayuntamiento.<\/span><\/p>\n<p style=\"text-align: justify;\"><span style=\"color: #000000;\"><u>Forma de presentaci\u00f3n de las solicitudes y obras:<\/u><\/span><\/p>\n<p style=\"text-align: justify;\"><span style=\"color: #000000;\">Las obras se deben presentar por duplicado dentro de un sobre identificado con un pseud\u00f3nimo, que debe coincidir con el pseud\u00f3nimo de la obra. Dentro del mismo, se debe incluir otro sobre con la documentaci\u00f3n siguiente:<\/span><\/p>\n<p style=\"padding-left: 30px; text-align: justify;\"><span style=\"color: #000000;\">-Solicitud de participaci\u00f3n en el concurso seg\u00fan el modelo normalizado, donde deben constar los datos identificativos del participante (nombre y apellidos, n\u00famero de DNI, direcci\u00f3n, tel\u00e9fono y correo electr\u00f3nico).<\/span><\/p>\n<p style=\"padding-left: 30px; text-align: justify;\"><span style=\"color: #000000;\">-Fotocopia del DNI.<\/span><\/p>\n<p style=\"padding-left: 30px; text-align: justify;\"><span style=\"color: #000000;\">-Declaraci\u00f3n responsable de no encontrarse en ninguna de las situaciones del art\u00edculo 13 de la Ley 38\/2003, de 17 de noviembre, general de subvenciones.<\/span><\/p>\n<p style=\"padding-left: 30px; text-align: justify;\"><span style=\"color: #000000;\">-Autorizaci\u00f3n de obtenci\u00f3n de datos para que el Ayuntamiento de la Bisbal del Pened\u00e8s pueda comprobar que se encuentra al corriente de pago de sus obligaciones tributarias y con la Seguridad Social.<\/span><\/p>\n<p style=\"text-align: justify;\"><span style=\"color: #000000;\">Se deben presentar en el Registro de entrada del Ayuntamiento o a trav\u00e9s de cualquiera de los medios se\u00f1alados en el art\u00edculo 16.4 de la Ley 39\/2015, de 1 de octubre, del procedimiento administrativo com\u00fan de las administraciones p\u00fablicas.<\/span><\/p>\n<p style=\"text-align: justify;\"><span style=\"color: #000000;\"><u>Plazo de presentaci\u00f3n de solicitudes y obras:<\/u><\/span><\/p>\n<p style=\"text-align: justify;\"><span style=\"color: #000000;\">Desde la publicaci\u00f3n de esta convocatoria en el BOT y hasta el d\u00eda 9 de abril de 2020<\/span><\/p>\n<p style=\"text-align: justify;\"><span style=\"color: #000000;\"><u>\u00d3rganos competentes para la instrucci\u00f3n y resoluci\u00f3n del procedimiento<\/u><\/span><\/p>\n<p style=\"text-align: justify;\"><span style=\"color: #000000;\">El \u00f3rgano responsable de la propuesta de concesi\u00f3n es un jurado formado por personas relacionadas con el mundo de la cultura. Su composici\u00f3n es la siguiente:<\/span><\/p>\n<p style=\"padding-left: 30px; text-align: justify;\"><span style=\"color: #000000;\">-Representante de la Escuela Ull de Vent<\/span><\/p>\n<p style=\"padding-left: 30px; text-align: justify;\"><span style=\"color: #000000;\">-Representante del Instituto Coster de la Torre<\/span><\/p>\n<p style=\"padding-left: 30px; text-align: justify;\"><span style=\"color: #000000;\">-Representante del colectivo de j\u00f3venes bisbalenses<\/span><\/p>\n<p style=\"padding-left: 30px; text-align: justify;\"><span style=\"color: #000000;\">-Representante del \u00e1mbito de la cultura en el Pened\u00e8s<\/span><\/p>\n<p style=\"text-align: justify;\"><span style=\"color: #000000;\">El jurado estar\u00e1 facultado para declarar desierto cualquiera de los premios y para resolver cualquier contingencia no prevista en estas bases o en la convocatoria. El veredicto del jurado ser\u00e1 inapelable, si perjuicio de los recursos y acciones que cualquier participante o persona crea adecuado en defensa de su inter\u00e9s.<\/span><\/p>\n<p style=\"text-align: justify;\"><span style=\"color: #000000;\">El \u00f3rgano competente para resolver la concesi\u00f3n de estos premios es la Junta de Gobierno Local.<\/span><\/p>\n<p style=\"text-align: justify;\"><span style=\"color: #000000;\"><u>Criterios de valoraci\u00f3n de las solicitudes<\/u><\/span><\/p>\n<p style=\"text-align: justify;\"><span style=\"color: #000000;\">Los criterios de otorgamiento de los premios tienen en cuenta:<\/span><\/p>\n<p style=\"padding-left: 30px; text-align: justify;\"><span style=\"color: #000000;\">-La originalidad de la tem\u00e1tica<\/span><\/p>\n<p style=\"padding-left: 30px; text-align: justify;\"><span style=\"color: #000000;\">-La estructura del texto<\/span><\/p>\n<p style=\"padding-left: 30px; text-align: justify;\"><span style=\"color: #000000;\">-La calidad en la redacci\u00f3n de las obras<\/span><\/p>\n<p style=\"padding-left: 30px; text-align: justify;\"><span style=\"color: #000000;\">-La correcci\u00f3n ling\u00fc\u00edstica<\/span><\/p>\n<p style=\"text-align: justify;\"><span style=\"color: #000000;\">La ponderaci\u00f3n de estos criterios ser\u00e1 del 1 al 10 para cada uno de ellos, siendo 40 la valoraci\u00f3n m\u00e1xima de cada trabajo.<\/span><\/p>\n<p style=\"text-align: justify;\"><span style=\"color: #000000;\"><u>Plazo de resoluci\u00f3n y notificaci\u00f3n<\/u><\/span><\/p>\n<p style=\"text-align: justify;\"><span style=\"color: #000000;\">Se examinar\u00e1n conjuntamente, en un solo procedimiento, todas las obras presentadas dentro del plazo establecido, y se resolver\u00e1 en un \u00fanico acto administrativo.<\/span><\/p>\n<p style=\"text-align: justify;\"><span style=\"color: #000000;\">El veredicto del jurado se har\u00e1 p\u00fablico el mismo d\u00eda de la entrega de premios.<\/span><\/p>\n<p style=\"text-align: justify;\"><span style=\"color: #000000;\">Una vez acordada la concesi\u00f3n de los premios, esta ser\u00e1 notificada a los interesados en un plazo m\u00e1ximo de 10 d\u00edas desde la fecha de aprobaci\u00f3n de la resoluci\u00f3n.<\/span><\/p>\n<p style=\"text-align: justify;\"><span style=\"color: #000000;\"><u>Aceptaci\u00f3n de los premios<\/u><\/span><\/p>\n<p style=\"text-align: justify;\"><span style=\"color: #000000;\">Los\/las beneficiarios\/as, una vez se les haya comunicado el acuerdo de concesi\u00f3n, deben aceptar el premio. Esta aceptaci\u00f3n se debe hacer de forma expresa en el plazo de un mes a partir de la recepci\u00f3n del acuerdo indicado.<\/span><\/p>\n<p style=\"text-align: justify;\"><span style=\"color: #000000;\">El plazo de presentaci\u00f3n de estos documentos ser\u00e1 de un mes a partir de la notificaci\u00f3n del acuerdo de concesi\u00f3n. La no presentaci\u00f3n de la documentaci\u00f3n dentro del plazo establecido se entiende como una renuncia al premio.<\/span><\/p>\n<p style=\"text-align: justify;\"><span style=\"color: #000000;\"><u>Propiedad intelectual<\/u><\/span><\/p>\n<p style=\"text-align: justify;\"><span style=\"color: #000000;\">Las obras premiadas pasar\u00e1n a ser propiedad del Ayuntamiento de la Bisbal del Pened\u00e8s, que adquirir\u00e1 los derechos de difusi\u00f3n a trav\u00e9s del bolet\u00edn municipal o la p\u00e1gina web, entre otros.<\/span><\/p>\n<p style=\"text-align: justify;\"><span style=\"color: #000000;\">El concursante ser\u00e1 responsable de cualquier reclamaci\u00f3n relativa a la propiedad intelectual, industrial o comercial de los materiales utilizados e indemnizar\u00e1 al Ayuntamiento de la Bisbal del Pened\u00e8s por los da\u00f1os que se puedan derivar de la interposici\u00f3n de reclamaciones.<\/span><\/p>\n<p style=\"text-align: justify;\"><span style=\"color: #000000;\"><u>Recogida de las obras no premiadas<\/u><\/span><\/p>\n<p style=\"text-align: justify;\"><span style=\"color: #000000;\">Las obras no premiadas se podr\u00e1n recoger en el Ayuntamiento de la Bisbal del Pened\u00e8s hasta el 30 de junio de 2020.<\/span><\/p>\n<p>&nbsp;<\/p>\n","protected":false},"excerpt":{"rendered":"<p>La Junta de govern del 24 de febrer de 2020 ha aprovat la convocat\u00f2ria del concurs literari de Sant Jordi 2020. Una vegada es publiquin les bases al BOP, es &hellip; <a href=\"https:\/\/bisbalpenedes.com\/web\/2020\/02\/27\/la-junta-de-govern-del-24-de-febrer-de-2020-ha-aprovat-la-convocatoria-del-concurs-literari-de-sant-jordi-2020\/\" class=\"more-link\">Read More<\/a><\/p>\n","protected":false},"author":4,"featured_media":9392,"comment_status":"closed","ping_status":"closed","sticky":false,"template":"","format":"standard","meta":[],"categories":[13],"tags":[1633,342,341,64],"_links":{"self":[{"href":"https:\/\/bisbalpenedes.com\/web\/wp-json\/wp\/v2\/posts\/12031"}],"collection":[{"href":"https:\/\/bisbalpenedes.com\/web\/wp-json\/wp\/v2\/posts"}],"about":[{"href":"https:\/\/bisbalpenedes.com\/web\/wp-json\/wp\/v2\/types\/post"}],"author":[{"embeddable":true,"href":"https:\/\/bisbalpenedes.com\/web\/wp-json\/wp\/v2\/users\/4"}],"replies":[{"embeddable":true,"href":"https:\/\/bisbalpenedes.com\/web\/wp-json\/wp\/v2\/comments?post=12031"}],"version-history":[{"count":1,"href":"https:\/\/bisbalpenedes.com\/web\/wp-json\/wp\/v2\/posts\/12031\/revisions"}],"predecessor-version":[{"id":12032,"href":"https:\/\/bisbalpenedes.com\/web\/wp-json\/wp\/v2\/posts\/12031\/revisions\/12032"}],"wp:featuredmedia":[{"embeddable":true,"href":"https:\/\/bisbalpenedes.com\/web\/wp-json\/wp\/v2\/media\/9392"}],"wp:attachment":[{"href":"https:\/\/bisbalpenedes.com\/web\/wp-json\/wp\/v2\/media?parent=12031"}],"wp:term":[{"taxonomy":"category","embeddable":true,"href":"https:\/\/bisbalpenedes.com\/web\/wp-json\/wp\/v2\/categories?post=12031"},{"taxonomy":"post_tag","embeddable":true,"href":"https:\/\/bisbalpenedes.com\/web\/wp-json\/wp\/v2\/tags?post=12031"}],"curies":[{"name":"wp","href":"https:\/\/api.w.org\/{rel}","templated":true}]}}