{"id":12023,"date":"2020-02-26T11:28:22","date_gmt":"2020-02-26T10:28:22","guid":{"rendered":"http:\/\/bisbalpenedes.com\/web\/?p=12023"},"modified":"2020-02-26T11:28:22","modified_gmt":"2020-02-26T10:28:22","slug":"la-bisbal-del-penedes-ha-acollit-una-reunio-entre-la-cambra-de-comerc-i-diversos-municipis-petits-del-baix-penedes","status":"publish","type":"post","link":"https:\/\/bisbalpenedes.com\/web\/2020\/02\/26\/la-bisbal-del-penedes-ha-acollit-una-reunio-entre-la-cambra-de-comerc-i-diversos-municipis-petits-del-baix-penedes\/","title":{"rendered":"La Bisbal del Pened\u00e8s ha acollit una reuni\u00f3 entre la Cambra de Comer\u00e7 i diversos municipis petits del Baix Pened\u00e8s"},"content":{"rendered":"<p style=\"text-align: center;\"><a href=\"http:\/\/bisbalpenedes.com\/web\/wp-content\/uploads\/2020\/02\/REUNIO-CAMBRA-200224-1.jpg\"><img loading=\"lazy\" class=\"alignnone size-large wp-image-12024\" src=\"http:\/\/bisbalpenedes.com\/web\/wp-content\/uploads\/2020\/02\/REUNIO-CAMBRA-200224-1-1024x768.jpg\" alt=\"REUNIO CAMBRA 200224-1\" width=\"630\" height=\"473\" srcset=\"https:\/\/bisbalpenedes.com\/web\/wp-content\/uploads\/2020\/02\/REUNIO-CAMBRA-200224-1-1024x768.jpg 1024w, https:\/\/bisbalpenedes.com\/web\/wp-content\/uploads\/2020\/02\/REUNIO-CAMBRA-200224-1-600x450.jpg 600w, https:\/\/bisbalpenedes.com\/web\/wp-content\/uploads\/2020\/02\/REUNIO-CAMBRA-200224-1-300x225.jpg 300w, https:\/\/bisbalpenedes.com\/web\/wp-content\/uploads\/2020\/02\/REUNIO-CAMBRA-200224-1-768x576.jpg 768w\" sizes=\"(max-width: 630px) 100vw, 630px\" \/><\/a><\/p>\n<p style=\"text-align: justify;\"><span style=\"color: #000000;\">La Biblioteca P\u00fablica del Centre Municipal de Cultura (CMC) de la Bisbal del Pened\u00e8s ha acollit, aquest dilluns 24 de febrer, una reuni\u00f3 entre la Cambra de Comer\u00e7 i diversos alcaldes i regidors de municipis petits de la comarca del Baix Pened\u00e8s. L\u2019objectiu de la trobada era que la Cambra pogu\u00e9s donar a con\u00e8ixer les formes amb qu\u00e8 pot col\u00b7laborar amb els municipis de la comarca en \u00e0rees com la comercial, l\u2019empresarial, la de promoci\u00f3 econ\u00f2mica o la de l\u2019ocupaci\u00f3.<\/span><\/p>\n<p style=\"text-align: justify;\"><span style=\"color: #000000;\">La Cambra de Comer\u00e7 est\u00e0 considerant obrir nous lligams al territori i, per aquest motiu, ha organitzat una trobada en qu\u00e8 ha convocat alcaldes i regidors de petits municipis baixpenedesencs. Durant la reuni\u00f3 s\u2019han comentat les dades econ\u00f2miques de la comarca i dels municipis participants i s\u2019han explicat les sinergies que es podrien crear entre municipis aix\u00ed com les possibles col\u00b7laboracions que es podrien establir entre la Cambra de Comer\u00e7 i els municipis de la comarca amb l\u2019objectiu de millorar la realitat econ\u00f2mica del Baix Pened\u00e8s i els seus municipis, reduir la taxa d\u2019atur i promoure i millorar els comer\u00e7os i les empreses de la zona.<\/span><\/p>\n<p style=\"text-align: justify;\"><span style=\"color: #000000;\"><strong>L\u2019Ajuntament de la Bisbal del Pened\u00e8s fa dos anys que va comen\u00e7ar a treballar amb la Cambra de Comer\u00e7 de Tarragona<\/strong><\/span><\/p>\n<p style=\"text-align: justify;\"><span style=\"color: #000000;\">L\u2019Ajuntament de la Bisbal del Pened\u00e8s va iniciar projectes conjunts amb la Cambra de Comer\u00e7 de Tarragona l\u2019any 2018, un fet que ha portat a engegar diverses activitats formatives al municipi, especialment aquelles adre\u00e7ades a col\u00b7lectius de persones aturades, en risc d\u2019exclusi\u00f3 o aquelles contemplades en el marc del programa Integra\u2019ls. A m\u00e9s, la Cambra de Comer\u00e7 ha participat en la <em>Setmana de l\u2019Empresa i l\u2019Ocupaci\u00f3<\/em> en les dues edicions que s\u2019han fet fins a la data i, en el marc d\u2019aquest esdeveniment, ha organitzat la <em>Fira d\u2019Ocupaci\u00f3 de la Bisbal del Pened\u00e8s<\/em>. Per tot plegat, l\u2019alcaldessa de la Bisbal del Pened\u00e8s, Agn\u00e8s Ferr\u00e9, ha explicat que \u201caquesta col\u00b7laboraci\u00f3 ha estat molt interessant i fruct\u00edfera des d\u2019un primer moment i ens ha ajudat a treballar amb els col\u00b7lectius m\u00e9s desafavorits del municipi. Des de la Cambra ens aporten sempre molt de valor, personal qualificat, experi\u00e8ncia i propostes de valor, com ara la <em>Fira d\u2019Ocupaci\u00f3 de la Bisbal<\/em>, que aconsegueix unir persones que cerquen feina amb empreses que seleccionen personal. Aquesta fira, com sabeu es du a terme durant la <em>Setmana de l\u2019Empresa i l\u2019Ocupaci\u00f3<\/em>, que enguany es far\u00e0 al maig\u201d.<\/span><\/p>\n<p style=\"text-align: justify;\"><span style=\"color: #000000;\">L\u2019alcaldessa bisbalenca s\u2019ha mostrat satisfeta d\u2019haver pogut oferir un espai per a la celebraci\u00f3 d\u2019aquesta trobada i ha explicat que \u201centre tots hem de ser capa\u00e7os de fer for\u00e7a i d\u2019iniciar projectes que puguin contribuir a millorar les xifres d\u2019atur de tota la comarca i que, alhora, ens ajudin a generar riquesa al territori. Per aix\u00f2 tamb\u00e9 \u00e9s tan important que contribu\u00efm a la millora i potenciaci\u00f3 del comer\u00e7 local i a qu\u00e8 mantinguem una bona comunicaci\u00f3 amb les empreses del territori\u201d.<\/span><\/p>\n<p style=\"text-align: justify;\"><span style=\"color: #000000;\">La reuni\u00f3 d\u2019aquest dilluns ha comptat amb l\u2019assist\u00e8ncia i participaci\u00f3 de la presidenta de la Cambra de Comer\u00e7 de Tarragona, Laura Roig\u00e9; el director gerent de la Cambra de Comer\u00e7 de Tarragona, Daniel Mart\u00ed; el responsable de Projectes i Competitivitat de la Cambra de Comer\u00e7 de Tarragona, Jordi C\u00e1ceres; l\u2019alcalde del Montmell, Jos\u00e9 Ma. Rold\u00e1n; l\u2019alcalde de Bellvei, Gerard Colet; l\u2019alcalde de Maslloren\u00e7, Joan Mir\u00f3, el regidor de Foment i Promoci\u00f3 Econ\u00f2mica de l\u2019Ajuntament de Banyeres del Pened\u00e8s, Marc Majem; l\u2019alcaldessa de la Bisbal del Pened\u00e8s, Agn\u00e8s Ferr\u00e9; i la t\u00e8cnica d\u2019Ocupaci\u00f3 de l\u2019Ajuntament de la Bisbal del Pened\u00e8s, Arantzazu Longares.<\/span><\/p>\n<p style=\"text-align: justify;\"><a href=\"http:\/\/bisbalpenedes.com\/web\/wp-content\/uploads\/2020\/02\/REUNIO-CAMBRA-200224-2.jpg\"><img loading=\"lazy\" class=\"aligncenter size-large wp-image-12025\" src=\"http:\/\/bisbalpenedes.com\/web\/wp-content\/uploads\/2020\/02\/REUNIO-CAMBRA-200224-2-1024x683.jpg\" alt=\"REUNIO CAMBRA 200224-2\" width=\"630\" height=\"420\" srcset=\"https:\/\/bisbalpenedes.com\/web\/wp-content\/uploads\/2020\/02\/REUNIO-CAMBRA-200224-2-1024x683.jpg 1024w, https:\/\/bisbalpenedes.com\/web\/wp-content\/uploads\/2020\/02\/REUNIO-CAMBRA-200224-2-600x400.jpg 600w, https:\/\/bisbalpenedes.com\/web\/wp-content\/uploads\/2020\/02\/REUNIO-CAMBRA-200224-2-300x200.jpg 300w, https:\/\/bisbalpenedes.com\/web\/wp-content\/uploads\/2020\/02\/REUNIO-CAMBRA-200224-2-768x512.jpg 768w\" sizes=\"(max-width: 630px) 100vw, 630px\" \/><\/a><\/p>\n<hr \/>\n<p style=\"text-align: justify;\"><a href=\"http:\/\/bisbalpenedes.com\/web\/wp-content\/uploads\/2020\/02\/REUNIO-CAMBRA-200224-1.jpg\"><img loading=\"lazy\" class=\"aligncenter size-large wp-image-12024\" src=\"http:\/\/bisbalpenedes.com\/web\/wp-content\/uploads\/2020\/02\/REUNIO-CAMBRA-200224-1-1024x768.jpg\" alt=\"REUNIO CAMBRA 200224-1\" width=\"630\" height=\"473\" srcset=\"https:\/\/bisbalpenedes.com\/web\/wp-content\/uploads\/2020\/02\/REUNIO-CAMBRA-200224-1-1024x768.jpg 1024w, https:\/\/bisbalpenedes.com\/web\/wp-content\/uploads\/2020\/02\/REUNIO-CAMBRA-200224-1-600x450.jpg 600w, https:\/\/bisbalpenedes.com\/web\/wp-content\/uploads\/2020\/02\/REUNIO-CAMBRA-200224-1-300x225.jpg 300w, https:\/\/bisbalpenedes.com\/web\/wp-content\/uploads\/2020\/02\/REUNIO-CAMBRA-200224-1-768x576.jpg 768w\" sizes=\"(max-width: 630px) 100vw, 630px\" \/><\/a><\/p>\n<p style=\"text-align: center;\">\n<p style=\"text-align: justify;\"><span style=\"color: #000000;\"><strong>CASTELLANO | <\/strong>La Biblioteca P\u00fablica del Centre Municipal de Cultura (CMC) de la Bisbal del Pened\u00e8s ha acogido, este lunes 24 de febrero, una reuni\u00f3n entre la C\u00e1mara de Comercio y varios alcaldes y concejales de\u00a0 municipios peque\u00f1os de la comarca del Baix Pened\u00e8s. El objetivo del encuentro era que la C\u00e1mara pudiese dar a conocer las formas en las que puede colaborar con los municipios de la comarca en \u00e1reas como la comercial, la empresarial, la de promoci\u00f3n econ\u00f3mica o la de ocupaci\u00f3n.<\/span><\/p>\n<p style=\"text-align: justify;\"><span style=\"color: #000000;\">La C\u00e1mara de Comercio est\u00e1 considerando abrir nuevos v\u00ednculos en el territorio y, por este motivo, ha organizado un encuentro en el que ha convocado a alcaldes y concejales de peque\u00f1os municipios del Baix Pened\u00e8s. Durante la reuni\u00f3n se han comentado los datos econ\u00f3micos de la comarca y de los municipios participantes y se han explicado las sinergias que se podr\u00edan crear entre municipios as\u00ed como las posibles colaboraciones que se podr\u00edan establecer entre la C\u00e1mara de comercio y los municipios de la comarca con el objetivo de mejorar la realidad econ\u00f3mica del Baix Pened\u00e8s y sus municipios, reducir la tasa de paro y promover y mejorar los comercios y las empresas de la zona.<\/span><\/p>\n<p style=\"text-align: justify;\"><span style=\"color: #000000;\"><strong>El Ayuntamiento de la Bisbal del Pened\u00e8s ya hace dos a\u00f1os que empez\u00f3 a trabajar con la C\u00e1mara de Comercio de Tarragona<\/strong><\/span><\/p>\n<p style=\"text-align: justify;\"><span style=\"color: #000000;\">El Ayuntamiento de la Bisbal del Pened\u00e8s inici\u00f3 proyectos conjuntos con la C\u00e1mara de Comercio de Tarragona el a\u00f1o 2018, un hecho que ha llegado a iniciar varias actividades formativas en el municipio, especialmente aquellas dirigidas a colectivos de personas paradas, en riesgo de exclusi\u00f3n o aquellas contempladas en el marco del programa Integra\u2019ls. Adem\u00e1s, la C\u00e1mara de Comercio ha participado en la <em>Setmana de l\u2019Empresa i l\u2019Ocupaci\u00f3<\/em> en las dos ediciones que se han hecho hasta la fecha y, en el marco de este evento, ha organizado la <em>Feria de Ocupaci\u00f3n de la Bisbal del Pened\u00e8s<\/em>. Por todo esto, la alcaldesa de la Bisbal del Pened\u00e8s, Agn\u00e8s Ferr\u00e9, ha explicado que \u201cesta colaboraci\u00f3n ha sido muy interesante y fruct\u00edfera desde un primer momento y nos ha ayudado a trabajar con los colectivos m\u00e1s desfavorecidos del municipio. Desde la C\u00e1mara nos han aportado siempre mucho valor, personal cualificado, experiencia y propuestas de valor, como por ejemplo la <em>Feria de Ocupaci\u00f3n de la Bisbal<\/em>, que consigue unir personas que buscan trabajo con empresas que seleccionan personal. Esta feria, como sab\u00e9is, se lleva a cabo durante la <em>Setmana de l\u2019Empresa i l\u2019Ocupaci\u00f3, <\/em>que este a\u00f1o se har\u00e1 en el mes de mayo\u201d.<\/span><\/p>\n<p style=\"text-align: justify;\"><span style=\"color: #000000;\">La alcaldesa de la Bisbal se ha mostrado satisfecha de haber podido ofrecer un espacio para la celebraci\u00f3n de este encuentro y ha explicado que \u201centre todos hemos de ser capaces de hacer fuerza e iniciar proyectos que puedan contribuir a mejorar las cifras del paro de toda la comarca y que, a la vez, nos ayuden a generar riqueza en el territorio. Por esto, tambi\u00e9n es tan importante que contribuyamos a la mejora y potenciaci\u00f3n del comercio local y al hecho de mantener una buena comunicaci\u00f3n con las empresas del territorio.<\/span><\/p>\n<p style=\"text-align: justify;\"><span style=\"color: #000000;\">La reuni\u00f3n de este lunes ha contado con la asistencia y participaci\u00f3n de la presidenta de la C\u00e1mara de Comercio de Tarragona, Laura Roig\u00e9; el director gerente de la C\u00e1mara de Comercio de Tarragona, Daniel Mart\u00ed; el responsable de Proyectos y Competitividad de la C\u00e1mara de Comercio de Tarragona, Daniel Mart\u00ed; el responsable de Proyectos y Competitividad de la C\u00e1mara de Comercio de Tarragona, Jordi C\u00e1ceres; el alcalde del Montmell, Jo\u00e9 Ma. Rold\u00e1n; el alcalde de Bellvei, Gerard Colet; el alcalde de Maslloren\u00e7, Joan Mir\u00f3; el concejal de Fomento y Promoci\u00f3n Econ\u00f3mica del Ayuntamiento de Banyeres del Pened\u00e8s, Marc Majem; la alcaldesa de la Bisbal del Pened\u00e8s, Agn\u00e8s Ferr\u00e9; y la t\u00e9cnica de Ocupaci\u00f3n del Ayuntamiento de la Bisbal del Pened\u00e8s, Arantzazu Longares.<\/span><\/p>\n<p style=\"text-align: justify;\"><a href=\"http:\/\/bisbalpenedes.com\/web\/wp-content\/uploads\/2020\/02\/REUNIO-CAMBRA-200224-2.jpg\"><img loading=\"lazy\" class=\"aligncenter size-large wp-image-12025\" src=\"http:\/\/bisbalpenedes.com\/web\/wp-content\/uploads\/2020\/02\/REUNIO-CAMBRA-200224-2-1024x683.jpg\" alt=\"REUNIO CAMBRA 200224-2\" width=\"630\" height=\"420\" srcset=\"https:\/\/bisbalpenedes.com\/web\/wp-content\/uploads\/2020\/02\/REUNIO-CAMBRA-200224-2-1024x683.jpg 1024w, https:\/\/bisbalpenedes.com\/web\/wp-content\/uploads\/2020\/02\/REUNIO-CAMBRA-200224-2-600x400.jpg 600w, https:\/\/bisbalpenedes.com\/web\/wp-content\/uploads\/2020\/02\/REUNIO-CAMBRA-200224-2-300x200.jpg 300w, https:\/\/bisbalpenedes.com\/web\/wp-content\/uploads\/2020\/02\/REUNIO-CAMBRA-200224-2-768x512.jpg 768w\" sizes=\"(max-width: 630px) 100vw, 630px\" \/><\/a><\/p>\n","protected":false},"excerpt":{"rendered":"<p>La Biblioteca P\u00fablica del Centre Municipal de Cultura (CMC) de la Bisbal del Pened\u00e8s ha acollit, aquest dilluns 24 de febrer, una reuni\u00f3 entre la Cambra de Comer\u00e7 i diversos &hellip; <a href=\"https:\/\/bisbalpenedes.com\/web\/2020\/02\/26\/la-bisbal-del-penedes-ha-acollit-una-reunio-entre-la-cambra-de-comerc-i-diversos-municipis-petits-del-baix-penedes\/\" class=\"more-link\">Read More<\/a><\/p>\n","protected":false},"author":4,"featured_media":0,"comment_status":"closed","ping_status":"closed","sticky":false,"template":"","format":"standard","meta":[],"categories":[9],"tags":[1251,419,162,10,3388],"_links":{"self":[{"href":"https:\/\/bisbalpenedes.com\/web\/wp-json\/wp\/v2\/posts\/12023"}],"collection":[{"href":"https:\/\/bisbalpenedes.com\/web\/wp-json\/wp\/v2\/posts"}],"about":[{"href":"https:\/\/bisbalpenedes.com\/web\/wp-json\/wp\/v2\/types\/post"}],"author":[{"embeddable":true,"href":"https:\/\/bisbalpenedes.com\/web\/wp-json\/wp\/v2\/users\/4"}],"replies":[{"embeddable":true,"href":"https:\/\/bisbalpenedes.com\/web\/wp-json\/wp\/v2\/comments?post=12023"}],"version-history":[{"count":1,"href":"https:\/\/bisbalpenedes.com\/web\/wp-json\/wp\/v2\/posts\/12023\/revisions"}],"predecessor-version":[{"id":12026,"href":"https:\/\/bisbalpenedes.com\/web\/wp-json\/wp\/v2\/posts\/12023\/revisions\/12026"}],"wp:attachment":[{"href":"https:\/\/bisbalpenedes.com\/web\/wp-json\/wp\/v2\/media?parent=12023"}],"wp:term":[{"taxonomy":"category","embeddable":true,"href":"https:\/\/bisbalpenedes.com\/web\/wp-json\/wp\/v2\/categories?post=12023"},{"taxonomy":"post_tag","embeddable":true,"href":"https:\/\/bisbalpenedes.com\/web\/wp-json\/wp\/v2\/tags?post=12023"}],"curies":[{"name":"wp","href":"https:\/\/api.w.org\/{rel}","templated":true}]}}