{"id":12019,"date":"2020-02-26T11:03:02","date_gmt":"2020-02-26T10:03:02","guid":{"rendered":"http:\/\/bisbalpenedes.com\/web\/?p=12019"},"modified":"2020-02-26T13:33:31","modified_gmt":"2020-02-26T12:33:31","slug":"aquest-dimarts-25-de-febrer-de-2020-sha-celebrat-un-ple-extraordinari-a-lajuntament-de-la-bisbal-del-penedes","status":"publish","type":"post","link":"https:\/\/bisbalpenedes.com\/web\/2020\/02\/26\/aquest-dimarts-25-de-febrer-de-2020-sha-celebrat-un-ple-extraordinari-a-lajuntament-de-la-bisbal-del-penedes\/","title":{"rendered":"Aquest dimarts 25 de febrer de 2020 s\u2019ha celebrat un Ple extraordinari a l\u2019Ajuntament de la Bisbal del Pened\u00e8s"},"content":{"rendered":"<p style=\"text-align: justify;\"><a href=\"http:\/\/bisbalpenedes.com\/web\/wp-content\/uploads\/2020\/02\/200225-PLE-EXTRAORDINARI.jpg\"><img loading=\"lazy\" class=\"aligncenter size-large wp-image-12020\" src=\"http:\/\/bisbalpenedes.com\/web\/wp-content\/uploads\/2020\/02\/200225-PLE-EXTRAORDINARI-1024x768.jpg\" alt=\"200225 PLE EXTRAORDINARI\" width=\"630\" height=\"473\" srcset=\"https:\/\/bisbalpenedes.com\/web\/wp-content\/uploads\/2020\/02\/200225-PLE-EXTRAORDINARI-1024x768.jpg 1024w, https:\/\/bisbalpenedes.com\/web\/wp-content\/uploads\/2020\/02\/200225-PLE-EXTRAORDINARI-600x450.jpg 600w, https:\/\/bisbalpenedes.com\/web\/wp-content\/uploads\/2020\/02\/200225-PLE-EXTRAORDINARI-300x225.jpg 300w, https:\/\/bisbalpenedes.com\/web\/wp-content\/uploads\/2020\/02\/200225-PLE-EXTRAORDINARI-768x576.jpg 768w\" sizes=\"(max-width: 630px) 100vw, 630px\" \/><\/a><\/p>\n<p style=\"text-align: justify;\"><span style=\"color: #000000;\">Aquest dimarts 25 de febrer de 2020, a les 19h, ha tingut lloc un Ple extraordinari a l\u2019Ajuntament de la Bisbal del Pened\u00e8s. S\u2019han absentat dos regidors: Daniel Caballero (PSC) i Silvia Monfort (ERC-AM). L\u2019ordre del dia contenia un sol punt:<\/span><\/p>\n<p style=\"text-align: justify;\"><span style=\"color: #000000;\"><strong>1.-Desestimar les al\u00b7legacions presentades a l\u2019inici de l\u2019expedient de revisi\u00f3 d\u2019ofici per declarar la nul\u00b7litat de ple dret del conveni entre l\u2019Ajuntament de la Bisbal del Pened\u00e8s i l\u2019entitat Club Segle XX sobre un b\u00e9 de domini p\u00fablic, sol\u00b7licitar dictamen de la Comissi\u00f3 Jur\u00eddica Assessora de la Generalitat de Catalunya i suspendre el termini m\u00e0xim legal per resoldre el procediment fins que la Comissi\u00f3 dictamini. <\/strong><\/span><\/p>\n<p style=\"text-align: justify;\"><span style=\"color: #000000;\"><u>S\u2019ha aprovat<\/u> amb els vots a favor de Comprom\u00eds amb la Bisbal (6) i en contra del PSC (1), Units per la Bisbal-FIC (1) i Ara la Bisbal (1).<\/span><\/p>\n<p style=\"text-align: justify;\"><a href=\"https:\/\/bisbalpenedes.com\/web\/2019\/09\/19\/resum-dels-punts-tractats-en-el-ple-ordinari-del-dilluns-16-de-setembre-de-2019\/\">El Ple ordinari del 16 de setembre de 2019<\/a> <span style=\"color: #000000;\">va aprovar iniciar l\u2019expedient de revisi\u00f3 d\u2019ofici perqu\u00e8 la Comissi\u00f3 Jur\u00eddica Assessora emet\u00e9s un informe sobre l\u2019acord del Ple de 17 de setembre de 2013 pel qual s\u2019aprov\u00e0 l\u2019arrendament d\u2019una part del Poliesportiu municipal a l\u2019entitat Club Segle XX, mitjan\u00e7ant procediment directe i preu bonificat, aix\u00ed com el contracte d\u2019arrendament, subscrit el 30 d\u2019octubre de 2013. Tamb\u00e9 va aprovar atorgar un termini d\u2019audi\u00e8ncia de 10 dies a l\u2019entitat Club Segle XX, a les persones que gestionen el servei de bar del Poliesportiu Municipal i a les dues entitats a qui el Club Segle XX ha cedit espais -Joventut Bisbalenca i Penya Blaugrana de la Bisbal-, que van poder tenir acc\u00e9s a l\u2019expedient i l\u2019opci\u00f3 de presentar al\u00b7legacions.<\/span><\/p>\n<p style=\"text-align: justify;\"><span style=\"color: #000000;\">L\u2019equip de govern va elevar al Ple l\u2019inici d\u2019aquest expedient perqu\u00e8 considera que el procediment que es va seguir amb l\u2019arrendament, mitjan\u00e7ant adjudicaci\u00f3 directa, no \u00e9s compatible amb la classificaci\u00f3 del tipus de patrimoni de les Administracions locals catalanes perqu\u00e8 defensa que el Poliesportiu municipal est\u00e0 classificat com a patrimoni municipal del s\u00f2l i, per tant, no es podia fer una adjudicaci\u00f3 directa sin\u00f3 que s\u2019hauria d\u2019haver fet un procediment de concurs p\u00fablic.<\/span><\/p>\n<p style=\"text-align: justify;\"><span style=\"color: #000000;\">En el Ple d\u2019aquest dimarts l\u2019alcaldessa Agn\u00e8s Ferr\u00e9 ha explicat els motius pels quals es desestimen les al\u00b7legacions presentades, basant-se en l\u2019informe de Manubens Advocats.\u00a0 Tamb\u00e9 ha proposat continuar amb la tramitaci\u00f3 del procediment de revisi\u00f3 d\u2019ofici i, per aquest motiu, s\u2019ha aprovat sol\u00b7licitar l\u2019informe preceptiu de la Comissi\u00f3 Jur\u00eddica Assessora de la Generalitat de Catalunya i suspendre el termini per resoldre, amb notificaci\u00f3 de la suspensi\u00f3 als interessats, fins que la Comissi\u00f3 Jur\u00eddica Assessora emeti el seu informe. Mentrestant, l\u2019expedient no s\u2019aturar\u00e0 i, segons ha explicat l\u2019alcaldessa Agn\u00e8s Ferr\u00e9, \u201cs\u2019iniciar\u00e0 una ronda de contactes amb els interessats de l\u2019expedient de revisi\u00f3 d\u2019ofici amb la finalitat d\u2019explorar eventuals solucions legals que permetin la reubicaci\u00f3 dels afectats en empla\u00e7aments alternatius, evitar o reduir els danys i perjudicis que se\u2019ls pugui originar i recuperar la disponibilitat dels espais per part de l\u2019Ajuntament amb la menor litigiositat possible\u201d.<\/span><\/p>\n<hr \/>\n<p style=\"text-align: justify;\"><span style=\"color: #000000;\"><strong>CASTELLANO |\u00a0<\/strong><\/span><span style=\"color: #000000;\">Este martes 25 de febrero de 2020, a las 19h, ha tenido lugar un Pleno extraordinario en el Ayuntamiento de la Bisbal del Pened\u00e8s. Se han ausentado dos concejales: Daniel Caballero (PSC) y Silvia Monfort (ERC-AM). El orden del d\u00eda conten\u00eda un solo punto:<\/span><\/p>\n<p style=\"text-align: justify;\"><span style=\"color: #000000;\"><strong>1.-Desestimar las alegaciones presentadas al inicio del expediente de revisi\u00f3n de oficio para declarar la nulidad de pleno derecho del convenio entre el Ayuntamiento de la Bisbal del Pened\u00e8s y la entidad Club Segle XX sobre un bien de dominio p\u00fablico, solicitar dictamen de la Comisi\u00f3n Jur\u00eddica Asesora de la Generalitat de Catalunya y suspender el plazo m\u00e1ximo legal para resolver el procedimiento hasta que la Comisi\u00f3n dictamine.<\/strong><\/span><\/p>\n<p style=\"text-align: justify;\"><span style=\"color: #000000;\">Se ha aprobado con los votos a favor de Comprom\u00eds amb la Bisbal (6) y los votos en contra del PSC (1), Units per la Bisbal-FIC (1) y Ara la Bisbal (1).<\/span><\/p>\n<p style=\"text-align: justify;\"><span style=\"color: #000000;\">El<\/span> <a href=\"https:\/\/bisbalpenedes.com\/web\/2019\/09\/19\/resum-dels-punts-tractats-en-el-ple-ordinari-del-dilluns-16-de-setembre-de-2019\/\">Pleno ordinario del 16 de septiembre de 2019<\/a> <span style=\"color: #000000;\">aprob\u00f3 iniciar el expediente de revisi\u00f3n de oficio para que la Comisi\u00f3n Jur\u00eddica Asesora emitiese un informe sobre el acuerdo del Pleno del 17 de septiembre de 2013 por el cual se aprob\u00f3 el arrendamiento de una parte del Polideportivo municipal a la entidad Club Segle XX, mediante procedimiento directo y precio bonificado as\u00ed como el contrato de arrendamiento, suscrito el 30 de octubre de 2013. Tambi\u00e9n aprob\u00f3 otorgar un plazo de audiencia de 10 d\u00edas a la entidad Club Segle XX, a las personas que gestionan el servicio de bar del Polideportivo Municipal y a las dos entidades a qui\u00e9n el club Segle XX ha cedido espacios \u2013 Joventut Bisbalenca y Penya Blaugrana de la Bisbal-, que pudieron tener acceso al expediente y la opci\u00f3n de presentar alegaciones.<\/span><\/p>\n<p style=\"text-align: justify;\"><span style=\"color: #000000;\">El equipo de gobierno elev\u00f3 al Pleno el inicio de este expediente porqu\u00e9 considera que el procedimiento que se sigui\u00f3 con el arrendamiento, mediante adjudicaci\u00f3n directa, no es compatible con la clasificaci\u00f3n del tipo de patrimonio de las Administraciones locales catalanas porqu\u00e9 defiende que el Polideportivo municipal est\u00e1 clasificado como patrimonio municipal del sol y, por lo tanto, no se pod\u00eda hacer una adjudicaci\u00f3n directa sino que se tendr\u00eda que haber hecho un procedimiento de concurso p\u00fablico.<\/span><\/p>\n<p style=\"text-align: justify;\"><span style=\"color: #000000;\">En el Pleno de este martes la alcaldesa Agn\u00e8s Ferr\u00e9 ha explicado los motivos por los cuales se desestiman las alegaciones presentadas, bas\u00e1ndose en el informe de Manubens Advocats. Tambi\u00e9n ha propuesto continuar con la tramitaci\u00f3n del procedimiento de revisi\u00f3n de oficio y, por este motivo, ha aprobado solicitar el informe preceptivo de la Comisi\u00f3n Jur\u00eddica Asesora de la Generalitat de Catalunya y suspender el plazo para resolver, con notificaci\u00f3n de la suspensi\u00f3n a los interesados, hasta que la Comisi\u00f3n Jur\u00eddica Asesora emita su informe. Mientras, el expediente no se interrumpir\u00e1 y, seg\u00fan ha explicado la alcaldesa Agn\u00e8s Ferr\u00e9, \u201cse iniciar\u00e1 una ronda de contactos con los interesados del expediente de revisi\u00f3n de oficio con la finalidad de explorar eventuales soluciones legales que permitan la reubicaci\u00f3n de los afectados en ubicaciones alternativas, evitar o reducir los da\u00f1os y perjuicios que se les puedan originar y recuperar la disponibilidad de uso de los espacios por parte del Ayuntamiento con la menor litigiosidad posible\u201d.<\/span><\/p>\n<p><iframe loading=\"lazy\" src=\"https:\/\/www.youtube.com\/embed\/ZQOzwBWprTA\" width=\"560\" height=\"315\" frameborder=\"0\" allowfullscreen=\"allowfullscreen\"><\/iframe><\/p>\n","protected":false},"excerpt":{"rendered":"<p>Aquest dimarts 25 de febrer de 2020, a les 19h, ha tingut lloc un Ple extraordinari a l\u2019Ajuntament de la Bisbal del Pened\u00e8s. S\u2019han absentat dos regidors: Daniel Caballero (PSC) &hellip; <a href=\"https:\/\/bisbalpenedes.com\/web\/2020\/02\/26\/aquest-dimarts-25-de-febrer-de-2020-sha-celebrat-un-ple-extraordinari-a-lajuntament-de-la-bisbal-del-penedes\/\" class=\"more-link\">Read More<\/a><\/p>\n","protected":false},"author":4,"featured_media":12020,"comment_status":"closed","ping_status":"closed","sticky":false,"template":"","format":"standard","meta":[],"categories":[2250],"tags":[139,423],"_links":{"self":[{"href":"https:\/\/bisbalpenedes.com\/web\/wp-json\/wp\/v2\/posts\/12019"}],"collection":[{"href":"https:\/\/bisbalpenedes.com\/web\/wp-json\/wp\/v2\/posts"}],"about":[{"href":"https:\/\/bisbalpenedes.com\/web\/wp-json\/wp\/v2\/types\/post"}],"author":[{"embeddable":true,"href":"https:\/\/bisbalpenedes.com\/web\/wp-json\/wp\/v2\/users\/4"}],"replies":[{"embeddable":true,"href":"https:\/\/bisbalpenedes.com\/web\/wp-json\/wp\/v2\/comments?post=12019"}],"version-history":[{"count":3,"href":"https:\/\/bisbalpenedes.com\/web\/wp-json\/wp\/v2\/posts\/12019\/revisions"}],"predecessor-version":[{"id":12027,"href":"https:\/\/bisbalpenedes.com\/web\/wp-json\/wp\/v2\/posts\/12019\/revisions\/12027"}],"wp:featuredmedia":[{"embeddable":true,"href":"https:\/\/bisbalpenedes.com\/web\/wp-json\/wp\/v2\/media\/12020"}],"wp:attachment":[{"href":"https:\/\/bisbalpenedes.com\/web\/wp-json\/wp\/v2\/media?parent=12019"}],"wp:term":[{"taxonomy":"category","embeddable":true,"href":"https:\/\/bisbalpenedes.com\/web\/wp-json\/wp\/v2\/categories?post=12019"},{"taxonomy":"post_tag","embeddable":true,"href":"https:\/\/bisbalpenedes.com\/web\/wp-json\/wp\/v2\/tags?post=12019"}],"curies":[{"name":"wp","href":"https:\/\/api.w.org\/{rel}","templated":true}]}}