{"id":1201,"date":"2015-06-09T15:53:46","date_gmt":"2015-06-09T09:53:46","guid":{"rendered":"http:\/\/bisbalpenedes.com\/web\/?p=1201"},"modified":"2015-06-09T15:53:46","modified_gmt":"2015-06-09T09:53:46","slug":"avanc-festa-major-2015","status":"publish","type":"post","link":"https:\/\/bisbalpenedes.com\/web\/2015\/06\/09\/avanc-festa-major-2015\/","title":{"rendered":"Avan\u00e7 Festa Major 2015"},"content":{"rendered":"<p>programaci\u00f3 de la Festa Major:<\/p>\n<p>14 d&#8217;Agost:<br \/>\nPreg\u00f3 a c\u00e0rrec d&#8217;en Joan Pera<br \/>\nObra de teatre &#8220;Fer riure \u00e9s un art&#8221; d&#8217;en Joan Pera i Tot seguit; Festa Jove amb &#8220;MIQUEL DEL ROIG&#8221; i &#8220;LA TERRASSETA DE PREIXENS&#8221;<\/p>\n<p>15 d&#8217;Agost:<br \/>\nAl mat\u00ed Diada Castellera amb la Colla Joves dels Xiquets de Valls, Colla Vella dels Xiquets de Valls i el debut de la colla Castellera de la Bisbal, els Bous<br \/>\nA la nit Concert dels SIREX i tot seguit; Festa Jove amb els Dj&#8217;s Ferry Lip &#038; Enzo Ferrara<\/p>\n<p>16 d&#8217;Agost:<br \/>\nBall de tarda a c\u00e0rrec de l&#8217;Orquestra SELVATANA i Concert i Ball a c\u00e0rrec de l&#8217;Orquestra SELVATANA<\/p>\n<p>Avan\u00e7 dels Actes de la Festa Major 2015 de la Bisbal del Pened\u00e8s<br \/>\nHi haur\u00e0 servei de bar, els balls es celbraran al pati de l&#8217;Escola P\u00fablica.<br \/>\nTots els actes s\u00f3n p\u00fablics i gratu\u00efts<br \/>\nL&#8217;Ajuntament es reserva el dret de modificar aquest programa si les circumst\u00e0ncies ho aconsellessin<br \/>\nM\u00e9s informaci\u00f3: www.bisbalpenedes.cat i programa de m\u00e0<\/p>\n","protected":false},"excerpt":{"rendered":"<p>programaci\u00f3 de la Festa Major: 14 d&#8217;Agost: Preg\u00f3 a c\u00e0rrec d&#8217;en Joan Pera Obra de teatre &#8220;Fer riure \u00e9s un art&#8221; d&#8217;en Joan Pera i Tot seguit; Festa Jove amb &hellip; <a href=\"https:\/\/bisbalpenedes.com\/web\/2015\/06\/09\/avanc-festa-major-2015\/\" class=\"more-link\">Read More<\/a><\/p>\n","protected":false},"author":1,"featured_media":1202,"comment_status":"closed","ping_status":"open","sticky":false,"template":"","format":"standard","meta":[],"categories":[13],"tags":[],"_links":{"self":[{"href":"https:\/\/bisbalpenedes.com\/web\/wp-json\/wp\/v2\/posts\/1201"}],"collection":[{"href":"https:\/\/bisbalpenedes.com\/web\/wp-json\/wp\/v2\/posts"}],"about":[{"href":"https:\/\/bisbalpenedes.com\/web\/wp-json\/wp\/v2\/types\/post"}],"author":[{"embeddable":true,"href":"https:\/\/bisbalpenedes.com\/web\/wp-json\/wp\/v2\/users\/1"}],"replies":[{"embeddable":true,"href":"https:\/\/bisbalpenedes.com\/web\/wp-json\/wp\/v2\/comments?post=1201"}],"version-history":[{"count":1,"href":"https:\/\/bisbalpenedes.com\/web\/wp-json\/wp\/v2\/posts\/1201\/revisions"}],"predecessor-version":[{"id":1203,"href":"https:\/\/bisbalpenedes.com\/web\/wp-json\/wp\/v2\/posts\/1201\/revisions\/1203"}],"wp:featuredmedia":[{"embeddable":true,"href":"https:\/\/bisbalpenedes.com\/web\/wp-json\/wp\/v2\/media\/1202"}],"wp:attachment":[{"href":"https:\/\/bisbalpenedes.com\/web\/wp-json\/wp\/v2\/media?parent=1201"}],"wp:term":[{"taxonomy":"category","embeddable":true,"href":"https:\/\/bisbalpenedes.com\/web\/wp-json\/wp\/v2\/categories?post=1201"},{"taxonomy":"post_tag","embeddable":true,"href":"https:\/\/bisbalpenedes.com\/web\/wp-json\/wp\/v2\/tags?post=1201"}],"curies":[{"name":"wp","href":"https:\/\/api.w.org\/{rel}","templated":true}]}}