{"id":11997,"date":"2020-02-19T15:20:37","date_gmt":"2020-02-19T14:20:37","guid":{"rendered":"http:\/\/bisbalpenedes.com\/web\/?p=11997"},"modified":"2020-02-19T15:20:37","modified_gmt":"2020-02-19T14:20:37","slug":"sha-convocat-un-ple-extraordinari-per-al-dimarts-25-de-febrer-a-les-19h","status":"publish","type":"post","link":"https:\/\/bisbalpenedes.com\/web\/2020\/02\/19\/sha-convocat-un-ple-extraordinari-per-al-dimarts-25-de-febrer-a-les-19h\/","title":{"rendered":"S&#8217;ha convocat un Ple extraordinari per al dimarts 25 de febrer a les 19h"},"content":{"rendered":"<p style=\"text-align: justify;\"><span style=\"color: #000000;\">S\u2019ha convocat un Ple extraordinari per al dimarts 25 de febrer a les 19h amb el seg\u00fcent ordre del dia:<\/span><\/p>\n<p style=\"text-align: justify;\"><span style=\"color: #000000;\"><strong><u>ORDRE DEL DIA<\/u><\/strong><\/span><\/p>\n<p style=\"text-align: justify;\"><span style=\"color: #000000;\">1.-Desestimar les al\u00b7legacions presentades a l\u2019inici de la revisi\u00f3 d\u2019ofici per declarar la nul\u00b7litat de ple dret del conveni entre l\u2019Ajuntament de la Bisbal del Pened\u00e8s i l\u2019entitat Club Segle XX sobre un b\u00e9 de domini p\u00fablic, sol\u00b7licitar dictamen de la Comissi\u00f3 Jur\u00eddica Assessora de la Generalitat de Catalunya i suspendre el termini m\u00e0xim legal per resoldre el procediment fins que la Comissi\u00f3 dictamini.<\/span><\/p>\n<hr \/>\n<p style=\"text-align: justify;\"><span style=\"color: #000000;\"><strong>CASTELLANO |<\/strong> Se ha convocado un Pleno extraordinario para el martes 25 de febrero a las 19h con el siguiente orden del d\u00eda:<\/span><\/p>\n<p style=\"text-align: justify;\"><span style=\"text-decoration: underline;\"><strong><span style=\"color: #000000; text-decoration: underline;\">ORDEN DEL D\u00cdA<\/span><\/strong><\/span><\/p>\n<p style=\"text-align: justify;\"><span style=\"color: #000000;\">1.-Desestimar las alegaciones presentadas al inicio de la revisi\u00f3n de oficio para declarar la nulidad de pleno derecho del convenio entre el Ayuntamiento de la Bisbal del Pened\u00e8s y la entidad Club Segle XX sobre un bien de dominio p\u00fablico, solicitar dictamen de la Comisi\u00f3n Jur\u00eddica Asesora de la Generalitat de Catalunya y suspender el plazo m\u00e1ximo legal para resolver el procedimiento hasta que la Comisi\u00f3n dictamine.<\/span><\/p>\n","protected":false},"excerpt":{"rendered":"<p>S\u2019ha convocat un Ple extraordinari per al dimarts 25 de febrer a les 19h amb el seg\u00fcent ordre del dia: ORDRE DEL DIA 1.-Desestimar les al\u00b7legacions presentades a l\u2019inici de &hellip; <a href=\"https:\/\/bisbalpenedes.com\/web\/2020\/02\/19\/sha-convocat-un-ple-extraordinari-per-al-dimarts-25-de-febrer-a-les-19h\/\" class=\"more-link\">Read More<\/a><\/p>\n","protected":false},"author":4,"featured_media":8717,"comment_status":"closed","ping_status":"closed","sticky":false,"template":"","format":"standard","meta":[],"categories":[2250],"tags":[139,423],"_links":{"self":[{"href":"https:\/\/bisbalpenedes.com\/web\/wp-json\/wp\/v2\/posts\/11997"}],"collection":[{"href":"https:\/\/bisbalpenedes.com\/web\/wp-json\/wp\/v2\/posts"}],"about":[{"href":"https:\/\/bisbalpenedes.com\/web\/wp-json\/wp\/v2\/types\/post"}],"author":[{"embeddable":true,"href":"https:\/\/bisbalpenedes.com\/web\/wp-json\/wp\/v2\/users\/4"}],"replies":[{"embeddable":true,"href":"https:\/\/bisbalpenedes.com\/web\/wp-json\/wp\/v2\/comments?post=11997"}],"version-history":[{"count":2,"href":"https:\/\/bisbalpenedes.com\/web\/wp-json\/wp\/v2\/posts\/11997\/revisions"}],"predecessor-version":[{"id":11999,"href":"https:\/\/bisbalpenedes.com\/web\/wp-json\/wp\/v2\/posts\/11997\/revisions\/11999"}],"wp:featuredmedia":[{"embeddable":true,"href":"https:\/\/bisbalpenedes.com\/web\/wp-json\/wp\/v2\/media\/8717"}],"wp:attachment":[{"href":"https:\/\/bisbalpenedes.com\/web\/wp-json\/wp\/v2\/media?parent=11997"}],"wp:term":[{"taxonomy":"category","embeddable":true,"href":"https:\/\/bisbalpenedes.com\/web\/wp-json\/wp\/v2\/categories?post=11997"},{"taxonomy":"post_tag","embeddable":true,"href":"https:\/\/bisbalpenedes.com\/web\/wp-json\/wp\/v2\/tags?post=11997"}],"curies":[{"name":"wp","href":"https:\/\/api.w.org\/{rel}","templated":true}]}}