{"id":11994,"date":"2020-02-19T14:24:13","date_gmt":"2020-02-19T13:24:13","guid":{"rendered":"http:\/\/bisbalpenedes.com\/web\/?p=11994"},"modified":"2020-02-19T14:29:33","modified_gmt":"2020-02-19T13:29:33","slug":"lalcaldessa-agnes-ferre-ha-estat-nomenada-representant-de-lassociacio-catalana-de-municipis-al-servei-docupacio-de-catalunya-soc","status":"publish","type":"post","link":"https:\/\/bisbalpenedes.com\/web\/2020\/02\/19\/lalcaldessa-agnes-ferre-ha-estat-nomenada-representant-de-lassociacio-catalana-de-municipis-al-servei-docupacio-de-catalunya-soc\/","title":{"rendered":"L\u2019alcaldessa Agn\u00e8s Ferr\u00e9 ha estat nomenada representant de l\u2019Associaci\u00f3 Catalana de Municipis al Servei d\u2019Ocupaci\u00f3 de Catalunya (SOC)"},"content":{"rendered":"<p style=\"text-align: center;\"><a href=\"http:\/\/bisbalpenedes.com\/web\/wp-content\/uploads\/2020\/02\/PHOTO-2020-02-19-14-18-00-3.jpg\"><img loading=\"lazy\" class=\"alignnone size-large wp-image-11995\" src=\"http:\/\/bisbalpenedes.com\/web\/wp-content\/uploads\/2020\/02\/PHOTO-2020-02-19-14-18-00-3-1024x768.jpg\" alt=\"acm agnes ferre\" width=\"630\" height=\"473\" srcset=\"https:\/\/bisbalpenedes.com\/web\/wp-content\/uploads\/2020\/02\/PHOTO-2020-02-19-14-18-00-3-1024x768.jpg 1024w, https:\/\/bisbalpenedes.com\/web\/wp-content\/uploads\/2020\/02\/PHOTO-2020-02-19-14-18-00-3-600x450.jpg 600w, https:\/\/bisbalpenedes.com\/web\/wp-content\/uploads\/2020\/02\/PHOTO-2020-02-19-14-18-00-3-300x225.jpg 300w, https:\/\/bisbalpenedes.com\/web\/wp-content\/uploads\/2020\/02\/PHOTO-2020-02-19-14-18-00-3-768x576.jpg 768w, https:\/\/bisbalpenedes.com\/web\/wp-content\/uploads\/2020\/02\/PHOTO-2020-02-19-14-18-00-3.jpg 1600w\" sizes=\"(max-width: 630px) 100vw, 630px\" \/><\/a><\/p>\n<p style=\"text-align: justify;\"><span style=\"color: #000000;\">L\u2019alcaldessa i responsable de la Regidoria d\u2019Ocupaci\u00f3 de l\u2019Ajuntament de la Bisbal del Pened\u00e8s, Agn\u00e8s Ferr\u00e9, ha estat nomenada representant titular de l\u2019Associaci\u00f3 Catalana de Municipis (ACM) al Consell de Direcci\u00f3 del Servei d\u2019Ocupaci\u00f3 de Catalunya (SOC), a la Comissi\u00f3 mixta del Departament d\u2019Empresa i Ocupaci\u00f3, a la Comissi\u00f3 de seguiment de la direcci\u00f3 del SOC, a la Comissi\u00f3 de seguiment del Pla General d\u2019Ocupaci\u00f3 de Catalunya i al Consell de la Mobilitat. Aix\u00ed, l\u2019alcaldessa ser\u00e0 la representant de l\u2019ACM en les reunions i comissions que es mantinguin amb els ens esmentats.<\/span><\/p>\n<p style=\"text-align: justify;\"><span style=\"color: #000000;\">Ferr\u00e9 va ser nomenada vocal del Comit\u00e8 Executiu de l\u2019ACM per a la legislatura 2019\/2023 el setembre de 2019 i el passat divendres 14 de febrer de 2020 l\u2019Assemblea i el Comit\u00e8 executiu de l\u2019Associaci\u00f3 Catalana de Municipis van donar compte dels nomenaments de membres de l\u2019executiva a diferents comissions i consells de l\u2019ACM.<\/span><\/p>\n<p style=\"text-align: justify;\"><span style=\"color: #000000;\">L\u2019Associaci\u00f3 Catalana de Municipis est\u00e0 formada per 937 ajuntaments associats, tots els consells comarcals, les quatre diputacions catalanes i altres entitats. Quant a l\u2019Executiva, aquesta est\u00e0 formada per una trentena d\u2019alcaldes i alcaldesses, entre les quals es troba l\u2019alcaldessa de la Bisbal del Pened\u00e8s, Agn\u00e8s Ferr\u00e9, que n\u2019\u00e9s vocal. Val a dir que la batllessa bisbalenca no percebr\u00e0 cap indemnitzaci\u00f3 ni retribuci\u00f3 econ\u00f2mica per assistir a les reunions i comissions per a les quals ha estat nomenada representant titular.<\/span><\/p>\n<p style=\"text-align: justify;\"><span style=\"color: #000000;\">Podeu consultar la taula general de nomenaments a l\u2019enlla\u00e7: <a style=\"color: #000000;\" href=\"https:\/\/www.acm.cat\/area-de-continguts\/representacio-institucional\">https:\/\/www.acm.cat\/area-de-continguts\/representacio-institucional<\/a><\/span><\/p>\n<p style=\"text-align: justify;\"><span style=\"color: #000000;\">&#8212;<\/span><\/p>\n<p style=\"text-align: justify;\"><span style=\"color: #000000;\"><strong>CASTELLANO |<\/strong> La alcaldesa y responsable de la Concejal\u00eda de Ocupaci\u00f3n del Ayuntamiento de la Bisbal del Pened\u00e8s, Agn\u00e8s Ferr\u00e9, ha sido nombrada representante titular de la Associaci\u00f3 Catalana de Municipis (ACM) en el Consejo de Direcci\u00f3n del Servei d\u2019Ocupaci\u00f3 de Catalunya (SOC), en la Comisi\u00f3n mixta del Departamento de Empresa y Ocupaci\u00f3n, en la Comisi\u00f3n de seguimiento de la direcci\u00f3n del SOC, en la Comisi\u00f3n de seguimiento del Plan General de Ocupaci\u00f3n de Catalunya y en el Consejo de Movilidad. As\u00ed, la alcaldesa ser\u00e1 la representante de la ACM en las reuniones y comisiones que se mantengan con los citados entes.<\/span><\/p>\n<p style=\"text-align: justify;\"><span style=\"color: #000000;\">Ferr\u00e9 fue nombrada vocal del Comit\u00e9 Ejecutivo de la ACM para la legislatura 2019\/2023 en septiembre de 2019 y el pasado viernes 14 de febrero de 2020 la Asamblea y el Comit\u00e9 ejecutivo de la Associaci\u00f3 Catalana de Municipis dieron cuenta de los nombramientos de miembros de la ejecutiva a distintas comisiones y consejos de la ACM.<\/span><\/p>\n<p style=\"text-align: justify;\"><span style=\"color: #000000;\">La Associaci\u00f3 Catalana de Municipis est\u00e1 formada por 937 ayuntamientos asociados, todos los <em>consells comarcals<\/em>, las cuatro diputaciones catalanas y otras entidades. En cuanto a la ejecutiva, est\u00e1 formada por una treintena de alcaldes y alcaldesas, entre las cuales se encuentra la alcaldesa de la Bisbal del pened\u00e8s, Agn\u00e8s Ferr\u00e9, que es vocal. Cabe decir que la alcaldesa de la Bisbal no percibir\u00e1 ninguna indemnizaci\u00f3n ni retribuci\u00f3n econ\u00f3mica por asistir a las reuniones y comisiones para las que ha sido nombrada representante titular.<\/span><\/p>\n<p style=\"text-align: justify;\"><span style=\"color: #000000;\">Pod\u00e9is consultar la tabla general de nombramientos en el enlace: <a style=\"color: #000000;\" href=\"https:\/\/www.acm.cat\/area-de-continguts\/representacio-institucional\">https:\/\/www.acm.cat\/area-de-continguts\/representacio-institucional<\/a><\/span><\/p>\n<p>&nbsp;<\/p>\n","protected":false},"excerpt":{"rendered":"<p>L\u2019alcaldessa i responsable de la Regidoria d\u2019Ocupaci\u00f3 de l\u2019Ajuntament de la Bisbal del Pened\u00e8s, Agn\u00e8s Ferr\u00e9, ha estat nomenada representant titular de l\u2019Associaci\u00f3 Catalana de Municipis (ACM) al Consell de &hellip; <a href=\"https:\/\/bisbalpenedes.com\/web\/2020\/02\/19\/lalcaldessa-agnes-ferre-ha-estat-nomenada-representant-de-lassociacio-catalana-de-municipis-al-servei-docupacio-de-catalunya-soc\/\" class=\"more-link\">Read More<\/a><\/p>\n","protected":false},"author":4,"featured_media":11995,"comment_status":"closed","ping_status":"closed","sticky":false,"template":"","format":"standard","meta":[],"categories":[2057],"tags":[874,1151,1219,10,263],"_links":{"self":[{"href":"https:\/\/bisbalpenedes.com\/web\/wp-json\/wp\/v2\/posts\/11994"}],"collection":[{"href":"https:\/\/bisbalpenedes.com\/web\/wp-json\/wp\/v2\/posts"}],"about":[{"href":"https:\/\/bisbalpenedes.com\/web\/wp-json\/wp\/v2\/types\/post"}],"author":[{"embeddable":true,"href":"https:\/\/bisbalpenedes.com\/web\/wp-json\/wp\/v2\/users\/4"}],"replies":[{"embeddable":true,"href":"https:\/\/bisbalpenedes.com\/web\/wp-json\/wp\/v2\/comments?post=11994"}],"version-history":[{"count":1,"href":"https:\/\/bisbalpenedes.com\/web\/wp-json\/wp\/v2\/posts\/11994\/revisions"}],"predecessor-version":[{"id":11996,"href":"https:\/\/bisbalpenedes.com\/web\/wp-json\/wp\/v2\/posts\/11994\/revisions\/11996"}],"wp:featuredmedia":[{"embeddable":true,"href":"https:\/\/bisbalpenedes.com\/web\/wp-json\/wp\/v2\/media\/11995"}],"wp:attachment":[{"href":"https:\/\/bisbalpenedes.com\/web\/wp-json\/wp\/v2\/media?parent=11994"}],"wp:term":[{"taxonomy":"category","embeddable":true,"href":"https:\/\/bisbalpenedes.com\/web\/wp-json\/wp\/v2\/categories?post=11994"},{"taxonomy":"post_tag","embeddable":true,"href":"https:\/\/bisbalpenedes.com\/web\/wp-json\/wp\/v2\/tags?post=11994"}],"curies":[{"name":"wp","href":"https:\/\/api.w.org\/{rel}","templated":true}]}}