{"id":11989,"date":"2020-02-18T15:31:08","date_gmt":"2020-02-18T14:31:08","guid":{"rendered":"http:\/\/bisbalpenedes.com\/web\/?p=11989"},"modified":"2020-02-18T15:38:35","modified_gmt":"2020-02-18T14:38:35","slug":"el-projecte-integrals-sha-reunit-amb-adecco-aquest-dilluns-per-fer-balanc-de-les-accions-realitzades","status":"publish","type":"post","link":"https:\/\/bisbalpenedes.com\/web\/2020\/02\/18\/el-projecte-integrals-sha-reunit-amb-adecco-aquest-dilluns-per-fer-balanc-de-les-accions-realitzades\/","title":{"rendered":"El projecte Integra&#8217;ls s&#8217;ha reunit amb Adecco &#8211; aquest dilluns- per fer balan\u00e7 de les accions realitzades"},"content":{"rendered":"<p style=\"text-align: center;\"><a href=\"http:\/\/bisbalpenedes.com\/web\/wp-content\/uploads\/2020\/02\/INTEGRALS-200218.jpg\"><img loading=\"lazy\" class=\"alignnone size-large wp-image-11990\" src=\"http:\/\/bisbalpenedes.com\/web\/wp-content\/uploads\/2020\/02\/INTEGRALS-200218-1024x768.jpg\" alt=\"INTEGRALS 200218\" width=\"630\" height=\"473\" srcset=\"https:\/\/bisbalpenedes.com\/web\/wp-content\/uploads\/2020\/02\/INTEGRALS-200218-1024x768.jpg 1024w, https:\/\/bisbalpenedes.com\/web\/wp-content\/uploads\/2020\/02\/INTEGRALS-200218-600x450.jpg 600w, https:\/\/bisbalpenedes.com\/web\/wp-content\/uploads\/2020\/02\/INTEGRALS-200218-300x225.jpg 300w, https:\/\/bisbalpenedes.com\/web\/wp-content\/uploads\/2020\/02\/INTEGRALS-200218-768x576.jpg 768w\" sizes=\"(max-width: 630px) 100vw, 630px\" \/><\/a><\/p>\n<p style=\"text-align: justify;\"><span style=\"color: #000000;\">L\u2019Ajuntament de la Bisbal del Pened\u00e8s i la Fundaci\u00f3 Santa Teresa s\u2019han reunit, aquest dilluns 17 de febrer, amb Adecco. La reuni\u00f3 s\u2019ha dut a terme en el marc del projecte Integra\u2019ls, ja que els impulsors de la iniciativa es reuneixen, peri\u00f2dicament, per valorar la feina feta i els objectius assolits i per programar futures accions. La reuni\u00f3 d\u2019aquest dilluns s\u2019ha dut a terme amb Adecco i s\u2019ha fet valoraci\u00f3 de la seva col\u00b7laboraci\u00f3 en el projecte Integra\u2019ls en els \u00e0mbits de la formaci\u00f3, les c\u00e0psules formatives i les insercions.<\/span><\/p>\n<p style=\"text-align: justify;\"><span style=\"color: #000000;\">La reuni\u00f3 ha comptat amb la pres\u00e8ncia del cap de producci\u00f3 de la Fundaci\u00f3 Santa Teresa, Josep Gilabert; la directora de zona d\u2019Adecco, Pilar Joc\u00e9; la directora de la delegaci\u00f3 del Vendrell d\u2019Adecco, Susana Mu\u00f1iz; la t\u00e8cnica del SOM Bisbal, Arantzazu Longares; i l\u2019alcaldessa i responsable de l\u2019\u00e0rea d\u2019Ocupaci\u00f3, Agn\u00e8s Ferr\u00e9.<\/span><\/p>\n<p style=\"text-align: justify;\"><span style=\"color: #000000;\">Properament se celebrar\u00e0 una nova reuni\u00f3, en aquest cas amb la Federaci\u00f3 Empresarial del Gran Pened\u00e8s (FEGP) i la Cambra de Comer\u00e7 de Tarragona.<\/span><\/p>\n<hr \/>\n<p style=\"text-align: justify;\"><span style=\"color: #000000;\"><strong>CASTELLANO |<\/strong> El Ayuntamiento de la Bisbal del Pened\u00e8s iyla Fundaci\u00f3 Santa Teresa se han reunido, este lunes 17 de febrero, con Adecco. La reuni\u00f3n se ha llevado a cabo en el marco del proyecto Integra\u2019ls, ya que los impulsores de la iniciativa se re\u00fanen, peri\u00f3dicamente, para valorar el trabajo realizado y los objetivos alcanzados y para programar futuras acciones. La reuni\u00f3n de este lunes se ha llevado a cabo con Adecco y se ha hecho valoraci\u00f3n de su colaboraci\u00f3n en el proyecto Integra\u2019ls en los \u00e1mbitos de la formaci\u00f3n, las c\u00e1psulas formativas y las inserciones.<\/span><\/p>\n<p style=\"text-align: justify;\"><span style=\"color: #000000;\">La reuni\u00f3n ha contado con la presencia del jefe de producci\u00f3n de la Fundaci\u00f3n Santa Teresa, Josep Gilabert; la directora de zona de Adecco, Pilar Joc\u00e9; la directora de la delegaci\u00f3n del Vendrell de Adecco, Susana Mu\u00f1iz; la t\u00e9cnica del SOM Bisbal, Arantzazu Longares; y la alcaldesa y responsable del \u00e1rea de Ocupaci\u00f3n, Agn\u00e8s Ferr\u00e9.<\/span><\/p>\n<p style=\"text-align: justify;\"><span style=\"color: #000000;\">Pr\u00f3ximamente se celebrar\u00e1 una nueva reuni\u00f3n, en este caso con la Federaci\u00f3n Empresarial del Gran Pened\u00e8s (FEGP) y la C\u00e1mara de Comercio de Tarragona.<\/span><\/p>\n","protected":false},"excerpt":{"rendered":"<p>L\u2019Ajuntament de la Bisbal del Pened\u00e8s i la Fundaci\u00f3 Santa Teresa s\u2019han reunit, aquest dilluns 17 de febrer, amb Adecco. La reuni\u00f3 s\u2019ha dut a terme en el marc del &hellip; <a href=\"https:\/\/bisbalpenedes.com\/web\/2020\/02\/18\/el-projecte-integrals-sha-reunit-amb-adecco-aquest-dilluns-per-fer-balanc-de-les-accions-realitzades\/\" class=\"more-link\">Read More<\/a><\/p>\n","protected":false},"author":4,"featured_media":11990,"comment_status":"closed","ping_status":"closed","sticky":false,"template":"","format":"standard","meta":[],"categories":[9],"tags":[3526,3527,1251,1327,41,1861,2616,10,397,271,43],"_links":{"self":[{"href":"https:\/\/bisbalpenedes.com\/web\/wp-json\/wp\/v2\/posts\/11989"}],"collection":[{"href":"https:\/\/bisbalpenedes.com\/web\/wp-json\/wp\/v2\/posts"}],"about":[{"href":"https:\/\/bisbalpenedes.com\/web\/wp-json\/wp\/v2\/types\/post"}],"author":[{"embeddable":true,"href":"https:\/\/bisbalpenedes.com\/web\/wp-json\/wp\/v2\/users\/4"}],"replies":[{"embeddable":true,"href":"https:\/\/bisbalpenedes.com\/web\/wp-json\/wp\/v2\/comments?post=11989"}],"version-history":[{"count":2,"href":"https:\/\/bisbalpenedes.com\/web\/wp-json\/wp\/v2\/posts\/11989\/revisions"}],"predecessor-version":[{"id":11992,"href":"https:\/\/bisbalpenedes.com\/web\/wp-json\/wp\/v2\/posts\/11989\/revisions\/11992"}],"wp:featuredmedia":[{"embeddable":true,"href":"https:\/\/bisbalpenedes.com\/web\/wp-json\/wp\/v2\/media\/11990"}],"wp:attachment":[{"href":"https:\/\/bisbalpenedes.com\/web\/wp-json\/wp\/v2\/media?parent=11989"}],"wp:term":[{"taxonomy":"category","embeddable":true,"href":"https:\/\/bisbalpenedes.com\/web\/wp-json\/wp\/v2\/categories?post=11989"},{"taxonomy":"post_tag","embeddable":true,"href":"https:\/\/bisbalpenedes.com\/web\/wp-json\/wp\/v2\/tags?post=11989"}],"curies":[{"name":"wp","href":"https:\/\/api.w.org\/{rel}","templated":true}]}}